{"id":33857,"date":"2024-10-15T10:47:22","date_gmt":"2024-10-15T09:47:22","guid":{"rendered":"https:\/\/www.granadablogs.com\/pateandoelmundo\/?p=33857"},"modified":"2024-10-15T10:47:23","modified_gmt":"2024-10-15T09:47:23","slug":"la-hora-del-lobo","status":"publish","type":"post","link":"https:\/\/www.granadablogs.com\/pateandoelmundo\/la-hora-del-lobo\/","title":{"rendered":"La hora del lobo"},"content":{"rendered":"<p>Me encanta salir de viaje y leer libros cuya acci\u00f3n transcurre por los territorios que voy visitando. De esa forma, realidad y ficci\u00f3n se dan la mano y se retroalimentan, paisaj\u00edstica y vivencialmente. Me ha pasado leyendo \u2018La hora del lobo\u2019, la novela m\u00e1s reciente de Toni Hill, publicada por Grijalbo, su editorial de cabecera; mientras andaba por los Pirineos.<span class=\"Apple-converted-space\">\u00a0<\/span><\/p>\n<p><a href=\"https:\/\/www.granadablogs.com\/pateandoelmundo\/la-hora-del-lobo\/la-hora-del-lobo-pirineos\/\" rel=\"attachment wp-att-33858\"><img loading=\"lazy\" decoding=\"async\" class=\"aligncenter size-medium wp-image-33858\" src=\"https:\/\/www.granadablogs.com\/pateandoelmundo\/wp-content\/uploads\/2024\/10\/La-hora-del-lobo-Pirineos-222x300.jpg\" alt=\"\" width=\"222\" height=\"300\" srcset=\"https:\/\/www.granadablogs.com\/pateandoelmundo\/wp-content\/uploads\/2024\/10\/La-hora-del-lobo-Pirineos-222x300.jpg 222w, https:\/\/www.granadablogs.com\/pateandoelmundo\/wp-content\/uploads\/2024\/10\/La-hora-del-lobo-Pirineos-644x872.jpg 644w, https:\/\/www.granadablogs.com\/pateandoelmundo\/wp-content\/uploads\/2024\/10\/La-hora-del-lobo-Pirineos-768x1039.jpg 768w, https:\/\/www.granadablogs.com\/pateandoelmundo\/wp-content\/uploads\/2024\/10\/La-hora-del-lobo-Pirineos-1135x1536.jpg 1135w, https:\/\/www.granadablogs.com\/pateandoelmundo\/wp-content\/uploads\/2024\/10\/La-hora-del-lobo-Pirineos.jpg 1488w\" sizes=\"auto, (max-width: 222px) 100vw, 222px\" \/><\/a><\/p>\n<p>\u201cEl valle de Bo\u00ed es un municipio de la comarca de la Alta Ribagor\u00e7a, en el Pirineo catal\u00e1n, compuesto por ocho peque\u00f1os n\u00facleos de poblaci\u00f3n (Coll, Cardet, Barruera, Durro, Erill la Vall, Bo\u00ed, Ta\u00fcll y Pla de l\u2019Ermita). Adem\u00e1s de sus espl\u00e9ndidos paisajes, entre los que se encuentra el parque nacional de Aig\u00fcestortes y el hermoso lago de Sant Maurici, el valle es famoso por sus iglesias, testimonio del periodo rom\u00e1nico en Catalu\u00f1a\u201d. Con esta nota del autor se abre una novela estupenda, como es marca de la casa en un Toni Hill que no deja de sorprendernos y atraparnos con sus tramas, escenarios y personajes; con el ritmo de su prosa y sus quiebros argumentales.<span class=\"Apple-converted-space\">\u00a0<\/span><\/p>\n<p>En realidad, yo estaba en Villan\u00faa, en el Pirineo aragon\u00e9s, pero levantaba la vista del libro, ve\u00eda aquellas cumbres, bosques, riscos y quebradas y me sent\u00eda en el escenario mismo de una novela que combina los paisajes monta\u00f1osos con los urbanos, que Barcelona tambi\u00e9n ocupa parte de la narraci\u00f3n. Pero \u2018La hora del lobo\u2019 es esencialmente rural. Y los espacios abiertos le confieren una magia muy especial a la trama. Magia negra, claro.<span class=\"Apple-converted-space\">\u00a0<\/span><\/p>\n<p><a href=\"https:\/\/www.granadablogs.com\/pateandoelmundo\/la-hora-del-lobo\/la-hora-del-lobo\/\" rel=\"attachment wp-att-33859\"><img loading=\"lazy\" decoding=\"async\" class=\"aligncenter size-medium wp-image-33859\" src=\"https:\/\/www.granadablogs.com\/pateandoelmundo\/wp-content\/uploads\/2024\/10\/La-hora-del-lobo-205x300.jpeg\" alt=\"\" width=\"205\" height=\"300\" srcset=\"https:\/\/www.granadablogs.com\/pateandoelmundo\/wp-content\/uploads\/2024\/10\/La-hora-del-lobo-205x300.jpeg 205w, https:\/\/www.granadablogs.com\/pateandoelmundo\/wp-content\/uploads\/2024\/10\/La-hora-del-lobo-644x942.jpeg 644w, https:\/\/www.granadablogs.com\/pateandoelmundo\/wp-content\/uploads\/2024\/10\/La-hora-del-lobo.jpeg 684w\" sizes=\"auto, (max-width: 205px) 100vw, 205px\" \/><\/a><\/p>\n<p>La novela cuenta la historia de una desaparici\u00f3n. Y de una b\u00fasqueda, por tanto. El desaparecido es Daniel, un ni\u00f1o que se volatiliz\u00f3 en el mismo momento en que su madre fue estrangulada en la casa donde viv\u00edan, situada en una peque\u00f1a localidad pirenaica donde todo el mundo se conoce, se saluda y\u2026 bueno\u2026 lo t\u00edpico de los pueblos chicos.<\/p>\n<p>Siete a\u00f1os despu\u00e9s, la familia contrata a la psic\u00f3loga experta en criminolog\u00eda Lena Mayoral para que trate de aportar luz al misterio, dado que ni las fuerzas del orden ni un detective privado han tenido \u00e9xito alguno en la empresa. \u00bfLena Mayoral? Es posible que, si es usted lector de Toni Hill, le suene ese nombre. Y los de David Jarque y Charles Bodman. \u00bfA que s\u00ed?<\/p>\n<p><a href=\"https:\/\/www.granadablogs.com\/pateandoelmundo\/la-hora-del-lobo\/toni-hill-3\/\" rel=\"attachment wp-att-33860\"><img loading=\"lazy\" decoding=\"async\" class=\"aligncenter size-medium wp-image-33860\" src=\"https:\/\/www.granadablogs.com\/pateandoelmundo\/wp-content\/uploads\/2024\/10\/Toni-Hill-300x169.jpeg\" alt=\"\" width=\"300\" height=\"169\" srcset=\"https:\/\/www.granadablogs.com\/pateandoelmundo\/wp-content\/uploads\/2024\/10\/Toni-Hill-300x169.jpeg 300w, https:\/\/www.granadablogs.com\/pateandoelmundo\/wp-content\/uploads\/2024\/10\/Toni-Hill-644x362.jpeg 644w, https:\/\/www.granadablogs.com\/pateandoelmundo\/wp-content\/uploads\/2024\/10\/Toni-Hill-768x432.jpeg 768w, https:\/\/www.granadablogs.com\/pateandoelmundo\/wp-content\/uploads\/2024\/10\/Toni-Hill.jpeg 1280w\" sizes=\"auto, (max-width: 300px) 100vw, 300px\" \/><\/a><\/p>\n<p>Efectivamente, \u2018La hora del lobo\u2019 convoca a algunos de los personajes de \u2018El \u00faltimo verdugo\u2019, la novela anterior del autor, de la que escrib\u00ed <a href=\"https:\/\/www.granadablogs.com\/pateandoelmundo\/toni-hill-el-noir-espanol-mas-contemporaneo\/\" target=\"_blank\" rel=\"noopener\">AQU\u00cd <\/a>De ah\u00ed que no les cuente mucho m\u00e1s de la trama, que el riesgo de spoiler, en este caso, afecta a dos historias. Y los thrillers de Toni Hill son tan explosivos y tienen giros dram\u00e1ticos tan espectaculares que ser\u00eda una pena, casi una indecencia, arruinarles el placer de una lectura que siempre resulta adictiva, intensiva y compulsiva.<\/p>\n<p>Tras sus tramas urbanas, despu\u00e9s de aquella novela radicada en un barrio residencial de Barcelona al estilo de la Wisteria Lane de \u2018Mujeres desesperadas\u2019, la fascinante \u2018El oscuro adi\u00f3s de Teresa Lanza\u2019; Toni Hill se muda al campo m\u00e1s agreste y descarnado. A la pura monta\u00f1a en la que todo puede pasar. <span class=\"Apple-converted-space\">\u00a0<\/span><\/p>\n<p><a href=\"https:\/\/www.granadablogs.com\/pateandoelmundo\/la-hora-del-lobo\/el-ultimo-verdugo\/\" rel=\"attachment wp-att-33861\"><img loading=\"lazy\" decoding=\"async\" class=\"aligncenter size-medium wp-image-33861\" src=\"https:\/\/www.granadablogs.com\/pateandoelmundo\/wp-content\/uploads\/2024\/10\/El-ultimo-verdugo-198x300.jpeg\" alt=\"\" width=\"198\" height=\"300\" srcset=\"https:\/\/www.granadablogs.com\/pateandoelmundo\/wp-content\/uploads\/2024\/10\/El-ultimo-verdugo-198x300.jpeg 198w, https:\/\/www.granadablogs.com\/pateandoelmundo\/wp-content\/uploads\/2024\/10\/El-ultimo-verdugo-644x977.jpeg 644w, https:\/\/www.granadablogs.com\/pateandoelmundo\/wp-content\/uploads\/2024\/10\/El-ultimo-verdugo.jpeg 659w\" sizes=\"auto, (max-width: 198px) 100vw, 198px\" \/><\/a><\/p>\n<p>\u201cLa hora del lobo es el momento entre la noche y la aurora, cuando la mayor\u00eda de la gente muere, cuando el sue\u00f1o es m\u00e1s profundo y las pesadillas son m\u00e1s reales, cuando los insomnes se ven acosados por sus mayores temores, cuando los fantasmas y los demonios son m\u00e1s poderosos\u201d. Esta cita de Ingmar Bergman con la que Toni Hill abre su novela nos sirve como invitaci\u00f3n a descubrir lo mucho, denso e intenso que se cuece en el Pirineo, incluyendo sesiones de ouija, cultos, escaladas, pandillas de adolescentes, malos sue\u00f1os y peores rollos. Dense una vuelta por all\u00ed. No se arrepentir\u00e1n.<span class=\"Apple-converted-space\">\u00a0<\/span><\/p>\n<p>Jes\u00fas Lens<\/p>\n<p><a href=\"https:\/\/x.com\/Jesus_Lens\" target=\"_blank\" rel=\"noopener\"><img loading=\"lazy\" decoding=\"async\" class=\"size-full wp-image-33309 alignleft\" src=\"https:\/\/www.granadablogs.com\/pateandoelmundo\/wp-content\/uploads\/2023\/10\/00000-Twitter.jpeg\" alt=\"\" width=\"196\" height=\"47\" \/><\/a><\/p>\n<p><span class=\"Apple-converted-space\">\u00a0<\/span><\/p>\n","protected":false},"excerpt":{"rendered":"<p>Me encanta salir de viaje y leer libros cuya acci\u00f3n transcurre por los territorios que voy visitando. De esa forma, realidad y ficci\u00f3n se dan la mano y se retroalimentan, paisaj\u00edstica y vivencialmente. Me ha pasado leyendo \u2018La hora del lobo\u2019, la novela m\u00e1s reciente de Toni Hill, publicada por Grijalbo, su editorial de cabecera; [&hellip;]<\/p>\n","protected":false},"author":1,"featured_media":0,"comment_status":"open","ping_status":"open","sticky":false,"template":"","format":"standard","meta":{"jetpack_post_was_ever_published":false,"_jetpack_newsletter_access":"","_jetpack_dont_email_post_to_subs":false,"_jetpack_newsletter_tier_id":0,"_jetpack_memberships_contains_paywalled_content":false,"_jetpack_memberships_contains_paid_content":false,"footnotes":""},"categories":[11144,11774],"tags":[468,21939,13073],"class_list":["post-33857","post","type-post","status-publish","format-standard","hentry","category-granada-noir","category-rincon-oscuro","tag-grijalbo","tag-la-hora-del-lobo","tag-toni-hill"],"jetpack_featured_media_url":"","jetpack_sharing_enabled":true,"_links":{"self":[{"href":"https:\/\/www.granadablogs.com\/pateandoelmundo\/wp-json\/wp\/v2\/posts\/33857","targetHints":{"allow":["GET"]}}],"collection":[{"href":"https:\/\/www.granadablogs.com\/pateandoelmundo\/wp-json\/wp\/v2\/posts"}],"about":[{"href":"https:\/\/www.granadablogs.com\/pateandoelmundo\/wp-json\/wp\/v2\/types\/post"}],"author":[{"embeddable":true,"href":"https:\/\/www.granadablogs.com\/pateandoelmundo\/wp-json\/wp\/v2\/users\/1"}],"replies":[{"embeddable":true,"href":"https:\/\/www.granadablogs.com\/pateandoelmundo\/wp-json\/wp\/v2\/comments?post=33857"}],"version-history":[{"count":2,"href":"https:\/\/www.granadablogs.com\/pateandoelmundo\/wp-json\/wp\/v2\/posts\/33857\/revisions"}],"predecessor-version":[{"id":33863,"href":"https:\/\/www.granadablogs.com\/pateandoelmundo\/wp-json\/wp\/v2\/posts\/33857\/revisions\/33863"}],"wp:attachment":[{"href":"https:\/\/www.granadablogs.com\/pateandoelmundo\/wp-json\/wp\/v2\/media?parent=33857"}],"wp:term":[{"taxonomy":"category","embeddable":true,"href":"https:\/\/www.granadablogs.com\/pateandoelmundo\/wp-json\/wp\/v2\/categories?post=33857"},{"taxonomy":"post_tag","embeddable":true,"href":"https:\/\/www.granadablogs.com\/pateandoelmundo\/wp-json\/wp\/v2\/tags?post=33857"}],"curies":[{"name":"wp","href":"https:\/\/api.w.org\/{rel}","templated":true}]}}