{"id":33850,"date":"2024-10-07T18:38:54","date_gmt":"2024-10-07T17:38:54","guid":{"rendered":"https:\/\/www.granadablogs.com\/pateandoelmundo\/?p=33850"},"modified":"2024-10-07T18:38:54","modified_gmt":"2024-10-07T17:38:54","slug":"que-haces-aqui-que-no-estas-leyendo","status":"publish","type":"post","link":"https:\/\/www.granadablogs.com\/pateandoelmundo\/que-haces-aqui-que-no-estas-leyendo\/","title":{"rendered":"\u00bfQu\u00e9 haces aqu\u00ed que no est\u00e1s leyendo?"},"content":{"rendered":"<p>A la chavaler\u00eda de Puri le est\u00e1 gustando. Mucho. Le est\u00e1 encantando. \u201cMaestra, es posiblemente la mejor novela que hemos le\u00eddo aqu\u00ed\u201d, le dicen algunas voces en el patio o en la biblioteca. Puri es Puri Manzano, profesora de ingl\u00e9s en el IES Veleta de Granada. Pero m\u00e1s all\u00e1 de su labor puramente docente, su empe\u00f1o personal es conseguir que \u2018sus ni\u00f1os\u2019 lean. Y que disfruten de la lectura. Justo lo que est\u00e1 ocurriendo con \u2018La noche de arena\u2019, la magn\u00edfica \u00f3pera prima de Trif\u00f3n Abad publicada por Grijalbo.<span class=\"Apple-converted-space\">\u00a0<\/span><\/p>\n<p><a href=\"https:\/\/www.granadablogs.com\/pateandoelmundo\/que-haces-aqui-que-no-estas-leyendo\/la-noche-de-arena\/\" rel=\"attachment wp-att-33851\"><img loading=\"lazy\" decoding=\"async\" class=\"aligncenter size-medium wp-image-33851\" src=\"https:\/\/www.granadablogs.com\/pateandoelmundo\/wp-content\/uploads\/2024\/10\/La-noche-de-arena-197x300.jpeg\" alt=\"\" width=\"197\" height=\"300\" srcset=\"https:\/\/www.granadablogs.com\/pateandoelmundo\/wp-content\/uploads\/2024\/10\/La-noche-de-arena-197x300.jpeg 197w, https:\/\/www.granadablogs.com\/pateandoelmundo\/wp-content\/uploads\/2024\/10\/La-noche-de-arena-644x979.jpeg 644w, https:\/\/www.granadablogs.com\/pateandoelmundo\/wp-content\/uploads\/2024\/10\/La-noche-de-arena.jpeg 658w\" sizes=\"auto, (max-width: 197px) 100vw, 197px\" \/><\/a><\/p>\n<p>Pero lo mejor es que a la propia Puri tambi\u00e9n le est\u00e1 gustando, hasta el punto de que se tiene que retener para no terminarla antes que sus ni\u00f1os, que es una \u2018espoileadora\u2019 de cuidado y hay que temerla. Casi tanto como quererla.<span class=\"Apple-converted-space\">\u00a0<\/span><\/p>\n<p>Puri es de esas voraces lectoras que est\u00e1n en tres o cuatro clubes a la vez y que, cuando se encuentra con otras \u00e1vidas mujeres de su misma especie fuera de una librer\u00eda, las saluda con una frase que ya es leyenda: \u201c\u00bfqu\u00e9 haces aqu\u00ed que no est\u00e1s leyendo?\u201d.<span class=\"Apple-converted-space\">\u00a0<\/span><\/p>\n<p>Me encanta que a Puri y a sus ni\u00f1os les est\u00e9 gustando \u2018La noche de arena\u2019. A m\u00ed me fascin\u00f3 de tal manera que, cuando no iba m\u00e1s que por la mitad, la wuasape\u00e9 de madrugada, desde Uzbekist\u00e1n: \u201c\u00a1Puri, tenemos novela para este a\u00f1o!\u201d. Y es que, de cara a Granada Noir, que celebrar\u00e1 su d\u00e9cima edici\u00f3n entre el 8 y el 17 de noviembre, siempre tratamos de contar con libros que gusten a esa adolescencia que tanto y tan bien lee, por mucho t\u00f3pico que haya al respecto. \u00c9ste es uno de ellos.<span class=\"Apple-converted-space\">\u00a0<\/span><\/p>\n<p><a href=\"https:\/\/www.granadablogs.com\/pateandoelmundo\/que-haces-aqui-que-no-estas-leyendo\/puri-manzano-y-su-chavalaria\/\" rel=\"attachment wp-att-33852\"><img loading=\"lazy\" decoding=\"async\" class=\"aligncenter size-medium wp-image-33852\" src=\"https:\/\/www.granadablogs.com\/pateandoelmundo\/wp-content\/uploads\/2024\/10\/Puri-Manzano-y-su-chavalaria-300x225.jpeg\" alt=\"\" width=\"300\" height=\"225\" srcset=\"https:\/\/www.granadablogs.com\/pateandoelmundo\/wp-content\/uploads\/2024\/10\/Puri-Manzano-y-su-chavalaria-300x225.jpeg 300w, https:\/\/www.granadablogs.com\/pateandoelmundo\/wp-content\/uploads\/2024\/10\/Puri-Manzano-y-su-chavalaria-644x483.jpeg 644w, https:\/\/www.granadablogs.com\/pateandoelmundo\/wp-content\/uploads\/2024\/10\/Puri-Manzano-y-su-chavalaria-768x576.jpeg 768w, https:\/\/www.granadablogs.com\/pateandoelmundo\/wp-content\/uploads\/2024\/10\/Puri-Manzano-y-su-chavalaria-1536x1152.jpeg 1536w, https:\/\/www.granadablogs.com\/pateandoelmundo\/wp-content\/uploads\/2024\/10\/Puri-Manzano-y-su-chavalaria-2048x1536.jpeg 2048w\" sizes=\"auto, (max-width: 300px) 100vw, 300px\" \/><\/a><\/p>\n<p>En primer lugar, porque la acci\u00f3n de \u2018La noche de arena\u2019 transcurre en un pueblo de Murcia tan normal como cualquier otra localidad de nuestro entorno. Ni mejor ni peor. Hay realismo en la novela desde el principio de una narraci\u00f3n \u201cde las que van para adelante y para atr\u00e1s\u201d, como la describ\u00eda uno de los chavales de Puri.<span class=\"Apple-converted-space\">\u00a0<\/span><\/p>\n<p>Efectivamente, Trif\u00f3n Abad cuenta dos historias en paralelo. Una, la de Berta, una joven que sali\u00f3 de fiesta con unos amigos siete a\u00f1os atr\u00e1s y nunca regres\u00f3 a casa. La otra, la de su padre, que malvive en la huerta murciana con la \u00fanica compa\u00f1\u00eda de Wolfe, su perro. Malvive en todos los sentidos de la expresi\u00f3n. Porque era detective privado en su vida anterior y no fue capaz de resolver el caso m\u00e1s importante de su existencia: el de la desaparici\u00f3n de su propia hija. Languidece acosado por los fantasmas del pasado, los recuerdos y la hiel que deja el fracaso.<span class=\"Apple-converted-space\">\u00a0<\/span><\/p>\n<p>La contraportada de la novela nos hace unas preguntas: \u00bfqu\u00e9 le pas\u00f3 a Berta? \u00bfQu\u00e9 secretos escond\u00eda aquella joven rebelde e inconformista? Y, sobre todo, \u00bfqu\u00e9 sucedi\u00f3 en aquel desierto la noche de la rave? Y es que Berta sali\u00f3 de fiesta. Pero de fiesta grande.<span class=\"Apple-converted-space\">\u00a0<\/span><\/p>\n<p>Trif\u00f3n Abad, que es licenciado en Periodismo y en Teor\u00eda de la literatura y Literatura comparada, ejerce como profesor de Lengua y Literatura. De esa manera, su \u00f3pera prima combina una prosa exquisita, s\u00f3lidos personajes, trama adictiva y una estructura narrativa impecable con el conocimiento de primera mano de las situaciones que cuenta.<span class=\"Apple-converted-space\">\u00a0<\/span><\/p>\n<p><a href=\"https:\/\/www.granadablogs.com\/pateandoelmundo\/que-haces-aqui-que-no-estas-leyendo\/trifon-abad\/\" rel=\"attachment wp-att-33853\"><img loading=\"lazy\" decoding=\"async\" class=\"aligncenter size-medium wp-image-33853\" src=\"https:\/\/www.granadablogs.com\/pateandoelmundo\/wp-content\/uploads\/2024\/10\/Trifon-Abad-300x300.jpeg\" alt=\"\" width=\"300\" height=\"300\" srcset=\"https:\/\/www.granadablogs.com\/pateandoelmundo\/wp-content\/uploads\/2024\/10\/Trifon-Abad-300x300.jpeg 300w, https:\/\/www.granadablogs.com\/pateandoelmundo\/wp-content\/uploads\/2024\/10\/Trifon-Abad-150x150.jpeg 150w, https:\/\/www.granadablogs.com\/pateandoelmundo\/wp-content\/uploads\/2024\/10\/Trifon-Abad.jpeg 500w\" sizes=\"auto, (max-width: 300px) 100vw, 300px\" \/><\/a><\/p>\n<p>Normal que la chavalada de Puri se identifique con los personajes de \u2018La noche de arena\u2019. Con sus miedos, dudas y zozobras. Con su rebeld\u00eda y hast\u00edo vital. Con sus ilusiones, planes y objetivos. Con sus problemas. Con las relaciones con padres, amigos, vecinos y compa\u00f1eros de instituto. Y con quienes no lo son. Una estupenda novela negra que rezuma realismo y verdad a ultranza.<span class=\"Apple-converted-space\">\u00a0<\/span><\/p>\n<p>Jes\u00fas Lens<\/p>\n<p><a href=\"https:\/\/x.com\/Jesus_Lens\" target=\"_blank\" rel=\"noopener\"><img loading=\"lazy\" decoding=\"async\" class=\"size-full wp-image-33309 alignleft\" src=\"https:\/\/www.granadablogs.com\/pateandoelmundo\/wp-content\/uploads\/2023\/10\/00000-Twitter.jpeg\" alt=\"\" width=\"196\" height=\"47\" \/><\/a><\/p>\n<p>&nbsp;<\/p>\n","protected":false},"excerpt":{"rendered":"<p>A la chavaler\u00eda de Puri le est\u00e1 gustando. Mucho. Le est\u00e1 encantando. \u201cMaestra, es posiblemente la mejor novela que hemos le\u00eddo aqu\u00ed\u201d, le dicen algunas voces en el patio o en la biblioteca. Puri es Puri Manzano, profesora de ingl\u00e9s en el IES Veleta de Granada. Pero m\u00e1s all\u00e1 de su labor puramente docente, su [&hellip;]<\/p>\n","protected":false},"author":1,"featured_media":0,"comment_status":"open","ping_status":"open","sticky":false,"template":"","format":"standard","meta":{"jetpack_post_was_ever_published":false,"_jetpack_newsletter_access":"","_jetpack_dont_email_post_to_subs":false,"_jetpack_newsletter_tier_id":0,"_jetpack_memberships_contains_paywalled_content":false,"_jetpack_memberships_contains_paid_content":false,"footnotes":""},"categories":[11144,11774],"tags":[21936,18580,21938,21937,18227,21935],"class_list":["post-33850","post","type-post","status-publish","format-standard","hentry","category-granada-noir","category-rincon-oscuro","tag-editorial-grijalbo","tag-ies-veleta","tag-la-noche-de-arena","tag-los-ninos-de-puri","tag-puri-manzano","tag-trifon-abad"],"jetpack_featured_media_url":"","jetpack_sharing_enabled":true,"_links":{"self":[{"href":"https:\/\/www.granadablogs.com\/pateandoelmundo\/wp-json\/wp\/v2\/posts\/33850","targetHints":{"allow":["GET"]}}],"collection":[{"href":"https:\/\/www.granadablogs.com\/pateandoelmundo\/wp-json\/wp\/v2\/posts"}],"about":[{"href":"https:\/\/www.granadablogs.com\/pateandoelmundo\/wp-json\/wp\/v2\/types\/post"}],"author":[{"embeddable":true,"href":"https:\/\/www.granadablogs.com\/pateandoelmundo\/wp-json\/wp\/v2\/users\/1"}],"replies":[{"embeddable":true,"href":"https:\/\/www.granadablogs.com\/pateandoelmundo\/wp-json\/wp\/v2\/comments?post=33850"}],"version-history":[{"count":2,"href":"https:\/\/www.granadablogs.com\/pateandoelmundo\/wp-json\/wp\/v2\/posts\/33850\/revisions"}],"predecessor-version":[{"id":33855,"href":"https:\/\/www.granadablogs.com\/pateandoelmundo\/wp-json\/wp\/v2\/posts\/33850\/revisions\/33855"}],"wp:attachment":[{"href":"https:\/\/www.granadablogs.com\/pateandoelmundo\/wp-json\/wp\/v2\/media?parent=33850"}],"wp:term":[{"taxonomy":"category","embeddable":true,"href":"https:\/\/www.granadablogs.com\/pateandoelmundo\/wp-json\/wp\/v2\/categories?post=33850"},{"taxonomy":"post_tag","embeddable":true,"href":"https:\/\/www.granadablogs.com\/pateandoelmundo\/wp-json\/wp\/v2\/tags?post=33850"}],"curies":[{"name":"wp","href":"https:\/\/api.w.org\/{rel}","templated":true}]}}