{"id":33848,"date":"2024-10-02T09:37:25","date_gmt":"2024-10-02T08:37:25","guid":{"rendered":"https:\/\/www.granadablogs.com\/pateandoelmundo\/?p=33848"},"modified":"2024-10-02T09:37:25","modified_gmt":"2024-10-02T08:37:25","slug":"adn-con-historias","status":"publish","type":"post","link":"https:\/\/www.granadablogs.com\/pateandoelmundo\/adn-con-historias\/","title":{"rendered":"ADN con historias"},"content":{"rendered":"<p>Les contaba hace unos d\u00edas que tuvimos una larga conversaci\u00f3n con Patrick Radden Keafe, periodista de investigaci\u00f3n de The New Yorker, en la que sali\u00f3 a relucir eso tan complicado del proceso creativo. El periodista norteamericano no cree en salir a buscar historias. Las historias le llegan a trav\u00e9s de lecturas y conversaciones. De referencias a personajes aparentemente secundarios. De personas que te hablan de otras personas.<span class=\"Apple-converted-space\">\u00a0<\/span><\/p>\n<p><a href=\"https:\/\/www.granadablogs.com\/pateandoelmundo\/cabeza-de-serpiente-y-trafico-de-seres-humanos\/patrick-radden-keefe\/\" rel=\"attachment wp-att-33824\"><img loading=\"lazy\" decoding=\"async\" class=\"aligncenter size-medium wp-image-33824\" src=\"https:\/\/www.granadablogs.com\/pateandoelmundo\/wp-content\/uploads\/2024\/09\/Patrick-Radden-Keefe-300x210.webp\" alt=\"\" width=\"300\" height=\"210\" srcset=\"https:\/\/www.granadablogs.com\/pateandoelmundo\/wp-content\/uploads\/2024\/09\/Patrick-Radden-Keefe-300x210.webp 300w, https:\/\/www.granadablogs.com\/pateandoelmundo\/wp-content\/uploads\/2024\/09\/Patrick-Radden-Keefe-644x451.webp 644w, https:\/\/www.granadablogs.com\/pateandoelmundo\/wp-content\/uploads\/2024\/09\/Patrick-Radden-Keefe-768x538.webp 768w, https:\/\/www.granadablogs.com\/pateandoelmundo\/wp-content\/uploads\/2024\/09\/Patrick-Radden-Keefe.webp 1200w\" sizes=\"auto, (max-width: 300px) 100vw, 300px\" \/><\/a><\/p>\n<p>Sobre todo insisti\u00f3, eso s\u00ed, en la importancia de contarlas bien. \u201cLlevamos en los genes absorber informaci\u00f3n si viene en forma de relatos. Nos gustan los mitos y las leyendas. Soy un gran creyente en el poder de la narraci\u00f3n, en seducirte cont\u00e1ndote una historia. Si la narrativa me seduce, no dudar\u00e9 en acompa\u00f1arte\u201d.<span class=\"Apple-converted-space\">\u00a0<\/span><\/p>\n<p>Eso vale tanto para la ficci\u00f3n como para la no ficci\u00f3n, el g\u00e9nero que trabaja Radden Keafe. Como periodista de investigaci\u00f3n, hay historias para las que necesita un pu\u00f1ado de p\u00e1ginas m\u00e1s o menos largo en The New Yorker y otras que le piden, casi que le exigen y le demandan formatos mucho m\u00e1s extensos. Como su famosa \u2018No digas nada\u2019, sobre los \u2018troubles\u2019 en Irlanda o la reci\u00e9n publicada \u2018Cabeza de serpiente\u2019, ambas publicadas por Reservoir Books. <span class=\"Apple-converted-space\">\u00a0<\/span><\/p>\n<p><a href=\"https:\/\/www.granadablogs.com\/pateandoelmundo\/cabeza-de-serpiente-y-trafico-de-seres-humanos\/cabeza-de-serpiente\/\" rel=\"attachment wp-att-33823\"><img loading=\"lazy\" decoding=\"async\" class=\"aligncenter size-medium wp-image-33823\" src=\"https:\/\/www.granadablogs.com\/pateandoelmundo\/wp-content\/uploads\/2024\/09\/Cabeza-de-serpiente-198x300.jpeg\" alt=\"\" width=\"198\" height=\"300\" srcset=\"https:\/\/www.granadablogs.com\/pateandoelmundo\/wp-content\/uploads\/2024\/09\/Cabeza-de-serpiente-198x300.jpeg 198w, https:\/\/www.granadablogs.com\/pateandoelmundo\/wp-content\/uploads\/2024\/09\/Cabeza-de-serpiente-644x977.jpeg 644w, https:\/\/www.granadablogs.com\/pateandoelmundo\/wp-content\/uploads\/2024\/09\/Cabeza-de-serpiente.jpeg 659w\" sizes=\"auto, (max-width: 198px) 100vw, 198px\" \/><\/a><\/p>\n<p>Su pasi\u00f3n por narrar bien le viene de cr\u00edo. \u201cCrec\u00ed con una madre y un padre que me contaban historias y lo tengo incrustado\u201d. De ah\u00ed que el formato tampoco le importe. Art\u00edculos, libros, podcasts, documentales\u2026 Mientras la historia fluya\u2026<\/p>\n<p>Ahora que tanto hablamos de la IA generativa\u2026 \u00bfc\u00f3mo se las apa\u00f1ar\u00eda para encontrar y contar esas buenas historias de las que habla Patrick? En los bares, como que no\u2026 \u00bfC\u00f3mo detectar que detr\u00e1s de un nombre que aparece en los m\u00e1rgenes de una noticia puede haber escondida una bomba de relojer\u00eda? \u00bfY c\u00f3mo completar\u00eda una investigaci\u00f3n que fuera m\u00e1s all\u00e1 de buscar, copiar y pegar lo que hay en internet? Dando por hecho que sepa discriminar los datos ciertos y los hechos contrastados de la morralla sin fundamento, por supuesto. \u00bfC\u00f3mo se ganar\u00eda la confianza de las fuentes y trabajar\u00eda con ellas?<\/p>\n<figure id=\"attachment_33826\" aria-describedby=\"caption-attachment-33826\" style=\"width: 197px\" class=\"wp-caption aligncenter\"><a href=\"https:\/\/www.granadablogs.com\/pateandoelmundo\/cabeza-de-serpiente-y-trafico-de-seres-humanos\/version-1-0-0-2\/\" rel=\"attachment wp-att-33826\"><img loading=\"lazy\" decoding=\"async\" class=\"size-medium wp-image-33826\" src=\"https:\/\/www.granadablogs.com\/pateandoelmundo\/wp-content\/uploads\/2024\/09\/Patrick-No-digas-nada-197x300.jpeg\" alt=\"\" width=\"197\" height=\"300\" srcset=\"https:\/\/www.granadablogs.com\/pateandoelmundo\/wp-content\/uploads\/2024\/09\/Patrick-No-digas-nada-197x300.jpeg 197w, https:\/\/www.granadablogs.com\/pateandoelmundo\/wp-content\/uploads\/2024\/09\/Patrick-No-digas-nada-644x979.jpeg 644w, https:\/\/www.granadablogs.com\/pateandoelmundo\/wp-content\/uploads\/2024\/09\/Patrick-No-digas-nada-768x1168.jpeg 768w, https:\/\/www.granadablogs.com\/pateandoelmundo\/wp-content\/uploads\/2024\/09\/Patrick-No-digas-nada-1010x1536.jpeg 1010w, https:\/\/www.granadablogs.com\/pateandoelmundo\/wp-content\/uploads\/2024\/09\/Patrick-No-digas-nada-1347x2048.jpeg 1347w, https:\/\/www.granadablogs.com\/pateandoelmundo\/wp-content\/uploads\/2024\/09\/Patrick-No-digas-nada.jpeg 1684w\" sizes=\"auto, (max-width: 197px) 100vw, 197px\" \/><\/a><figcaption id=\"caption-attachment-33826\" class=\"wp-caption-text\">Version 1.0.0<\/figcaption><\/figure>\n<p>Pienso que, cuanta m\u00e1s confusi\u00f3n, ruido y furia hay ah\u00ed fuera, m\u00e1s importante que nunca ser\u00e1 contar con buenos buscadores, elaboradores y contadores de historias. Y, de momento, el factor humano seguir\u00e1 desempe\u00f1ando un papel esencial en todo ello.<\/p>\n<p>Jes\u00fas Lens<\/p>\n<p><a href=\"https:\/\/x.com\/Jesus_Lens\" target=\"_blank\" rel=\"noopener\"><img loading=\"lazy\" decoding=\"async\" class=\"size-full wp-image-33309 alignleft\" src=\"https:\/\/www.granadablogs.com\/pateandoelmundo\/wp-content\/uploads\/2023\/10\/00000-Twitter.jpeg\" alt=\"\" width=\"196\" height=\"47\" \/><\/a><\/p>\n","protected":false},"excerpt":{"rendered":"<p>Les contaba hace unos d\u00edas que tuvimos una larga conversaci\u00f3n con Patrick Radden Keafe, periodista de investigaci\u00f3n de The New Yorker, en la que sali\u00f3 a relucir eso tan complicado del proceso creativo. El periodista norteamericano no cree en salir a buscar historias. Las historias le llegan a trav\u00e9s de lecturas y conversaciones. De referencias [&hellip;]<\/p>\n","protected":false},"author":1,"featured_media":0,"comment_status":"open","ping_status":"open","sticky":false,"template":"","format":"standard","meta":{"jetpack_post_was_ever_published":false,"_jetpack_newsletter_access":"","_jetpack_dont_email_post_to_subs":false,"_jetpack_newsletter_tier_id":0,"_jetpack_memberships_contains_paywalled_content":false,"_jetpack_memberships_contains_paid_content":false,"footnotes":""},"categories":[],"tags":[21162,10038,21934,21542,20936],"class_list":["post-33848","post","type-post","status-publish","format-standard","hentry","tag-contar-historias","tag-inteligencia-artificial","tag-inteligencia-artificial-generativa","tag-patrick-radden-keefe","tag-reservoir-books"],"jetpack_featured_media_url":"","jetpack_sharing_enabled":true,"_links":{"self":[{"href":"https:\/\/www.granadablogs.com\/pateandoelmundo\/wp-json\/wp\/v2\/posts\/33848","targetHints":{"allow":["GET"]}}],"collection":[{"href":"https:\/\/www.granadablogs.com\/pateandoelmundo\/wp-json\/wp\/v2\/posts"}],"about":[{"href":"https:\/\/www.granadablogs.com\/pateandoelmundo\/wp-json\/wp\/v2\/types\/post"}],"author":[{"embeddable":true,"href":"https:\/\/www.granadablogs.com\/pateandoelmundo\/wp-json\/wp\/v2\/users\/1"}],"replies":[{"embeddable":true,"href":"https:\/\/www.granadablogs.com\/pateandoelmundo\/wp-json\/wp\/v2\/comments?post=33848"}],"version-history":[{"count":1,"href":"https:\/\/www.granadablogs.com\/pateandoelmundo\/wp-json\/wp\/v2\/posts\/33848\/revisions"}],"predecessor-version":[{"id":33849,"href":"https:\/\/www.granadablogs.com\/pateandoelmundo\/wp-json\/wp\/v2\/posts\/33848\/revisions\/33849"}],"wp:attachment":[{"href":"https:\/\/www.granadablogs.com\/pateandoelmundo\/wp-json\/wp\/v2\/media?parent=33848"}],"wp:term":[{"taxonomy":"category","embeddable":true,"href":"https:\/\/www.granadablogs.com\/pateandoelmundo\/wp-json\/wp\/v2\/categories?post=33848"},{"taxonomy":"post_tag","embeddable":true,"href":"https:\/\/www.granadablogs.com\/pateandoelmundo\/wp-json\/wp\/v2\/tags?post=33848"}],"curies":[{"name":"wp","href":"https:\/\/api.w.org\/{rel}","templated":true}]}}