{"id":33689,"date":"2024-06-10T11:26:55","date_gmt":"2024-06-10T10:26:55","guid":{"rendered":"https:\/\/www.granadablogs.com\/pateandoelmundo\/?p=33689"},"modified":"2024-06-10T11:26:55","modified_gmt":"2024-06-10T10:26:55","slug":"una-semana-muy-energetica","status":"publish","type":"post","link":"https:\/\/www.granadablogs.com\/pateandoelmundo\/una-semana-muy-energetica\/","title":{"rendered":"Una semana muy energ\u00e9tica"},"content":{"rendered":"<p>Balance de una semana movida y agitada en la que el concierto-fiesta de cumplea\u00f1os de Miguel R\u00edos supuso un viaje musical en el tiempo por la historia del mejor rock granadino. Tambi\u00e9n incluy\u00f3 parada en el Teatro del Generalife para disfrutar de \u2018Reyerta\u2019, un valiente proyecto de aliento lorquiano de largo recorrido, ampl\u00edsimas posibilidades y brillante futuro.<span class=\"Apple-converted-space\">\u00a0<\/span><\/p>\n<p><a href=\"https:\/\/www.granadablogs.com\/pateandoelmundo\/una-semana-muy-energetica\/miguel-rios-eric-jimenez\/\" rel=\"attachment wp-att-33690\"><img loading=\"lazy\" decoding=\"async\" class=\"aligncenter size-medium wp-image-33690\" src=\"https:\/\/www.granadablogs.com\/pateandoelmundo\/wp-content\/uploads\/2024\/06\/Miguel-Rios-Eric-Jimenez-300x200.jpeg\" alt=\"\" width=\"300\" height=\"200\" srcset=\"https:\/\/www.granadablogs.com\/pateandoelmundo\/wp-content\/uploads\/2024\/06\/Miguel-Rios-Eric-Jimenez-300x200.jpeg 300w, https:\/\/www.granadablogs.com\/pateandoelmundo\/wp-content\/uploads\/2024\/06\/Miguel-Rios-Eric-Jimenez-644x429.jpeg 644w, https:\/\/www.granadablogs.com\/pateandoelmundo\/wp-content\/uploads\/2024\/06\/Miguel-Rios-Eric-Jimenez-768x512.jpeg 768w, https:\/\/www.granadablogs.com\/pateandoelmundo\/wp-content\/uploads\/2024\/06\/Miguel-Rios-Eric-Jimenez-1536x1024.jpeg 1536w, https:\/\/www.granadablogs.com\/pateandoelmundo\/wp-content\/uploads\/2024\/06\/Miguel-Rios-Eric-Jimenez.jpeg 2048w\" sizes=\"auto, (max-width: 300px) 100vw, 300px\" \/><\/a><\/p>\n<p>Les tengo que hablar del m\u00fasico Dar\u00edo Tamayo, que se me quedaron cosas que contar de la conversaci\u00f3n en La Brujidera, y de un lugar m\u00e1gico y enigm\u00e1tico, siempre sorprendente y cargado de posibilidades: el carmen de la Fundaci\u00f3n Rodr\u00edguez Acosta.<span class=\"Apple-converted-space\">\u00a0<\/span><\/p>\n<p><a href=\"https:\/\/www.granadablogs.com\/pateandoelmundo\/una-semana-muy-energetica\/reyerta\/\" rel=\"attachment wp-att-33691\"><img loading=\"lazy\" decoding=\"async\" class=\"aligncenter size-medium wp-image-33691\" src=\"https:\/\/www.granadablogs.com\/pateandoelmundo\/wp-content\/uploads\/2024\/06\/Reyerta-300x210.jpeg\" alt=\"\" width=\"300\" height=\"210\" srcset=\"https:\/\/www.granadablogs.com\/pateandoelmundo\/wp-content\/uploads\/2024\/06\/Reyerta-300x210.jpeg 300w, https:\/\/www.granadablogs.com\/pateandoelmundo\/wp-content\/uploads\/2024\/06\/Reyerta-644x450.jpeg 644w, https:\/\/www.granadablogs.com\/pateandoelmundo\/wp-content\/uploads\/2024\/06\/Reyerta.jpeg 650w\" sizes=\"auto, (max-width: 300px) 100vw, 300px\" \/><\/a><\/p>\n<p>Una semana muy literaria, como no puede ser de otra manera en Granada, entre nuestro club de lectura negro-criminal, una conversaci\u00f3n a pecho descubierto sobre la revoluci\u00f3n del leer y la firma, que veinte a\u00f1os no es nada, del acuerdo final sobre el legado lorquiano, tema sobre el que tambi\u00e9n me gustar\u00eda volver.<span class=\"Apple-converted-space\">\u00a0<\/span><\/p>\n<p>Pero hoy es un d\u00eda entregado al c\u00f3mic, que la Alianza Francesa de Granada, con la colaboraci\u00f3n del festival Gravite, inaugura una espectacular exposici\u00f3n en la Biblioteca de Andaluc\u00eda sobre la obra \u2018El mundo sin fin\u2019, publicada en Espa\u00f1a por Norma Editorial y de la que ya les habl\u00e9 meses.<span class=\"Apple-converted-space\">\u00a0<\/span><\/p>\n<p><a href=\"https:\/\/www.granadablogs.com\/pateandoelmundo\/una-semana-muy-energetica\/el-mundo-sin-fin-comic-2\/\" rel=\"attachment wp-att-33692\"><img loading=\"lazy\" decoding=\"async\" class=\"aligncenter size-full wp-image-33692\" src=\"https:\/\/www.granadablogs.com\/pateandoelmundo\/wp-content\/uploads\/2024\/06\/El-mundo-sin-fin-comic.jpeg\" alt=\"\" width=\"204\" height=\"247\" \/><\/a><\/p>\n<p>\u201cUna vez m\u00e1s, un c\u00f3mic me pone a cavilar. En este caso, \u2018El mundo sin fin\u2019, en el que el talento visual de Christophe Blain se combina con las tesis cient\u00edficas del experto climat\u00f3logo Jean-Marc Jancovici\u201d, les contaba entonces. (<a href=\"https:\/\/www.granadablogs.com\/pateandoelmundo\/tag\/cambio-climatico\/\" target=\"_blank\" rel=\"noopener\">AQU\u00cd<\/a> se puede leer).<span class=\"Apple-converted-space\">\u00a0<\/span><\/p>\n<p>Jancovici defiende que el despegue econ\u00f3mico va ligado al uso de la energ\u00eda, con las desigualdades sociales que eso conlleva. Sobre todo porque, cuanto m\u00e1s desarrollo experimenta una comunidad, m\u00e1s energ\u00eda consume, lo que contribuye a ahondar las diferencias entre pa\u00edses ricos y pobres.<span class=\"Apple-converted-space\">\u00a0<\/span><\/p>\n<p><a href=\"https:\/\/www.granadablogs.com\/pateandoelmundo\/una-semana-muy-energetica\/el-mundo-sin-fin\/\" rel=\"attachment wp-att-33693\"><img loading=\"lazy\" decoding=\"async\" class=\"aligncenter size-medium wp-image-33693\" src=\"https:\/\/www.granadablogs.com\/pateandoelmundo\/wp-content\/uploads\/2024\/06\/El-mundo-sin-fin-300x225.jpeg\" alt=\"\" width=\"300\" height=\"225\" srcset=\"https:\/\/www.granadablogs.com\/pateandoelmundo\/wp-content\/uploads\/2024\/06\/El-mundo-sin-fin-300x225.jpeg 300w, https:\/\/www.granadablogs.com\/pateandoelmundo\/wp-content\/uploads\/2024\/06\/El-mundo-sin-fin-644x483.jpeg 644w, https:\/\/www.granadablogs.com\/pateandoelmundo\/wp-content\/uploads\/2024\/06\/El-mundo-sin-fin-768x576.jpeg 768w, https:\/\/www.granadablogs.com\/pateandoelmundo\/wp-content\/uploads\/2024\/06\/El-mundo-sin-fin-1536x1152.jpeg 1536w, https:\/\/www.granadablogs.com\/pateandoelmundo\/wp-content\/uploads\/2024\/06\/El-mundo-sin-fin.jpeg 2000w\" sizes=\"auto, (max-width: 300px) 100vw, 300px\" \/><\/a><\/p>\n<p>Si a todo ello le sumamos que los recursos energ\u00e9ticos son finitos, y que el abuso de su consumo est\u00e1 contribuyendo a acelerar el cambio clim\u00e1tico, nos encontramos en uno de esos momentos decisivos en la historia de la humanidad. Lo dejo aqu\u00ed, de momento. P\u00e1sense por la exposici\u00f3n, lean el c\u00f3mic, que defiende tesis pol\u00e9micas, y comentamos.<\/p>\n<p>Jes\u00fas Lens<\/p>\n<p><span class=\"Apple-converted-space\">\u00a0<\/span><a href=\"https:\/\/x.com\/Jesus_Lens\" target=\"_blank\" rel=\"noopener\"><img loading=\"lazy\" decoding=\"async\" class=\"size-full wp-image-33309 alignleft\" src=\"https:\/\/www.granadablogs.com\/pateandoelmundo\/wp-content\/uploads\/2023\/10\/00000-Twitter.jpeg\" alt=\"\" width=\"196\" height=\"47\" \/><\/a><\/p>\n","protected":false},"excerpt":{"rendered":"<p>Balance de una semana movida y agitada en la que el concierto-fiesta de cumplea\u00f1os de Miguel R\u00edos supuso un viaje musical en el tiempo por la historia del mejor rock granadino. Tambi\u00e9n incluy\u00f3 parada en el Teatro del Generalife para disfrutar de \u2018Reyerta\u2019, un valiente proyecto de aliento lorquiano de largo recorrido, ampl\u00edsimas posibilidades y [&hellip;]<\/p>\n","protected":false},"author":1,"featured_media":0,"comment_status":"open","ping_status":"open","sticky":false,"template":"","format":"standard","meta":{"jetpack_post_was_ever_published":false,"_jetpack_newsletter_access":"","_jetpack_dont_email_post_to_subs":false,"_jetpack_newsletter_tier_id":0,"_jetpack_memberships_contains_paywalled_content":false,"_jetpack_memberships_contains_paid_content":false,"footnotes":""},"categories":[6,19],"tags":[13939,720,21871,21308,18659],"class_list":["post-33689","post","type-post","status-publish","format-standard","hentry","category-opinion","category-tebeos","tag-alianza-francesa-granada","tag-biblioteca-de-andalucia","tag-el-fundo-sin-fin-comic","tag-el-mundo-sin-fin","tag-gravite-festival"],"jetpack_featured_media_url":"","jetpack_sharing_enabled":true,"_links":{"self":[{"href":"https:\/\/www.granadablogs.com\/pateandoelmundo\/wp-json\/wp\/v2\/posts\/33689","targetHints":{"allow":["GET"]}}],"collection":[{"href":"https:\/\/www.granadablogs.com\/pateandoelmundo\/wp-json\/wp\/v2\/posts"}],"about":[{"href":"https:\/\/www.granadablogs.com\/pateandoelmundo\/wp-json\/wp\/v2\/types\/post"}],"author":[{"embeddable":true,"href":"https:\/\/www.granadablogs.com\/pateandoelmundo\/wp-json\/wp\/v2\/users\/1"}],"replies":[{"embeddable":true,"href":"https:\/\/www.granadablogs.com\/pateandoelmundo\/wp-json\/wp\/v2\/comments?post=33689"}],"version-history":[{"count":2,"href":"https:\/\/www.granadablogs.com\/pateandoelmundo\/wp-json\/wp\/v2\/posts\/33689\/revisions"}],"predecessor-version":[{"id":33695,"href":"https:\/\/www.granadablogs.com\/pateandoelmundo\/wp-json\/wp\/v2\/posts\/33689\/revisions\/33695"}],"wp:attachment":[{"href":"https:\/\/www.granadablogs.com\/pateandoelmundo\/wp-json\/wp\/v2\/media?parent=33689"}],"wp:term":[{"taxonomy":"category","embeddable":true,"href":"https:\/\/www.granadablogs.com\/pateandoelmundo\/wp-json\/wp\/v2\/categories?post=33689"},{"taxonomy":"post_tag","embeddable":true,"href":"https:\/\/www.granadablogs.com\/pateandoelmundo\/wp-json\/wp\/v2\/tags?post=33689"}],"curies":[{"name":"wp","href":"https:\/\/api.w.org\/{rel}","templated":true}]}}