{"id":33430,"date":"2023-12-11T22:42:22","date_gmt":"2023-12-11T21:42:22","guid":{"rendered":"https:\/\/www.granadablogs.com\/pateandoelmundo\/?p=33430"},"modified":"2023-12-11T12:50:52","modified_gmt":"2023-12-11T11:50:52","slug":"doble-o-nada-dos-por-el-precio-de-uno","status":"publish","type":"post","link":"https:\/\/www.granadablogs.com\/pateandoelmundo\/doble-o-nada-dos-por-el-precio-de-uno\/","title":{"rendered":"Doble o nada: dos por el precio de uno"},"content":{"rendered":"<p>Una apasionante lectura, encadenada a una adictiva serie de televisi\u00f3n, me sit\u00faa frente a la figura del doble, una de mis favoritas desde los tiempos del Dr. Jekyll y Mr. Hyde. El libro se titula \u2018La poeta y el asesino\u2019, es un incre\u00edble true crime y lo publica Impedimenta, por lo que su lectura resulta atractiva ya desde el tacto, que no hay libros con mejor textura que los de esta editorial, ganadora del Premio Nacional a la Mejor Labor Editorial de 2008.<span class=\"Apple-converted-space\">\u00a0(<a href=\"https:\/\/www.granadablogs.com\/pateandoelmundo\/mis-imprescindibles-del-true-crime\/\" target=\"_blank\" rel=\"noopener\">Aqu\u00ed<\/a>, m\u00e1s de mis True Crime imprescindibles).<\/span><\/p>\n<p><a href=\"https:\/\/www.granadablogs.com\/pateandoelmundo\/?attachment_id=33431\" rel=\"attachment wp-att-33431\"><img loading=\"lazy\" decoding=\"async\" class=\"aligncenter size-medium wp-image-33431\" src=\"https:\/\/www.granadablogs.com\/pateandoelmundo\/wp-content\/uploads\/2023\/12\/La-poeta-y-el-asesino-195x300.jpeg\" alt=\"\" width=\"195\" height=\"300\" srcset=\"https:\/\/www.granadablogs.com\/pateandoelmundo\/wp-content\/uploads\/2023\/12\/La-poeta-y-el-asesino-195x300.jpeg 195w, https:\/\/www.granadablogs.com\/pateandoelmundo\/wp-content\/uploads\/2023\/12\/La-poeta-y-el-asesino-644x990.jpeg 644w, https:\/\/www.granadablogs.com\/pateandoelmundo\/wp-content\/uploads\/2023\/12\/La-poeta-y-el-asesino-768x1180.jpeg 768w, https:\/\/www.granadablogs.com\/pateandoelmundo\/wp-content\/uploads\/2023\/12\/La-poeta-y-el-asesino.jpeg 900w\" sizes=\"auto, (max-width: 195px) 100vw, 195px\" \/><\/a><\/p>\n<p>Simon Worral es un periodista y aventurero que, cuando no est\u00e1 cabalgando con los gauchos de la Pampa o entregado a la recolecci\u00f3n de ostras con los inuit, se une al FBI en la b\u00fasqueda de un Rembrandt robado o rastrea una de las falsificaciones m\u00e1s famosas de la historia de la literatura: un poema de Emily Dickinson, que es lo que cuenta el libro del que hablamos.<span class=\"Apple-converted-space\">\u00a0<\/span><\/p>\n<p>Ya sabemos qui\u00e9n es la poeta del t\u00edtulo del libro. \u00bfY el asesino? No se preocupen, que su nombre se sabe desde el mismo arranque de la historia: Mark Hofmann. \u00bfLes suena? Posiblemente no. Yo, al menos, no ten\u00eda ni idea de su historia. Hablamos de un h\u00e1bil falsificador. Y no s\u00f3lo de documentos. Se trata de un miembro de la iglesia mormona que, con su actividad, trataba de poner en solfa sus mism\u00edsimos fundamentos. \u00a1Ah\u00ed es nada! El c\u00f3mo y el por qu\u00e9, en \u2018La poeta y el asesino\u2019, un libro que mezcla la historia de la literatura con las subastas, las falsificaciones, la sangre, la violencia m\u00e1s inopinada y la religi\u00f3n. Mientras le\u00eda este libro no pod\u00eda dejar de recordar \u2018El adversario\u2019, la perturbadora obra maestra de Emmanuel Carr\u00e8re.<span class=\"Apple-converted-space\">\u00a0<\/span><\/p>\n<p><a href=\"https:\/\/www.granadablogs.com\/pateandoelmundo\/?attachment_id=33432\" rel=\"attachment wp-att-33432\"><img loading=\"lazy\" decoding=\"async\" class=\"aligncenter size-medium wp-image-33432\" src=\"https:\/\/www.granadablogs.com\/pateandoelmundo\/wp-content\/uploads\/2023\/12\/El-adversario-Carrere-197x300.jpeg\" alt=\"\" width=\"197\" height=\"300\" srcset=\"https:\/\/www.granadablogs.com\/pateandoelmundo\/wp-content\/uploads\/2023\/12\/El-adversario-Carrere-197x300.jpeg 197w, https:\/\/www.granadablogs.com\/pateandoelmundo\/wp-content\/uploads\/2023\/12\/El-adversario-Carrere-644x980.jpeg 644w, https:\/\/www.granadablogs.com\/pateandoelmundo\/wp-content\/uploads\/2023\/12\/El-adversario-Carrere-768x1169.jpeg 768w, https:\/\/www.granadablogs.com\/pateandoelmundo\/wp-content\/uploads\/2023\/12\/El-adversario-Carrere-1009x1536.jpeg 1009w, https:\/\/www.granadablogs.com\/pateandoelmundo\/wp-content\/uploads\/2023\/12\/El-adversario-Carrere.jpeg 1063w\" sizes=\"auto, (max-width: 197px) 100vw, 197px\" \/><\/a><\/p>\n<p>Y luego est\u00e1 lo de Eliseo. A Eliseo s\u00ed es m\u00e1s probable que le conozcan, que le encontramos en Disney. En ese caso, ya sabr\u00e1n que con Eliseo no se jode, como reza el cartel de \u2018El encargado\u2019 una desopilante serie en la que el protagonista absoluto es un Guillermo Francella en estado de gracia.<span class=\"Apple-converted-space\">\u00a0<\/span><\/p>\n<p><a href=\"https:\/\/www.granadablogs.com\/pateandoelmundo\/?attachment_id=33433\" rel=\"attachment wp-att-33433\"><img loading=\"lazy\" decoding=\"async\" class=\"aligncenter size-medium wp-image-33433\" src=\"https:\/\/www.granadablogs.com\/pateandoelmundo\/wp-content\/uploads\/2023\/12\/El-encargado-serie-240x300.jpeg\" alt=\"\" width=\"240\" height=\"300\" srcset=\"https:\/\/www.granadablogs.com\/pateandoelmundo\/wp-content\/uploads\/2023\/12\/El-encargado-serie-240x300.jpeg 240w, https:\/\/www.granadablogs.com\/pateandoelmundo\/wp-content\/uploads\/2023\/12\/El-encargado-serie-644x805.jpeg 644w, https:\/\/www.granadablogs.com\/pateandoelmundo\/wp-content\/uploads\/2023\/12\/El-encargado-serie-768x960.jpeg 768w, https:\/\/www.granadablogs.com\/pateandoelmundo\/wp-content\/uploads\/2023\/12\/El-encargado-serie.jpeg 960w\" sizes=\"auto, (max-width: 240px) 100vw, 240px\" \/><\/a><\/p>\n<p>Eliseo es el encargado de un edificio de alto standing de Buenos Aires en el que vive gente de posici\u00f3n desahogada. Dentro del consorcio, todo el mundo conoce a Eliseo y Eliseo conoce a todo el mundo. Probablemente, mucho m\u00e1s en profundidad de lo que a la mayor\u00eda le gustar\u00eda.<span class=\"Apple-converted-space\">\u00a0<\/span><\/p>\n<p>Desde el arranque del primer cap\u00edtulo conoceremos a ese Eliseo que es uno y d\u00fao. Lo constatar\u00e1n a nada que se fijen en los t\u00edtulos de cr\u00e9dito. Y es que no hay sonrisa como la de Eliseo. Si quieren descubrir a un mago de la impostura y la simulaci\u00f3n, dense una vuelta por donde Eliseo. Eso s\u00ed: una vez que le conozcan, ya no hay vuelta atr\u00e1s. \u00a1Eliseo siempre en nuestro equipo!<\/p>\n<p>La serie est\u00e1 creada, escrita, dirigida y producida por dos tipos talentosos con una s\u00f3lida carrera a sus espaldas: Mariano Cohn y Gaston Duprat. Suyas son, por ejemplo, pel\u00edculas como \u2018El ciudadano ilustre\u2019 o \u2018Competencia oficial\u2019, con Pen\u00e9lope Cruz y Antonio Banderas. Y otra serie excelente, \u2018Nada\u2019, igualmente en Disney, \u00e9sta de tem\u00e1tica gastron\u00f3mica y que tambi\u00e9n les recomiendo aunque no sea negra.<\/p>\n<p><a href=\"https:\/\/www.granadablogs.com\/pateandoelmundo\/?attachment_id=33434\" rel=\"attachment wp-att-33434\"><img loading=\"lazy\" decoding=\"async\" class=\"aligncenter size-medium wp-image-33434\" src=\"https:\/\/www.granadablogs.com\/pateandoelmundo\/wp-content\/uploads\/2023\/12\/Nada-serie-221x300.webp\" alt=\"\" width=\"221\" height=\"300\" srcset=\"https:\/\/www.granadablogs.com\/pateandoelmundo\/wp-content\/uploads\/2023\/12\/Nada-serie-221x300.webp 221w, https:\/\/www.granadablogs.com\/pateandoelmundo\/wp-content\/uploads\/2023\/12\/Nada-serie.webp 310w\" sizes=\"auto, (max-width: 221px) 100vw, 221px\" \/><\/a><\/p>\n<p>No es que \u2018El encargado\u2019 sea un thriller precisamente, pero el retrato que hace de Eliseo nos sit\u00faa frente a nuestras propias contradicciones. Por la sociedad del control que, con la excusa de la seguridad, estamos construyendo. Eso y la falta de valores, \u00e9tica y moral. Esto \u00faltimo no va por nuestro h\u00e9roe, precisamente. O s\u00ed. \u00bfQui\u00e9n sabe? Y es que detr\u00e1s de su franca sonrisa, hay tantas caras en el gran Eliseo\u2026<\/p>\n<p>Jes\u00fas Lens<\/p>\n<p><a href=\"https:\/\/twitter.com\/Jesus_Lens\" target=\"_blank\" rel=\"noopener\"><img loading=\"lazy\" decoding=\"async\" class=\"size-full wp-image-33309 alignleft\" src=\"https:\/\/www.granadablogs.com\/pateandoelmundo\/wp-content\/uploads\/2023\/10\/00000-Twitter.jpeg\" alt=\"\" width=\"196\" height=\"47\" \/><\/a><\/p>\n","protected":false},"excerpt":{"rendered":"<p>Una apasionante lectura, encadenada a una adictiva serie de televisi\u00f3n, me sit\u00faa frente a la figura del doble, una de mis favoritas desde los tiempos del Dr. Jekyll y Mr. Hyde. El libro se titula \u2018La poeta y el asesino\u2019, es un incre\u00edble true crime y lo publica Impedimenta, por lo que su lectura resulta [&hellip;]<\/p>\n","protected":false},"author":1,"featured_media":0,"comment_status":"open","ping_status":"open","sticky":false,"template":"","format":"standard","meta":{"jetpack_post_was_ever_published":false,"_jetpack_newsletter_access":"","_jetpack_dont_email_post_to_subs":false,"_jetpack_newsletter_tier_id":0,"_jetpack_memberships_contains_paywalled_content":false,"_jetpack_memberships_contains_paid_content":false,"footnotes":""},"categories":[21,12],"tags":[21741,21035,21740,21736,21737,21036,21739,21734,21733,21738,21742,21735,21743],"class_list":["post-33430","post","type-post","status-publish","format-standard","hentry","category-negra-y-criminal","category-television","tag-competencia-oficial","tag-el-adversario","tag-el-ciudadano-ilustre","tag-el-encargado","tag-el-encargado-serie","tag-emmanuel-carrere","tag-gaston-duprat","tag-impredimenta","tag-la-poeta-y-el-asesino","tag-mariano-cohn","tag-mark-hofmann","tag-nada-serie","tag-simon-worrall"],"jetpack_featured_media_url":"","jetpack_sharing_enabled":true,"_links":{"self":[{"href":"https:\/\/www.granadablogs.com\/pateandoelmundo\/wp-json\/wp\/v2\/posts\/33430","targetHints":{"allow":["GET"]}}],"collection":[{"href":"https:\/\/www.granadablogs.com\/pateandoelmundo\/wp-json\/wp\/v2\/posts"}],"about":[{"href":"https:\/\/www.granadablogs.com\/pateandoelmundo\/wp-json\/wp\/v2\/types\/post"}],"author":[{"embeddable":true,"href":"https:\/\/www.granadablogs.com\/pateandoelmundo\/wp-json\/wp\/v2\/users\/1"}],"replies":[{"embeddable":true,"href":"https:\/\/www.granadablogs.com\/pateandoelmundo\/wp-json\/wp\/v2\/comments?post=33430"}],"version-history":[{"count":3,"href":"https:\/\/www.granadablogs.com\/pateandoelmundo\/wp-json\/wp\/v2\/posts\/33430\/revisions"}],"predecessor-version":[{"id":33437,"href":"https:\/\/www.granadablogs.com\/pateandoelmundo\/wp-json\/wp\/v2\/posts\/33430\/revisions\/33437"}],"wp:attachment":[{"href":"https:\/\/www.granadablogs.com\/pateandoelmundo\/wp-json\/wp\/v2\/media?parent=33430"}],"wp:term":[{"taxonomy":"category","embeddable":true,"href":"https:\/\/www.granadablogs.com\/pateandoelmundo\/wp-json\/wp\/v2\/categories?post=33430"},{"taxonomy":"post_tag","embeddable":true,"href":"https:\/\/www.granadablogs.com\/pateandoelmundo\/wp-json\/wp\/v2\/tags?post=33430"}],"curies":[{"name":"wp","href":"https:\/\/api.w.org\/{rel}","templated":true}]}}