{"id":33090,"date":"2023-06-19T08:44:22","date_gmt":"2023-06-19T07:44:22","guid":{"rendered":"https:\/\/www.granadablogs.com\/pateandoelmundo\/?p=33090"},"modified":"2023-06-19T08:44:22","modified_gmt":"2023-06-19T07:44:22","slug":"the-granadian-una-revista","status":"publish","type":"post","link":"https:\/\/www.granadablogs.com\/pateandoelmundo\/the-granadian-una-revista\/","title":{"rendered":"The Granadian (Una revista)"},"content":{"rendered":"<p>Termina una semana muy intensa (\u00bfcu\u00e1l no lo es?) en la que he disfrutado sobremanera con el tratamiento que IDEAL le ha dado al concierto de Bob Dylan, con el siempre sorprendente y original Jos\u00e9 Enrique Cabrero proponi\u00e9ndole a ese genio que es el dibujante Gabriel Hern\u00e1ndez Walta que dejara testimonio gr\u00e1fico de la actuaci\u00f3n a prueba de m\u00f3viles del Premio Nobel de Literatura en la Alhambra. (Leer y ver <a href=\"https:\/\/www.ideal.es\/culturas\/musica\/gabriel-walta-libreta-ilumino-dylan-20230614124510-nt.html\" target=\"_blank\" rel=\"noopener\">AQU\u00cd<\/a>)<\/p>\n<p><a href=\"https:\/\/www.granadablogs.com\/pateandoelmundo\/the-granadian-una-revista\/walta-dylan-cabrero\/\" rel=\"attachment wp-att-33091\"><img loading=\"lazy\" decoding=\"async\" class=\"aligncenter size-medium wp-image-33091\" src=\"https:\/\/www.granadablogs.com\/pateandoelmundo\/wp-content\/uploads\/2023\/06\/Walta-Dylan-Cabrero-300x210.jpeg\" alt=\"\" width=\"300\" height=\"210\" srcset=\"https:\/\/www.granadablogs.com\/pateandoelmundo\/wp-content\/uploads\/2023\/06\/Walta-Dylan-Cabrero-300x210.jpeg 300w, https:\/\/www.granadablogs.com\/pateandoelmundo\/wp-content\/uploads\/2023\/06\/Walta-Dylan-Cabrero-644x451.jpeg 644w, https:\/\/www.granadablogs.com\/pateandoelmundo\/wp-content\/uploads\/2023\/06\/Walta-Dylan-Cabrero-768x538.jpeg 768w, https:\/\/www.granadablogs.com\/pateandoelmundo\/wp-content\/uploads\/2023\/06\/Walta-Dylan-Cabrero.jpeg 1200w\" sizes=\"auto, (max-width: 300px) 100vw, 300px\" \/><\/a><\/p>\n<p>Una semana sumergido en las 12 piezas de \u2018Maleantes\u2019, una barbaridad de libro publicado por Reservoir Books, del que escribir\u00e9 el martes en El rinc\u00f3n oscuro. Pero d\u00e9jenme que les adelante: se trata de 12 textos deslumbrantes, cincelados con mano maestra por el periodista Patrick Radden Keefe y publicados en la m\u00edtica revista revista norteamericana The New Yorker.<\/p>\n<p>\u201cThe New Yorker es Dios\u201d, le dec\u00eda el otro d\u00eda a alguien de forma desmesurada. Tener la oportunidad de leer 12 de sus \u2018historias reales de estafadores, asesinos, rebeldes e impostores\u2019 es un privilegio, un lujazo que nadie deber\u00eda perderse.<span class=\"Apple-converted-space\">\u00a0<\/span><\/p>\n<p><a href=\"https:\/\/www.granadablogs.com\/pateandoelmundo\/the-granadian-una-revista\/maleantes-radde-keefe\/\" rel=\"attachment wp-att-33092\"><img loading=\"lazy\" decoding=\"async\" class=\"aligncenter size-medium wp-image-33092\" src=\"https:\/\/www.granadablogs.com\/pateandoelmundo\/wp-content\/uploads\/2023\/06\/Maleantes-Radde-Keefe-194x300.jpeg\" alt=\"\" width=\"194\" height=\"300\" srcset=\"https:\/\/www.granadablogs.com\/pateandoelmundo\/wp-content\/uploads\/2023\/06\/Maleantes-Radde-Keefe-194x300.jpeg 194w, https:\/\/www.granadablogs.com\/pateandoelmundo\/wp-content\/uploads\/2023\/06\/Maleantes-Radde-Keefe.jpeg 381w\" sizes=\"auto, (max-width: 194px) 100vw, 194px\" \/><\/a><\/p>\n<p>Adem\u00e1s, antes de escribir estas l\u00edneas, me fui a la Gran Manzana con Semp\u00e9 gracias al tot\u00e9mico volumen publicado por Norma Editorial que recopila sus portadas para la propia New Yorker. El artista habla de que, con esas portadas, se trata de \u201ccrear una atm\u00f3sfera\u201d, destacando \u201cla elegancia de las obras, la sutileza, la sugerencia, la insinuaci\u00f3n; nunca la afirmaci\u00f3n\u201d. Tambi\u00e9n aprovech\u00e9 para leer otra revista de referencia, el National Geographic de este mes, dedicado a La Alhambra oculta, con fotos de Navia y textos de Emma Lira. \u00a1No la dejen pasar!<\/p>\n<p><a href=\"https:\/\/www.granadablogs.com\/pateandoelmundo\/the-granadian-una-revista\/sempe-en-nueva-york\/\" rel=\"attachment wp-att-33093\"><img loading=\"lazy\" decoding=\"async\" class=\"aligncenter size-medium wp-image-33093\" src=\"https:\/\/www.granadablogs.com\/pateandoelmundo\/wp-content\/uploads\/2023\/06\/Sempe-en-Nueva-York-216x300.jpeg\" alt=\"\" width=\"216\" height=\"300\" srcset=\"https:\/\/www.granadablogs.com\/pateandoelmundo\/wp-content\/uploads\/2023\/06\/Sempe-en-Nueva-York-216x300.jpeg 216w, https:\/\/www.granadablogs.com\/pateandoelmundo\/wp-content\/uploads\/2023\/06\/Sempe-en-Nueva-York.jpeg 431w\" sizes=\"auto, (max-width: 216px) 100vw, 216px\" \/><\/a><\/p>\n<p>Y as\u00ed es c\u00f3mo me dio el volunto de escribir esta columna, fantaseando con una revista que se llamara The Granadian, El Granadino, a imagen y semejanza de la publicaci\u00f3n norteamericana. Una revista en papel de alta calidad en la que el humor gr\u00e1fico m\u00e1s atemporal se diera la mano con relatos, poes\u00eda y reportajes period\u00edsticos variados, pero todos de larga digesti\u00f3n.<span class=\"Apple-converted-space\">\u00a0 \u00a0 <\/span><\/p>\n<figure id=\"attachment_33095\" aria-describedby=\"caption-attachment-33095\" style=\"width: 296px\" class=\"wp-caption aligncenter\"><a href=\"https:\/\/www.granadablogs.com\/pateandoelmundo\/the-granadian-una-revista\/penon-bonet-ideal\/\" rel=\"attachment wp-att-33095\"><img loading=\"lazy\" decoding=\"async\" class=\"size-medium wp-image-33095\" src=\"https:\/\/www.granadablogs.com\/pateandoelmundo\/wp-content\/uploads\/2023\/06\/Penon-Bonet-IDEAL-296x300.jpeg\" alt=\"\" width=\"296\" height=\"300\" srcset=\"https:\/\/www.granadablogs.com\/pateandoelmundo\/wp-content\/uploads\/2023\/06\/Penon-Bonet-IDEAL-296x300.jpeg 296w, https:\/\/www.granadablogs.com\/pateandoelmundo\/wp-content\/uploads\/2023\/06\/Penon-Bonet-IDEAL.jpeg 624w\" sizes=\"auto, (max-width: 296px) 100vw, 296px\" \/><\/a><figcaption id=\"caption-attachment-33095\" class=\"wp-caption-text\">Enrique Bonet, para un reportaje en IDEAL sobre los pasos de Pen\u00f3n<\/figcaption><\/figure>\n<p><span class=\"Apple-converted-space\">\u00a0 \u00a0<\/span><\/p>\n<p>\u201cEn el New Yorker no se habla de ilustradores, sino de artistas. No dicen periodista, sino escritor\u201d, recordaba Semp\u00e9. No les voy a insistir en el brutal talento art\u00edstico que atesoramos en Granada en lo referente al c\u00f3mic y la ilustraci\u00f3n.<\/p>\n<figure id=\"attachment_33096\" aria-describedby=\"caption-attachment-33096\" style=\"width: 214px\" class=\"wp-caption aligncenter\"><a href=\"https:\/\/www.granadablogs.com\/pateandoelmundo\/the-granadian-una-revista\/orceman-ideal-lens\/\" rel=\"attachment wp-att-33096\"><img loading=\"lazy\" decoding=\"async\" class=\"size-medium wp-image-33096\" src=\"https:\/\/www.granadablogs.com\/pateandoelmundo\/wp-content\/uploads\/2023\/06\/Orceman-IDEAL-Lens-214x300.jpeg\" alt=\"\" width=\"214\" height=\"300\" srcset=\"https:\/\/www.granadablogs.com\/pateandoelmundo\/wp-content\/uploads\/2023\/06\/Orceman-IDEAL-Lens-214x300.jpeg 214w, https:\/\/www.granadablogs.com\/pateandoelmundo\/wp-content\/uploads\/2023\/06\/Orceman-IDEAL-Lens.jpeg 624w\" sizes=\"auto, (max-width: 214px) 100vw, 214px\" \/><\/a><figcaption id=\"caption-attachment-33096\" class=\"wp-caption-text\">Orceman de Carlos Hern\u00e1ndez para una cr\u00f3nica de IDEAL de un viaje a Orce<\/figcaption><\/figure>\n<p>Tan solo recordaremos que Sergio Garc\u00eda, uno de los nuestros, ha dibujado varias portadas para la mism\u00edsima The New Yorker. Busquen en las redes sociales y\/o en librer\u00edas los trabajos de Rub\u00e9n Garrido sobre \u2018Granada dibujada\u2019 o los cuadernos de viaje y esbozos de Jes\u00fas Conde, Joaqu\u00edn L\u00f3pez Cruces, Enrique Bonet, Carlos Hern\u00e1ndez o el propio Hern\u00e1ndez Walta, por ejemplo.<span class=\"Apple-converted-space\">\u00a0<\/span><\/p>\n<p><a href=\"https:\/\/www.granadablogs.com\/pateandoelmundo\/the-granadian-una-revista\/sergio-garcia-portada-2\/\" rel=\"attachment wp-att-33094\"><img loading=\"lazy\" decoding=\"async\" class=\"aligncenter size-medium wp-image-33094\" src=\"https:\/\/www.granadablogs.com\/pateandoelmundo\/wp-content\/uploads\/2023\/06\/Sergio-Garcia-Portada-300x300.jpeg\" alt=\"\" width=\"300\" height=\"300\" srcset=\"https:\/\/www.granadablogs.com\/pateandoelmundo\/wp-content\/uploads\/2023\/06\/Sergio-Garcia-Portada-300x300.jpeg 300w, https:\/\/www.granadablogs.com\/pateandoelmundo\/wp-content\/uploads\/2023\/06\/Sergio-Garcia-Portada-644x644.jpeg 644w, https:\/\/www.granadablogs.com\/pateandoelmundo\/wp-content\/uploads\/2023\/06\/Sergio-Garcia-Portada-150x150.jpeg 150w, https:\/\/www.granadablogs.com\/pateandoelmundo\/wp-content\/uploads\/2023\/06\/Sergio-Garcia-Portada-768x768.jpeg 768w, https:\/\/www.granadablogs.com\/pateandoelmundo\/wp-content\/uploads\/2023\/06\/Sergio-Garcia-Portada-1536x1536.jpeg 1536w, https:\/\/www.granadablogs.com\/pateandoelmundo\/wp-content\/uploads\/2023\/06\/Sergio-Garcia-Portada.jpeg 2048w\" sizes=\"auto, (max-width: 300px) 100vw, 300px\" \/><\/a><\/p>\n<p>\u00bfY qu\u00e9 me dicen del nivel de periodistas, novelistas, poetas y dramaturgos? \u00bfY del brutal caudal de talento de nuestra UGR? Artes, ciencias y letras para dar continuidad a revistas m\u00edticas como \u2018Olvidos\u2019 o \u2018El Fingidor\u2019. Lo s\u00e9, lo s\u00e9. Ya nadie compra revistas en papel, excepci\u00f3n hecha de algunos chalados. Pero es domingo, hace mucho calor y so\u00f1ar no cuesta nada.<\/p>\n<p>Jes\u00fas Lens<\/p>\n<p><a href=\"https:\/\/twitter.com\/Jesus_Lens\" target=\"_blank\" rel=\"noopener\"><img loading=\"lazy\" decoding=\"async\" class=\"size-full wp-image-32647 alignleft\" src=\"https:\/\/www.granadablogs.com\/pateandoelmundo\/wp-content\/uploads\/2022\/11\/00000-Twitter.jpg\" alt=\"\" width=\"196\" height=\"47\" \/><\/a><\/p>\n","protected":false},"excerpt":{"rendered":"<p>Termina una semana muy intensa (\u00bfcu\u00e1l no lo es?) en la que he disfrutado sobremanera con el tratamiento que IDEAL le ha dado al concierto de Bob Dylan, con el siempre sorprendente y original Jos\u00e9 Enrique Cabrero proponi\u00e9ndole a ese genio que es el dibujante Gabriel Hern\u00e1ndez Walta que dejara testimonio gr\u00e1fico de la actuaci\u00f3n [&hellip;]<\/p>\n","protected":false},"author":1,"featured_media":0,"comment_status":"open","ping_status":"open","sticky":false,"template":"","format":"standard","meta":{"jetpack_post_was_ever_published":false,"_jetpack_newsletter_access":"","_jetpack_dont_email_post_to_subs":false,"_jetpack_newsletter_tier_id":0,"_jetpack_memberships_contains_paywalled_content":false,"_jetpack_memberships_contains_paid_content":false,"footnotes":""},"categories":[6],"tags":[2635,8990,21537,21535,2874,15001,5734,21536,21538,15812,21534],"class_list":["post-33090","post","type-post","status-publish","format-standard","hentry","category-opinion","tag-bob-dylan","tag-carlos-hernandez","tag-el-fingidor","tag-el-granadino","tag-enrique-bonet","tag-gabriel-hernandez-walta","tag-jose-enrique-cabrero","tag-olvidos-de-granada","tag-revistas-granadinas","tag-sergio-garcia","tag-the-granadian"],"jetpack_featured_media_url":"","jetpack_sharing_enabled":true,"_links":{"self":[{"href":"https:\/\/www.granadablogs.com\/pateandoelmundo\/wp-json\/wp\/v2\/posts\/33090","targetHints":{"allow":["GET"]}}],"collection":[{"href":"https:\/\/www.granadablogs.com\/pateandoelmundo\/wp-json\/wp\/v2\/posts"}],"about":[{"href":"https:\/\/www.granadablogs.com\/pateandoelmundo\/wp-json\/wp\/v2\/types\/post"}],"author":[{"embeddable":true,"href":"https:\/\/www.granadablogs.com\/pateandoelmundo\/wp-json\/wp\/v2\/users\/1"}],"replies":[{"embeddable":true,"href":"https:\/\/www.granadablogs.com\/pateandoelmundo\/wp-json\/wp\/v2\/comments?post=33090"}],"version-history":[{"count":2,"href":"https:\/\/www.granadablogs.com\/pateandoelmundo\/wp-json\/wp\/v2\/posts\/33090\/revisions"}],"predecessor-version":[{"id":33098,"href":"https:\/\/www.granadablogs.com\/pateandoelmundo\/wp-json\/wp\/v2\/posts\/33090\/revisions\/33098"}],"wp:attachment":[{"href":"https:\/\/www.granadablogs.com\/pateandoelmundo\/wp-json\/wp\/v2\/media?parent=33090"}],"wp:term":[{"taxonomy":"category","embeddable":true,"href":"https:\/\/www.granadablogs.com\/pateandoelmundo\/wp-json\/wp\/v2\/categories?post=33090"},{"taxonomy":"post_tag","embeddable":true,"href":"https:\/\/www.granadablogs.com\/pateandoelmundo\/wp-json\/wp\/v2\/tags?post=33090"}],"curies":[{"name":"wp","href":"https:\/\/api.w.org\/{rel}","templated":true}]}}