{"id":33036,"date":"2023-05-28T11:42:39","date_gmt":"2023-05-28T10:42:39","guid":{"rendered":"https:\/\/www.granadablogs.com\/pateandoelmundo\/?p=33036"},"modified":"2023-05-28T11:42:39","modified_gmt":"2023-05-28T10:42:39","slug":"ya-no-presento-mas-libros","status":"publish","type":"post","link":"https:\/\/www.granadablogs.com\/pateandoelmundo\/ya-no-presento-mas-libros\/","title":{"rendered":"Ya no presento m\u00e1s libros"},"content":{"rendered":"<p>Llevaba tiempo amagando, pero ya es definitivo. Cr\u00e9anme que me gustan y me lo paso bien, pero son un TRABAJO. A las presentaciones de libros, me refiero. Las dejo aparcadas hasta Granada Noir por varias razones, pero la m\u00e1s importante es que el otro d\u00eda me dijeron algo as\u00ed como: \u201cClaro. Como est\u00e1s prejubilado, tienes tiempo\u201d.<span class=\"Apple-converted-space\">\u00a0<\/span><\/p>\n<p>\u00bfC\u00f3mo? \u00bfPerdona? \u00a1Ojal\u00e1 estuviera prejubilado! O jubilado del todo, mejor a\u00fan. No, amigas y amigos. \u00a1No! Desde que hace cuatro a\u00f1os dej\u00e9 la banca, soy aut\u00f3nomo y me quedan muchos a\u00f1os por cotizar hasta la ansiada jubilaci\u00f3n.<span class=\"Apple-converted-space\">\u00a0<\/span><\/p>\n<p>Fue tan de mutuo acuerdo aquel final que, una vez fuera de lo que entonces era Bankia, seguimos colaborando y montamos el festival Gravite. Pero no como prejubilado, sino como aut\u00f3nomo, insisto.<span class=\"Apple-converted-space\">\u00a0<\/span><\/p>\n<figure id=\"attachment_33037\" aria-describedby=\"caption-attachment-33037\" style=\"width: 270px\" class=\"wp-caption aligncenter\"><a href=\"https:\/\/www.granadablogs.com\/pateandoelmundo\/ya-no-presento-mas-libros\/flavita-banana-vivir-del-arte\/\" rel=\"attachment wp-att-33037\"><img loading=\"lazy\" decoding=\"async\" class=\"size-medium wp-image-33037\" src=\"https:\/\/www.granadablogs.com\/pateandoelmundo\/wp-content\/uploads\/2023\/05\/Flavita-Banana-Vivir-del-arte-270x300.jpeg\" alt=\"\" width=\"270\" height=\"300\" srcset=\"https:\/\/www.granadablogs.com\/pateandoelmundo\/wp-content\/uploads\/2023\/05\/Flavita-Banana-Vivir-del-arte-270x300.jpeg 270w, https:\/\/www.granadablogs.com\/pateandoelmundo\/wp-content\/uploads\/2023\/05\/Flavita-Banana-Vivir-del-arte-644x716.jpeg 644w, https:\/\/www.granadablogs.com\/pateandoelmundo\/wp-content\/uploads\/2023\/05\/Flavita-Banana-Vivir-del-arte-768x854.jpeg 768w, https:\/\/www.granadablogs.com\/pateandoelmundo\/wp-content\/uploads\/2023\/05\/Flavita-Banana-Vivir-del-arte.jpeg 1100w\" sizes=\"auto, (max-width: 270px) 100vw, 270px\" \/><\/a><figcaption id=\"caption-attachment-33037\" class=\"wp-caption-text\">Flavita Banana lo clava<\/figcaption><\/figure>\n<p>\u201cLa culpa es tuya, que eres GILIPOLLAS\u201d, me dicen quienes me quieren bien. Lo de gilipollas no lo verbalizan, pero se intuye.<span class=\"Apple-converted-space\">\u00a0<\/span><\/p>\n<p>\u201c\u00bfCu\u00e1nto tardas en preparar la presentaci\u00f3n de un libro?\u201d, me preguntan.<span class=\"Apple-converted-space\">\u00a0<\/span><\/p>\n<p>Lo primero es la llamada de tanteo. Luego cuadrar las agendas, guasap pa\u2019rriba, guasap pa\u2019bajo. Y leer el libro, claro.<span class=\"Apple-converted-space\">\u00a0<\/span><\/p>\n<p>Leer, por si alguien no lo sabe, lleva tiempo. Y yo jam\u00e1s he presentado un libro que no haya le\u00eddo, faltar\u00eda m\u00e1s.<\/p>\n<p>Luego toca hablar de la presentaci\u00f3n, en persona o por tel\u00e9fono. Hay que prepararla. Y hacerla. Ir al sitio. Echar una hora u hora y media. A veces m\u00e1s. Y volverse a casa.<span class=\"Apple-converted-space\">\u00a0<\/span><\/p>\n<p>Pudiera parecer que todo esto es f\u00e1cil: llega uno, se sienta, larga por esa boquita, pregunta si hay preguntas, despide, aplausos y a volar.<span class=\"Apple-converted-space\">\u00a0<\/span><\/p>\n<p>Pero no. Como los que se dedican al faranduleo bien saben, detr\u00e1s de una aparente espontaneidad hay mucho trabajo. TRA-BA-JO.<span class=\"Apple-converted-space\">\u00a0<\/span><\/p>\n<p>Insisto en que me gusta y disfruto. Mucho. En que me encanta asistir a la puesta de largo de un libro y acompa\u00f1ar a su autor. Pero es un TRABAJO que conlleva TIEMPO. Mucho tiempo. Porque, aunque leo r\u00e1pido, cuando lo hago para una presentaci\u00f3n leo m\u00e1s despacio. Por motivos obvios. Con un l\u00e1piz en la mano, tomando notas.<span class=\"Apple-converted-space\">\u00a0<\/span><\/p>\n<p>Pongamos que leo a 50 p\u00e1ginas la hora. Un libro de 300 p\u00e1ginas supone 6 horas. Solo la lectura. S\u00famenle el resto que les he detallado antes. Al final, entre unas cosas y otras, la presentaci\u00f3n de un libro supone 10 horas de tiempo invertidas. \u00a1Una jornada laboral y media, seg\u00fan convenio!<\/p>\n<p>\u201cPero a ti te gusta\u201d.<span class=\"Apple-converted-space\">\u00a0<\/span><\/p>\n<p>\u00a1Claro! \u00a1Faltar\u00eda m\u00e1s! Pero tambi\u00e9n me gusta estar tumbado a la bartola, sin hacer nada. O vagabundear sin rumbo. O perder el tiempo decidiendo qu\u00e9 ver en Filmin sin terminar de ver nada. Pero entonces toca TRABAJAR. Para facturar. Que los seguros sociales no se pagan solos.<span class=\"Apple-converted-space\">\u00a0<\/span><\/p>\n<p>Porque, enlazando con el principio, no estoy prejubilado. Ni jubilado. Ni posjubilado. No tengo n\u00f3mina. Ni ayudas, pagas o complementos. No tengo incentivos, bonus o deducciones. Mi \u00fanico capital, mi \u00fanico aval es el TIEMPO. <span class=\"Apple-converted-space\">\u00a0<\/span><\/p>\n<figure id=\"attachment_33038\" aria-describedby=\"caption-attachment-33038\" style=\"width: 300px\" class=\"wp-caption aligncenter\"><a href=\"https:\/\/www.granadablogs.com\/pateandoelmundo\/ya-no-presento-mas-libros\/el-enigma-pertierra\/\" rel=\"attachment wp-att-33038\"><img loading=\"lazy\" decoding=\"async\" class=\"size-medium wp-image-33038\" src=\"https:\/\/www.granadablogs.com\/pateandoelmundo\/wp-content\/uploads\/2023\/05\/El-enigma-Pertierra-300x300.jpeg\" alt=\"\" width=\"300\" height=\"300\" srcset=\"https:\/\/www.granadablogs.com\/pateandoelmundo\/wp-content\/uploads\/2023\/05\/El-enigma-Pertierra-300x300.jpeg 300w, https:\/\/www.granadablogs.com\/pateandoelmundo\/wp-content\/uploads\/2023\/05\/El-enigma-Pertierra-644x644.jpeg 644w, https:\/\/www.granadablogs.com\/pateandoelmundo\/wp-content\/uploads\/2023\/05\/El-enigma-Pertierra-150x150.jpeg 150w, https:\/\/www.granadablogs.com\/pateandoelmundo\/wp-content\/uploads\/2023\/05\/El-enigma-Pertierra-768x768.jpeg 768w, https:\/\/www.granadablogs.com\/pateandoelmundo\/wp-content\/uploads\/2023\/05\/El-enigma-Pertierra-1536x1536.jpeg 1536w, https:\/\/www.granadablogs.com\/pateandoelmundo\/wp-content\/uploads\/2023\/05\/El-enigma-Pertierra.jpeg 2048w\" sizes=\"auto, (max-width: 300px) 100vw, 300px\" \/><\/a><figcaption id=\"caption-attachment-33038\" class=\"wp-caption-text\">Ojo, que como presentar este se ponga a tiro, no he dicho n\u00e1, \u00bfestamos?<\/figcaption><\/figure>\n<p>Ea. Ya he echado la parrafada. La lagrimica. Ya he conseguido mi raci\u00f3n de casito. Muchos de vosotros estar\u00e9is pensando que menuda gilipollez he largado. Y no os faltar\u00e1 raz\u00f3n. Pero es lo que toca.<\/p>\n<p>Vuelvo a insistir, que nadie me malinterprete, que hago las presentaciones de libros con todo el gusto, con todo el cari\u00f1o del mundo. Pero este a\u00f1o he salido a dos por mes de promedio. Y ya no puedo con m\u00e1s. Sin entrar en el tedio, en el aburrimiento que produce escucharme una y otra vez, que ya soy veneno para los autores y mi poder de convocatoria es nulo.<span class=\"Apple-converted-space\">\u00a0 \u00a0<\/span><\/p>\n<p>Adem\u00e1s, ahora me toca volver a escribir, que tengo nuevo proyecto entre manos. Eso supone leer mucho y, como ustedes ya me conocen, ver mucho cine, series y documentales. Y eso es, de nuevo, TIEMPO. Mucho TIEMPO.<span class=\"Apple-converted-space\">\u00a0<\/span><\/p>\n<p>Dicho lo cual, nos seguimos viendo en los bares y en las librer\u00edas, faltar\u00eda m\u00e1s, pero al otro lado de la mesa. Como libres oyentes. Que tambi\u00e9n es un placer. \u00a1Salud y cultura!<\/p>\n<p>Jes\u00fas Lens<\/p>\n<p><a href=\"https:\/\/twitter.com\/Jesus_Lens\" target=\"_blank\" rel=\"noopener\"><img loading=\"lazy\" decoding=\"async\" class=\"size-full wp-image-32647 alignleft\" src=\"https:\/\/www.granadablogs.com\/pateandoelmundo\/wp-content\/uploads\/2022\/11\/00000-Twitter.jpg\" alt=\"\" width=\"196\" height=\"47\" \/><\/a><\/p>\n","protected":false},"excerpt":{"rendered":"<p>Llevaba tiempo amagando, pero ya es definitivo. Cr\u00e9anme que me gustan y me lo paso bien, pero son un TRABAJO. A las presentaciones de libros, me refiero. Las dejo aparcadas hasta Granada Noir por varias razones, pero la m\u00e1s importante es que el otro d\u00eda me dijeron algo as\u00ed como: \u201cClaro. Como est\u00e1s prejubilado, tienes [&hellip;]<\/p>\n","protected":false},"author":1,"featured_media":0,"comment_status":"open","ping_status":"open","sticky":false,"template":"","format":"standard","meta":{"jetpack_post_was_ever_published":false,"_jetpack_newsletter_access":"","_jetpack_dont_email_post_to_subs":false,"_jetpack_newsletter_tier_id":0,"_jetpack_memberships_contains_paywalled_content":false,"_jetpack_memberships_contains_paid_content":false,"footnotes":""},"categories":[6],"tags":[875,49,21500,21501,21502],"class_list":["post-33036","post","type-post","status-publish","format-standard","hentry","category-opinion","tag-leer","tag-libros","tag-presentar-libros","tag-vivir-del-arte","tag-vivir-del-cuento"],"jetpack_featured_media_url":"","jetpack_sharing_enabled":true,"_links":{"self":[{"href":"https:\/\/www.granadablogs.com\/pateandoelmundo\/wp-json\/wp\/v2\/posts\/33036","targetHints":{"allow":["GET"]}}],"collection":[{"href":"https:\/\/www.granadablogs.com\/pateandoelmundo\/wp-json\/wp\/v2\/posts"}],"about":[{"href":"https:\/\/www.granadablogs.com\/pateandoelmundo\/wp-json\/wp\/v2\/types\/post"}],"author":[{"embeddable":true,"href":"https:\/\/www.granadablogs.com\/pateandoelmundo\/wp-json\/wp\/v2\/users\/1"}],"replies":[{"embeddable":true,"href":"https:\/\/www.granadablogs.com\/pateandoelmundo\/wp-json\/wp\/v2\/comments?post=33036"}],"version-history":[{"count":2,"href":"https:\/\/www.granadablogs.com\/pateandoelmundo\/wp-json\/wp\/v2\/posts\/33036\/revisions"}],"predecessor-version":[{"id":33040,"href":"https:\/\/www.granadablogs.com\/pateandoelmundo\/wp-json\/wp\/v2\/posts\/33036\/revisions\/33040"}],"wp:attachment":[{"href":"https:\/\/www.granadablogs.com\/pateandoelmundo\/wp-json\/wp\/v2\/media?parent=33036"}],"wp:term":[{"taxonomy":"category","embeddable":true,"href":"https:\/\/www.granadablogs.com\/pateandoelmundo\/wp-json\/wp\/v2\/categories?post=33036"},{"taxonomy":"post_tag","embeddable":true,"href":"https:\/\/www.granadablogs.com\/pateandoelmundo\/wp-json\/wp\/v2\/tags?post=33036"}],"curies":[{"name":"wp","href":"https:\/\/api.w.org\/{rel}","templated":true}]}}