{"id":330,"date":"2008-06-30T09:34:00","date_gmt":"2008-06-30T08:34:00","guid":{"rendered":"http:\/\/www.granadablogs.com\/pateandoelmundo\/?p=330"},"modified":"2008-06-30T09:34:00","modified_gmt":"2008-06-30T08:34:00","slug":"mugabe-campaore","status":"publish","type":"post","link":"https:\/\/www.granadablogs.com\/pateandoelmundo\/mugabe-campaore\/","title":{"rendered":"MUGABE &amp; CAMPAOR\u00c9"},"content":{"rendered":"<div align=\"justify\">Les imagino al tanto de la ca\u00f3tico y lamentable situaci\u00f3n de Zimbabwe, paup\u00e9rrimo pa\u00eds africano al que un s\u00e1trapa como <a href=\"http:\/\/www.elpais.com\/todo-sobre\/persona\/Robert\/Mugabe\/436\/\"><span style=\"color:#ff0000;\"><strong>Mugabe<\/strong><\/span><\/a>, con la excusa del anticolonialismo, ha llevado a la bancarrota y al desastre, siguiendo los pasos de otros c\u00e9lebres iluminados, como el Mobutu de el Congo\/Zaire. Ahora ha consumado un pucherazo hist\u00f3rico y se ha autodesignado, nuevamente, Presidente. <\/div>\n<p align=\"justify\"><img decoding=\"async\" id=\"BLOGGER_PHOTO_ID_5217591573466283778\" style=\"DISPLAY: block; MARGIN: 0px auto 10px; CURSOR: hand; TEXT-ALIGN: center\" alt=\"\" src=\"http:\/\/bp1.blogger.com\/_r6VY1mvj3jk\/SGib5F-HfwI\/AAAAAAAACgU\/UTuao8gSLfs\/s400\/_00.gif\" border=\"0\" \/><br \/>Zimbabwe, por supuesto, nos la pela. \u00bfC\u00f3mo podr\u00eda ser de otra manera? Sin embargo, leyendo art\u00edculos como \u00e9ste: <a href=\"http:\/\/www.elpais.com\/articulo\/internacional\/Mugabe\/remata\/golpe\/hace\/reelegir\/elpepuint\/20080630elpepiint_3\/Tes\"><span style=\"color:#ff0000;\"><strong>\u201cMugabe remate el golpe y se hace reelegir\u201d<\/strong><\/span><\/a>, nos podemos hacer una idea de lo que est\u00e1 pasando en una zona del mundo en que la vida humana, la dignidad, la legalidad y el respeto valen menos que un pimiento o un calabac\u00edn de nuestras sufridas huertas. <\/p>\n<p><\/p>\n<p><img decoding=\"async\" id=\"BLOGGER_PHOTO_ID_5217591575579686466\" style=\"DISPLAY: block; MARGIN: 0px auto 10px; CURSOR: hand; TEXT-ALIGN: center\" alt=\"\" src=\"http:\/\/bp1.blogger.com\/_r6VY1mvj3jk\/SGib5N1_dkI\/AAAAAAAACgc\/suiGOH_56MU\/s400\/_7.jpg\" border=\"0\" \/> <\/p>\n<p align=\"justify\">Si el tema te preocupa, existe una web: <a href=\"http:\/\/www.avaaz.org\/es\/\"><span style=\"color:#ff0000;\"><strong>http:\/\/www.avaaz.org\/es\/<\/strong><\/span><\/a> a trav\u00e9s de la que, en medio minuto, puedes adherirte a la campa\u00f1a antimugabista. Porque el mundo, para unas cosas, cada vez es m\u00e1s peque\u00f1o. Pero para otras, sigue siendo inabarcablemente grande.<\/p>\n<p>Y, siguiendo en \u00c1frica, \u00bfrecuerdan a <a href=\"http:\/\/blogs.ideal.es\/pateandoelmundo\/2007\/11\/22\/veinte-anos-sin-sankara\"><span style=\"color:#ff0000;\"><strong>Sankara<\/strong><\/span><\/a>, la frustrada esperanza negra de Burkina Faso? \u00bfRecuerdan qui\u00e9n fue el responsable de su derrocamiento y asesinato? \u00bfSaben que el individuo en cuesti\u00f3n, actual presidente del pa\u00eds, ha iniciado una campa\u00f1a de limpieza de imagen, trabaj\u00e1ndose la obtenci\u00f3n del Premio Galileo (felizmente interrumpida por una urgente cibercampa\u00f1a muy efectiva) y, ahora, poni\u00e9ndose en manos de una asociaci\u00f3n cat\u00f3lica italiana <a href=\"http:\/\/www.santegidio.org\/\"><span style=\"color:#ff0000;\"><strong>Sant Egidio<\/strong><\/span><\/a>, para seguir lavando su imagen. De todo ello nos informa Antonio Lozano y no podemos sino hacernos eco y servir de altavoz. <\/p>\n<p align=\"justify\"><\/p>\n<p><img decoding=\"async\" id=\"BLOGGER_PHOTO_ID_5217591573927752322\" style=\"DISPLAY: block; MARGIN: 0px auto 10px; CURSOR: hand; TEXT-ALIGN: center\" alt=\"\" src=\"http:\/\/bp2.blogger.com\/_r6VY1mvj3jk\/SGib5HsI8oI\/AAAAAAAACgk\/6DixwfCqrE0\/s400\/_12.jpg\" border=\"0\" \/> <\/p>\n<p align=\"justify\">Se puede mandar un mensaje a <a href=\"mailto:com@santegidio.org\">com@santegidio.org<\/a> solicitando respetuosamente que no colaboren en esta operaci\u00f3n de imagen, dirigida a la consecuci\u00f3n de un Premio N\u00f3bel de la Paz, bas\u00e1ndose en la convocatoria de una <a href=\"http:\/\/www.starsforearth.org\/?q=en\/\"><span style=\"color:#ff0000;\"><strong>Cumbre de las Estrellas de la Tierra<\/strong><\/span> <\/a>en que el responsable del asesinato de Sankara quiere rodearse de artistas y cient\u00edficos para seguir desti\u00f1endo de sangre su imagen. <\/p>\n<p align=\"justify\"><\/p>\n<p><img decoding=\"async\" id=\"BLOGGER_PHOTO_ID_5217591579315654850\" style=\"DISPLAY: block; MARGIN: 0px auto 10px; CURSOR: hand; TEXT-ALIGN: center\" alt=\"\" src=\"http:\/\/bp0.blogger.com\/_r6VY1mvj3jk\/SGib5bwt0MI\/AAAAAAAACgs\/6rbYwHUOazw\/s400\/_31.jpg\" border=\"0\" \/> <\/p>\n<p align=\"justify\">Aunque la Roja haya ganado la Eurocopa y el calor amenace con derretirnos los sesos, dediquemos parte de nuestro tiempo a luchar, de una manera sencilla y c\u00f3moda, pero altamente efectiva, contra algunas de las injusticias que en el mundo siguen ocurriendo.<\/p>\n<div align=\"justify\">Jes\u00fas Lens, ciberactivista, pidiendo su apoyo y colaboraci\u00f3n. <\/div>\n<div align=\"justify\"><\/div>\n<div align=\"justify\">Etiquetas: <a href=\"http:\/\/bitacoras.com\/canales\/africa\" rel=\"tag\">africa<\/a>, <a href=\"http:\/\/bitacoras.com\/canales\/mugabe\" rel=\"tag\">mugabe<\/a>, <a href=\"http:\/\/bitacoras.com\/canales\/sankara\" rel=\"tag\">sankara<\/a>, <a href=\"http:\/\/bitacoras.com\/canales\/campaor\u00e9\" rel=\"tag\">campaor\u00e9<\/a>, <a href=\"http:\/\/bitacoras.com\/canales\/ciberactivismo\" rel=\"tag\">ciberactivismo<\/a>, <a href=\"http:\/\/bitacoras.com\/canales\/internacional\" rel=\"tag\">internacional<\/a><\/div>\n","protected":false},"excerpt":{"rendered":"<p>Les imagino al tanto de la ca\u00f3tico y lamentable situaci\u00f3n de Zimbabwe, paup\u00e9rrimo pa\u00eds africano al que un s\u00e1trapa como Mugabe, con la excusa del anticolonialismo, ha llevado a la bancarrota y al desastre, siguiendo los pasos de otros c\u00e9lebres iluminados, como el Mobutu de el Congo\/Zaire. Ahora ha consumado un pucherazo hist\u00f3rico y se [&hellip;]<\/p>\n","protected":false},"author":1,"featured_media":0,"comment_status":"open","ping_status":"open","sticky":false,"template":"","format":"standard","meta":{"jetpack_post_was_ever_published":false,"_jetpack_newsletter_access":"","_jetpack_dont_email_post_to_subs":false,"_jetpack_newsletter_tier_id":0,"_jetpack_memberships_contains_paywalled_content":false,"_jetpack_memberships_contains_paid_content":false,"footnotes":""},"categories":[6],"tags":[],"class_list":["post-330","post","type-post","status-publish","format-standard","hentry","category-opinion"],"jetpack_featured_media_url":"","jetpack_sharing_enabled":true,"_links":{"self":[{"href":"https:\/\/www.granadablogs.com\/pateandoelmundo\/wp-json\/wp\/v2\/posts\/330","targetHints":{"allow":["GET"]}}],"collection":[{"href":"https:\/\/www.granadablogs.com\/pateandoelmundo\/wp-json\/wp\/v2\/posts"}],"about":[{"href":"https:\/\/www.granadablogs.com\/pateandoelmundo\/wp-json\/wp\/v2\/types\/post"}],"author":[{"embeddable":true,"href":"https:\/\/www.granadablogs.com\/pateandoelmundo\/wp-json\/wp\/v2\/users\/1"}],"replies":[{"embeddable":true,"href":"https:\/\/www.granadablogs.com\/pateandoelmundo\/wp-json\/wp\/v2\/comments?post=330"}],"version-history":[{"count":0,"href":"https:\/\/www.granadablogs.com\/pateandoelmundo\/wp-json\/wp\/v2\/posts\/330\/revisions"}],"wp:attachment":[{"href":"https:\/\/www.granadablogs.com\/pateandoelmundo\/wp-json\/wp\/v2\/media?parent=330"}],"wp:term":[{"taxonomy":"category","embeddable":true,"href":"https:\/\/www.granadablogs.com\/pateandoelmundo\/wp-json\/wp\/v2\/categories?post=330"},{"taxonomy":"post_tag","embeddable":true,"href":"https:\/\/www.granadablogs.com\/pateandoelmundo\/wp-json\/wp\/v2\/tags?post=330"}],"curies":[{"name":"wp","href":"https:\/\/api.w.org\/{rel}","templated":true}]}}