{"id":32709,"date":"2022-12-20T11:42:28","date_gmt":"2022-12-20T10:42:28","guid":{"rendered":"https:\/\/www.granadablogs.com\/pateandoelmundo\/?p=32709"},"modified":"2022-12-20T11:42:28","modified_gmt":"2022-12-20T10:42:28","slug":"as-bestas-el-rural-noir-mas-descarnado","status":"publish","type":"post","link":"https:\/\/www.granadablogs.com\/pateandoelmundo\/as-bestas-el-rural-noir-mas-descarnado\/","title":{"rendered":"&#8216;As bestas&#8217;, el rural noir m\u00e1s descarnado"},"content":{"rendered":"<p>El g\u00e9nero negro est\u00e1 aparejado a ambientes urbanos desde hace un siglo, cuando los maestros estadounidenses nos contaron las guerras de bandas, la corrupci\u00f3n y el gangsterismo de ciudades como Chicago, Boston, Nueva York o Los \u00c1ngeles. En sociedades como la espa\u00f1ola, sin embargo, mucho m\u00e1s rurales, los problemas de lindes, aguas y at\u00e1vicas enemistades entre familias han estado a la orden del d\u00eda y han generado innumerables derramamientos de sangre. Adem\u00e1s, en el campo hay m\u00e1s armas, de fuego y convencionales, que en las ciudades, por lo que es m\u00e1s f\u00e1cil que, al calor de una discusi\u00f3n, una escopeta, un hacha o un azad\u00f3n hagan su tr\u00e1gica aparici\u00f3n en escena.<\/p>\n<p><a href=\"https:\/\/www.granadablogs.com\/pateandoelmundo\/as-bestas-el-rural-noir-mas-descarnado\/as-bestas\/\" rel=\"attachment wp-att-32710\"><img loading=\"lazy\" decoding=\"async\" class=\"aligncenter size-medium wp-image-32710\" src=\"https:\/\/www.granadablogs.com\/pateandoelmundo\/wp-content\/uploads\/2022\/12\/As-bestas-203x300.jpg\" alt=\"\" width=\"203\" height=\"300\" srcset=\"https:\/\/www.granadablogs.com\/pateandoelmundo\/wp-content\/uploads\/2022\/12\/As-bestas-203x300.jpg 203w, https:\/\/www.granadablogs.com\/pateandoelmundo\/wp-content\/uploads\/2022\/12\/As-bestas-644x954.jpg 644w, https:\/\/www.granadablogs.com\/pateandoelmundo\/wp-content\/uploads\/2022\/12\/As-bestas-768x1138.jpg 768w, https:\/\/www.granadablogs.com\/pateandoelmundo\/wp-content\/uploads\/2022\/12\/As-bestas.jpg 810w\" sizes=\"auto, (max-width: 203px) 100vw, 203px\" \/><\/a><\/p>\n<p>Lo hemos podido comprobar en \u2018As bestas\u2019, la pel\u00edcula m\u00e1s reciente de Rodrigo Sorogoyen de la que todo el mundo habla. No les voy a contar nada de una trama que tiene mucho de western noir y que comienza en un bar de pueblo. De aldea, en realidad. Los saloones del Lejano Oeste ten\u00edan m\u00e1s glamour. Pero en esta pel\u00edcula, todo est\u00e1 despojado, reducido a su m\u00ednima expresi\u00f3n. Porque lo que importa no son los paisajes, sino los paisanajes.<span class=\"Apple-converted-space\">\u00a0<\/span><\/p>\n<p>Un forastero ha llegado a la aldea. El franc\u00e9s. Por cierto que, si les ha gustado la interpretaci\u00f3n del gran (en todos los sentidos), busquen \u2018Custodia compartida\u2019, de Xavier Legrand. \u00a1Impresionante! Antoine y Olga han llegado a una peque\u00f1a localidad gallega para cultivar su huerta, vender sus productos en los mercadillos y rehabilitar algunas viviendas. Pero algo pasa, porque su presencia no es bien acogida por los Anta: los hermanos Xan y Loren, como veremos desde el arranque de la pel\u00edcula, un perfecto ejemplo de comienzo in medias res.<\/p>\n<p><a href=\"https:\/\/www.granadablogs.com\/pateandoelmundo\/as-bestas-el-rural-noir-mas-descarnado\/as-bestas-actor\/\" rel=\"attachment wp-att-32711\"><img loading=\"lazy\" decoding=\"async\" class=\"aligncenter size-medium wp-image-32711\" src=\"https:\/\/www.granadablogs.com\/pateandoelmundo\/wp-content\/uploads\/2022\/12\/As-bestas-actor-300x200.webp\" alt=\"\" width=\"300\" height=\"200\" srcset=\"https:\/\/www.granadablogs.com\/pateandoelmundo\/wp-content\/uploads\/2022\/12\/As-bestas-actor-300x200.webp 300w, https:\/\/www.granadablogs.com\/pateandoelmundo\/wp-content\/uploads\/2022\/12\/As-bestas-actor-644x429.webp 644w, https:\/\/www.granadablogs.com\/pateandoelmundo\/wp-content\/uploads\/2022\/12\/As-bestas-actor-768x512.webp 768w, https:\/\/www.granadablogs.com\/pateandoelmundo\/wp-content\/uploads\/2022\/12\/As-bestas-actor.webp 900w\" sizes=\"auto, (max-width: 300px) 100vw, 300px\" \/><\/a><\/p>\n<p>El trabajo actoral es soberbio. El elenco est\u00e1 un\u00e1nimemente impresionante. Sobresale, claro, esa bestia parda que es Luis Zahera, uno de los pocos actores espa\u00f1oles contempor\u00e1neos que pueden presumir de ser un g\u00e9nero en s\u00ed mismos. Marina Fo\u00efs, igualmente espectacular, est\u00e1 mucho m\u00e1s contenida, aunque Marie Colomb, su hija en la ficci\u00f3n, pueda llegar a tensionarla en alg\u00fan momento. Y ojo a Diego Arnido, que desde lo del caballo\u2026<\/p>\n<p>\u2018As bestas\u2019 es una pel\u00edcula discursiva de cocci\u00f3n lenta en la que las palabras, los gestos y las miradas son clave. Y los detalles. Los franceses, por ejemplo, viven en lo alto de una cuesta. Sus vecinos siempre quedan por debajo de ellos, f\u00edsica y metaf\u00f3ricamente. De los forasteros vemos el mimo en el cuidado de la huerta, en el interior de su vivienda, en su relaci\u00f3n de pareja. Sin lujos, han construido un hogar. A los nativos solo les vemos con sus vacas, en el corral, acarreando mierda. Esa mierda que est\u00e1 en la base de un di\u00e1logo que ya forma parte, por derecho propio, de la historia de nuestro cine. <span class=\"Apple-converted-space\">\u00a0 \u00a0<\/span><\/p>\n<p><a href=\"https:\/\/www.granadablogs.com\/pateandoelmundo\/as-bestas-el-rural-noir-mas-descarnado\/as-bestas-domino\/\" rel=\"attachment wp-att-32712\"><img loading=\"lazy\" decoding=\"async\" class=\"aligncenter size-medium wp-image-32712\" src=\"https:\/\/www.granadablogs.com\/pateandoelmundo\/wp-content\/uploads\/2022\/12\/As-bestas-domino-300x169.jpg\" alt=\"\" width=\"300\" height=\"169\" srcset=\"https:\/\/www.granadablogs.com\/pateandoelmundo\/wp-content\/uploads\/2022\/12\/As-bestas-domino-300x169.jpg 300w, https:\/\/www.granadablogs.com\/pateandoelmundo\/wp-content\/uploads\/2022\/12\/As-bestas-domino-644x362.jpg 644w, https:\/\/www.granadablogs.com\/pateandoelmundo\/wp-content\/uploads\/2022\/12\/As-bestas-domino-768x432.jpg 768w, https:\/\/www.granadablogs.com\/pateandoelmundo\/wp-content\/uploads\/2022\/12\/As-bestas-domino-1536x864.jpg 1536w, https:\/\/www.granadablogs.com\/pateandoelmundo\/wp-content\/uploads\/2022\/12\/As-bestas-domino.jpg 1600w\" sizes=\"auto, (max-width: 300px) 100vw, 300px\" \/><\/a><\/p>\n<p>Una pel\u00edcula de tesis. Y ant\u00edtesis. Una pel\u00edcula en la que todos los personajes tienen sus razones, sin que ninguno de ellos tenga por qu\u00e9 tener necesariamente la raz\u00f3n. Incluido el sobrino.<span class=\"Apple-converted-space\">\u00a0<\/span><\/p>\n<p>Corr\u00eda el riesgo Sorogoyen de deslizarse por una peligrosa pendiente que oscilara entre \u2018Perros de paja\u2019 y \u2018Deliverance\u2019. Que est\u00e1n ah\u00ed, como marco referencial para los cin\u00e9filos, pero nada m\u00e1s. \u00a1Y nada menos!<\/p>\n<p><a href=\"https:\/\/www.granadablogs.com\/pateandoelmundo\/as-bestas-el-rural-noir-mas-descarnado\/as-bestas-dos\/\" rel=\"attachment wp-att-32713\"><img loading=\"lazy\" decoding=\"async\" class=\"aligncenter size-medium wp-image-32713\" src=\"https:\/\/www.granadablogs.com\/pateandoelmundo\/wp-content\/uploads\/2022\/12\/As-bestas-dos-300x169.jpg\" alt=\"\" width=\"300\" height=\"169\" srcset=\"https:\/\/www.granadablogs.com\/pateandoelmundo\/wp-content\/uploads\/2022\/12\/As-bestas-dos-300x169.jpg 300w, https:\/\/www.granadablogs.com\/pateandoelmundo\/wp-content\/uploads\/2022\/12\/As-bestas-dos-644x362.jpg 644w, https:\/\/www.granadablogs.com\/pateandoelmundo\/wp-content\/uploads\/2022\/12\/As-bestas-dos-768x432.jpg 768w, https:\/\/www.granadablogs.com\/pateandoelmundo\/wp-content\/uploads\/2022\/12\/As-bestas-dos.jpg 800w\" sizes=\"auto, (max-width: 300px) 100vw, 300px\" \/><\/a><\/p>\n<p>\u2018As bestas\u2019 habla de algunos de los problemas de la Espa\u00f1a contempor\u00e1nea a la vez que conecta con la Espa\u00f1a negra que, desde los tiempos de Goya y Guti\u00e9rrez Solana, nos acompa\u00f1a como la sombra de Ca\u00edn. Imprescindible.<span class=\"Apple-converted-space\">\u00a0<\/span><\/p>\n<p>Jes\u00fas Lens<\/p>\n<p><a href=\"https:\/\/twitter.com\/Jesus_Lens\" target=\"_blank\" rel=\"noopener\"><img loading=\"lazy\" decoding=\"async\" class=\"size-full wp-image-32647 alignleft\" src=\"https:\/\/www.granadablogs.com\/pateandoelmundo\/wp-content\/uploads\/2022\/11\/00000-Twitter.jpg\" alt=\"\" width=\"196\" height=\"47\" \/><\/a><\/p>\n","protected":false},"excerpt":{"rendered":"<p>El g\u00e9nero negro est\u00e1 aparejado a ambientes urbanos desde hace un siglo, cuando los maestros estadounidenses nos contaron las guerras de bandas, la corrupci\u00f3n y el gangsterismo de ciudades como Chicago, Boston, Nueva York o Los \u00c1ngeles. En sociedades como la espa\u00f1ola, sin embargo, mucho m\u00e1s rurales, los problemas de lindes, aguas y at\u00e1vicas enemistades [&hellip;]<\/p>\n","protected":false},"author":1,"featured_media":0,"comment_status":"open","ping_status":"open","sticky":false,"template":"","format":"standard","meta":{"jetpack_post_was_ever_published":false,"_jetpack_newsletter_access":"","_jetpack_dont_email_post_to_subs":false,"_jetpack_newsletter_tier_id":0,"_jetpack_memberships_contains_paywalled_content":false,"_jetpack_memberships_contains_paid_content":false,"footnotes":""},"categories":[10,11774],"tags":[21285,21295,21291,21292,21293,21286,21287,21290,21289,15615,21288,21294],"class_list":["post-32709","post","type-post","status-publish","format-standard","hentry","category-cine","category-rincon-oscuro","tag-as-bestas","tag-as-bestas-jesus-lens","tag-denis-menochet","tag-diego-arnido","tag-goya-2023","tag-las-bestias","tag-luis-zahera","tag-marie-colomb","tag-marina-fois","tag-rincon-oscuro-lens","tag-rodrigo-sorogoyen","tag-rural-noir"],"jetpack_featured_media_url":"","jetpack_sharing_enabled":true,"_links":{"self":[{"href":"https:\/\/www.granadablogs.com\/pateandoelmundo\/wp-json\/wp\/v2\/posts\/32709","targetHints":{"allow":["GET"]}}],"collection":[{"href":"https:\/\/www.granadablogs.com\/pateandoelmundo\/wp-json\/wp\/v2\/posts"}],"about":[{"href":"https:\/\/www.granadablogs.com\/pateandoelmundo\/wp-json\/wp\/v2\/types\/post"}],"author":[{"embeddable":true,"href":"https:\/\/www.granadablogs.com\/pateandoelmundo\/wp-json\/wp\/v2\/users\/1"}],"replies":[{"embeddable":true,"href":"https:\/\/www.granadablogs.com\/pateandoelmundo\/wp-json\/wp\/v2\/comments?post=32709"}],"version-history":[{"count":2,"href":"https:\/\/www.granadablogs.com\/pateandoelmundo\/wp-json\/wp\/v2\/posts\/32709\/revisions"}],"predecessor-version":[{"id":32715,"href":"https:\/\/www.granadablogs.com\/pateandoelmundo\/wp-json\/wp\/v2\/posts\/32709\/revisions\/32715"}],"wp:attachment":[{"href":"https:\/\/www.granadablogs.com\/pateandoelmundo\/wp-json\/wp\/v2\/media?parent=32709"}],"wp:term":[{"taxonomy":"category","embeddable":true,"href":"https:\/\/www.granadablogs.com\/pateandoelmundo\/wp-json\/wp\/v2\/categories?post=32709"},{"taxonomy":"post_tag","embeddable":true,"href":"https:\/\/www.granadablogs.com\/pateandoelmundo\/wp-json\/wp\/v2\/tags?post=32709"}],"curies":[{"name":"wp","href":"https:\/\/api.w.org\/{rel}","templated":true}]}}