{"id":32287,"date":"2022-08-06T00:15:15","date_gmt":"2022-08-05T23:15:15","guid":{"rendered":"https:\/\/www.granadablogs.com\/pateandoelmundo\/?p=32287"},"modified":"2022-08-05T14:20:09","modified_gmt":"2022-08-05T13:20:09","slug":"escasez-de-hielo-reservas-de-cerveza","status":"publish","type":"post","link":"https:\/\/www.granadablogs.com\/pateandoelmundo\/escasez-de-hielo-reservas-de-cerveza\/","title":{"rendered":"Escasez de hielo, reservas de cerveza"},"content":{"rendered":"<p>Es ir\u00f3nico que el D\u00eda Internacional de la Cerveza, que se celebr\u00f3 ayer, me haya pillado confinado, encerrado y sin poder salir. De secano total. \u00a1Mi reino por una birra!<\/p>\n<p><a href=\"https:\/\/www.granadablogs.com\/pateandoelmundo\/?attachment_id=32288\" rel=\"attachment wp-att-32288\"><img loading=\"lazy\" decoding=\"async\" class=\"aligncenter size-medium wp-image-32288\" src=\"https:\/\/www.granadablogs.com\/pateandoelmundo\/wp-content\/uploads\/2022\/08\/Dia-Mundial-de-la-Cerveza-300x187.jpg\" alt=\"\" width=\"300\" height=\"187\" srcset=\"https:\/\/www.granadablogs.com\/pateandoelmundo\/wp-content\/uploads\/2022\/08\/Dia-Mundial-de-la-Cerveza-300x187.jpg 300w, https:\/\/www.granadablogs.com\/pateandoelmundo\/wp-content\/uploads\/2022\/08\/Dia-Mundial-de-la-Cerveza.jpg 600w\" sizes=\"auto, (max-width: 300px) 100vw, 300px\" \/><\/a><\/p>\n<p>Venga. P\u00f3ngame los dientes largos, estimado lector. \u00bfD\u00f3nde y cu\u00e1ntas exquisitas cervezas se tom\u00f3 usted ayer para celebrar tan magna efem\u00e9ride? \u00bfEn compa\u00f1\u00eda de qui\u00e9n? \u00bfCon qu\u00e9 las empuj\u00f3? \u00bfCon quisquilla de Motril, gamba roja de Garrucha o carne de monte de And\u00fajar? \u00a1Ays! Muero de la envidia.<span class=\"Apple-converted-space\">\u00a0<\/span><\/p>\n<p>Leo, por cierto, que hay desabastecimiento de cubitos de hielo en los supermercados. \u00a1Joder! Desde lo del papel higi\u00e9nico no se hab\u00eda escuchado nada igual. Me acerco a la nevera, abro el congelador y suspiro aliviado: las cubiteras siguen all\u00ed. Dos nada m\u00e1s. \u00a1Maldita sea! \u00bfC\u00f3mo he sido tan poco previsor? Ocho o diez deber\u00eda tener. Y podr\u00eda hacerme un selfie cuqui, m\u00e1s mol\u00f3n con mi reserva de hielo que los libertarios de las criptomonedas con su ruina a cuestas.<\/p>\n<p><a href=\"https:\/\/www.granadablogs.com\/pateandoelmundo\/?attachment_id=32289\" rel=\"attachment wp-att-32289\"><img loading=\"lazy\" decoding=\"async\" class=\"aligncenter size-medium wp-image-32289\" src=\"https:\/\/www.granadablogs.com\/pateandoelmundo\/wp-content\/uploads\/2022\/08\/Escasez-de-hielo-300x185.jpg\" alt=\"\" width=\"300\" height=\"185\" srcset=\"https:\/\/www.granadablogs.com\/pateandoelmundo\/wp-content\/uploads\/2022\/08\/Escasez-de-hielo-300x185.jpg 300w, https:\/\/www.granadablogs.com\/pateandoelmundo\/wp-content\/uploads\/2022\/08\/Escasez-de-hielo.jpg 624w\" sizes=\"auto, (max-width: 300px) 100vw, 300px\" \/><\/a><\/p>\n<p>Que escasee el hielo no es traum\u00e1tico. Como no lo fue lo del papel enrollado. La sangre no llegar\u00e1 al r\u00edo. Las copas se beber\u00e1n m\u00e1s r\u00e1pido, eso s\u00ed, y se rellenar\u00e1n antes de que los cubitos se conviertan en aguachirri. Para amortizar el hielo, habr\u00e1 que tomarse dos a la velocidad de una. Y que salga el sol por Antequera.<span class=\"Apple-converted-space\">\u00a0<\/span><\/p>\n<p>Distinto ser\u00eda que hubiera escasez de cerveza. \u00bfSe imaginan? Ah\u00ed s\u00ed podr\u00eda haber problemas. En este pa\u00eds, la paz social est\u00e1 basada en la ca\u00f1a, el tubo, la copa, el quinto, el tercio, la litrona, el cachi, el zurito, la doble, la media, la pinta, la jarra, el jarr\u00f3n y cualesquiera otras medidas locales, comarcales o regionales que se usen para dispensar cerveza.<span class=\"Apple-converted-space\">\u00a0<\/span><\/p>\n<p><a href=\"https:\/\/www.granadablogs.com\/pateandoelmundo\/?attachment_id=32290\" rel=\"attachment wp-att-32290\"><img loading=\"lazy\" decoding=\"async\" class=\"aligncenter size-medium wp-image-32290\" src=\"https:\/\/www.granadablogs.com\/pateandoelmundo\/wp-content\/uploads\/2022\/08\/Dia-de-la-Cerveza-300x230.jpg\" alt=\"\" width=\"300\" height=\"230\" srcset=\"https:\/\/www.granadablogs.com\/pateandoelmundo\/wp-content\/uploads\/2022\/08\/Dia-de-la-Cerveza-300x230.jpg 300w, https:\/\/www.granadablogs.com\/pateandoelmundo\/wp-content\/uploads\/2022\/08\/Dia-de-la-Cerveza-644x494.jpg 644w, https:\/\/www.granadablogs.com\/pateandoelmundo\/wp-content\/uploads\/2022\/08\/Dia-de-la-Cerveza-768x589.jpg 768w, https:\/\/www.granadablogs.com\/pateandoelmundo\/wp-content\/uploads\/2022\/08\/Dia-de-la-Cerveza.jpg 1200w\" sizes=\"auto, (max-width: 300px) 100vw, 300px\" \/><\/a><\/p>\n<p>Un espa\u00f1ol con una cerveza en la mano se convierte en seleccionador nacional, presidente del Gobierno y hasta secretario general de la ONU. Pero, sobre todo, es una persona colmada de felicidad, satisfecha y realizada. \u00a1Ah\u00ed es nada!<span class=\"Apple-converted-space\">\u00a0<\/span><\/p>\n<p>Si Arqu\u00edmedes ped\u00eda un punto de apoyo para mover el mundo, un espa\u00f1ol apoyado en la barra y con una birra en la mano te arregla lo de Ucrania y lo de Taiwan de una tacada y a\u00fan le queda tiempo para pedir una de chirlas. Mientras haya cerveza fr\u00eda en los bares, la cosa todav\u00eda aguanta. Siempre que haya parn\u00e9 en la cartera para pagarla, claro. Pero esa es otra historia. <span class=\"Apple-converted-space\">\u00a0 \u00a0 \u00a0 \u00a0 \u00a0<\/span><\/p>\n<p>Revisando el frigo, he visto que tambi\u00e9n tengo cerveza. \u00a1Faltar\u00eda m\u00e1s! Lo que pasa es que no me apetece. \u00a1Foh! Imagino que ser\u00e1 un efecto de la covid. En este punto, un pensamiento turbio cruza por mi mente: \u00bfy si la m\u00eda es covid persistente? \u00bfQu\u00e9 pasar\u00eda entonces? \u00bfAbandonar\u00eda la cerveza por siempre jam\u00e1s? Siento escalofr\u00edos. Y no es por la fiebre.<\/p>\n<p><a href=\"https:\/\/www.granadablogs.com\/pateandoelmundo\/?attachment_id=32291\" rel=\"attachment wp-att-32291\"><img loading=\"lazy\" decoding=\"async\" class=\"aligncenter size-medium wp-image-32291\" src=\"https:\/\/www.granadablogs.com\/pateandoelmundo\/wp-content\/uploads\/2022\/08\/Dia-de-la-Birra-300x225.jpg\" alt=\"\" width=\"300\" height=\"225\" srcset=\"https:\/\/www.granadablogs.com\/pateandoelmundo\/wp-content\/uploads\/2022\/08\/Dia-de-la-Birra-300x225.jpg 300w, https:\/\/www.granadablogs.com\/pateandoelmundo\/wp-content\/uploads\/2022\/08\/Dia-de-la-Birra-644x482.jpg 644w, https:\/\/www.granadablogs.com\/pateandoelmundo\/wp-content\/uploads\/2022\/08\/Dia-de-la-Birra-768x575.jpg 768w, https:\/\/www.granadablogs.com\/pateandoelmundo\/wp-content\/uploads\/2022\/08\/Dia-de-la-Birra.jpg 1140w\" sizes=\"auto, (max-width: 300px) 100vw, 300px\" \/><\/a><\/p>\n<p>Al menos no he perdido el olfato. Mis amaneceres de estos d\u00edas parafrasean a Carmen Mart\u00edn Gaite, que se podr\u00edan titular \u2018Mucosidad variable\u2019. Pero el caf\u00e9 sabe a caf\u00e9. Aunque tarde tres horas en acabarlo y se quede fr\u00edo. \u00a1Sin necesidad de malgastar hielo en el proceso, eso s\u00ed!<\/p>\n<p>Jes\u00fas Lens<\/p>\n<p><a href=\"https:\/\/twitter.com\/Jesus_Lens\" target=\"_blank\" rel=\"noopener\"><img loading=\"lazy\" decoding=\"async\" class=\"size-full wp-image-32139 alignleft\" src=\"https:\/\/www.granadablogs.com\/pateandoelmundo\/wp-content\/uploads\/2022\/07\/00000-Twitter.jpg\" alt=\"\" width=\"196\" height=\"47\" \/><\/a><\/p>\n","protected":false},"excerpt":{"rendered":"<p>Es ir\u00f3nico que el D\u00eda Internacional de la Cerveza, que se celebr\u00f3 ayer, me haya pillado confinado, encerrado y sin poder salir. De secano total. \u00a1Mi reino por una birra! Venga. P\u00f3ngame los dientes largos, estimado lector. \u00bfD\u00f3nde y cu\u00e1ntas exquisitas cervezas se tom\u00f3 usted ayer para celebrar tan magna efem\u00e9ride? \u00bfEn compa\u00f1\u00eda de qui\u00e9n? [&hellip;]<\/p>\n","protected":false},"author":1,"featured_media":0,"comment_status":"open","ping_status":"open","sticky":false,"template":"","format":"standard","meta":{"jetpack_post_was_ever_published":false,"_jetpack_newsletter_access":"","_jetpack_dont_email_post_to_subs":false,"_jetpack_newsletter_tier_id":0,"_jetpack_memberships_contains_paywalled_content":false,"_jetpack_memberships_contains_paid_content":false,"footnotes":""},"categories":[20944],"tags":[35,21019,21017,21018,21020],"class_list":["post-32287","post","type-post","status-publish","format-standard","hentry","category-vuelta-y-vuelta","tag-cerveza","tag-desabastecimiento-hielo","tag-dia-internacional-de-la-cerveza","tag-escasez-de-hielo","tag-mucosidad-variable"],"jetpack_featured_media_url":"","jetpack_sharing_enabled":true,"_links":{"self":[{"href":"https:\/\/www.granadablogs.com\/pateandoelmundo\/wp-json\/wp\/v2\/posts\/32287","targetHints":{"allow":["GET"]}}],"collection":[{"href":"https:\/\/www.granadablogs.com\/pateandoelmundo\/wp-json\/wp\/v2\/posts"}],"about":[{"href":"https:\/\/www.granadablogs.com\/pateandoelmundo\/wp-json\/wp\/v2\/types\/post"}],"author":[{"embeddable":true,"href":"https:\/\/www.granadablogs.com\/pateandoelmundo\/wp-json\/wp\/v2\/users\/1"}],"replies":[{"embeddable":true,"href":"https:\/\/www.granadablogs.com\/pateandoelmundo\/wp-json\/wp\/v2\/comments?post=32287"}],"version-history":[{"count":1,"href":"https:\/\/www.granadablogs.com\/pateandoelmundo\/wp-json\/wp\/v2\/posts\/32287\/revisions"}],"predecessor-version":[{"id":32292,"href":"https:\/\/www.granadablogs.com\/pateandoelmundo\/wp-json\/wp\/v2\/posts\/32287\/revisions\/32292"}],"wp:attachment":[{"href":"https:\/\/www.granadablogs.com\/pateandoelmundo\/wp-json\/wp\/v2\/media?parent=32287"}],"wp:term":[{"taxonomy":"category","embeddable":true,"href":"https:\/\/www.granadablogs.com\/pateandoelmundo\/wp-json\/wp\/v2\/categories?post=32287"},{"taxonomy":"post_tag","embeddable":true,"href":"https:\/\/www.granadablogs.com\/pateandoelmundo\/wp-json\/wp\/v2\/tags?post=32287"}],"curies":[{"name":"wp","href":"https:\/\/api.w.org\/{rel}","templated":true}]}}