{"id":31701,"date":"2021-10-15T18:32:56","date_gmt":"2021-10-15T17:32:56","guid":{"rendered":"https:\/\/www.granadablogs.com\/pateandoelmundo\/?p=31701"},"modified":"2021-10-23T18:35:48","modified_gmt":"2021-10-23T17:35:48","slug":"que-pena-los-vecinos","status":"publish","type":"post","link":"https:\/\/www.granadablogs.com\/pateandoelmundo\/que-pena-los-vecinos\/","title":{"rendered":"Qu\u00e9 pena, los vecinos"},"content":{"rendered":"<p>Pasaba por la calle Ganivet y pensaba en una instalaci\u00f3n de Christo, artista b\u00falgaro especializado en envolver edificios ic\u00f3nicos en telas blancas. El \u00faltimo y a t\u00edtulo p\u00f3stumo, el Arco del Triunfo de Par\u00eds.<\/p>\n<p>Los vecinos de la c\u00e9ntrica calle granadina, hartos de pasarse las noches en blanco por culpa de los ruidos provocados por la clientela de los bares de copas, han sacado n\u00edveas s\u00e1banas a los balcones, terrazas y ventanas de sus casas. Ojo: que nadie lo interprete como la bandera blanca de la rendici\u00f3n. Es toda una declaraci\u00f3n de guerra, metaf\u00f3ricamente hablando.<\/p>\n<p>Los vecinos del entorno de Ganivet, Moras y Campillo, por seguir con el s\u00edmil b\u00e9lico, son rehenes en sus propios domicilios durante las noches de jueves, viernes y s\u00e1bado. Su entorno se ha convertido en Territorio Comanche y salir o entrar de casa a determinadas horas es una actividad de riesgo.<\/p>\n<p><a href=\"https:\/\/www.granadablogs.com\/pateandoelmundo\/que-pena-los-vecinos\/ganivet-vecinos\/\" rel=\"attachment wp-att-31702\"><img loading=\"lazy\" decoding=\"async\" class=\"aligncenter size-full wp-image-31702\" src=\"https:\/\/www.granadablogs.com\/pateandoelmundo\/wp-content\/uploads\/2021\/10\/Ganivet-vecinos.jpg\" alt=\"\" width=\"286\" height=\"176\" \/><\/a><\/p>\n<p>Siempre que paso por ah\u00ed, camino del Zaid\u00edn, lo pienso con fatalismo: \u201cQu\u00e9 pena, los vecinos\u201d. Y me acuerdo de un antiguo compa\u00f1ero que hab\u00eda alquilado un \u00e1tico por Bib-Rambla, euf\u00f3rico, y a la vuelta de unos a\u00f1os se compr\u00f3 un piso cerca de Santa Adela: hu\u00eda del centro como alma que lleva el diablo.<\/p>\n<p>Qui\u00e9n iba a decir que tener un piso en Ganivet ser\u00eda como el chascarrillo del barco, que solo te da dos d\u00edas de aut\u00e9ntica felicidad en tu vida: el d\u00eda que lo compras y el d\u00eda que por fin te libras de \u00e9l, cuando consigues venderlo.<\/p>\n<p>El Ayuntamiento, mejor tarde que nunca, por fin ha movido ficha y el pasado mi\u00e9rcoles procedi\u00f3 a retirar las mesas y sillas que, de forma ilegal, ocupaban la v\u00eda p\u00fablica. Los vecinos aplauden la iniciativa y piden que no sea un gesto para la galer\u00eda. Empresarios del sector muestran su pasmo y estupefacci\u00f3n. Que no sab\u00edan que estaban haciendo algo mal, aducen.<\/p>\n<p>Todo este episodio trae ecos del capit\u00e1n Renault, cuando mandaba cerrar Rick\u2019s. \u201c\u00a1Qu\u00e9 esc\u00e1ndalo, qu\u00e9 esc\u00e1ndalo, he descubierto que aqu\u00ed se juega!\u201d. Haber entregado zonas enteras del centro de Granada a los bares de copas tiene sus costes. Lo que no puede ser es que recaigan \u00fanica y exclusivamente sobre los vecinos.<\/p>\n<p>Controlar los ruidos y escandaleras en las zonas de ocio y sofocar los botellones y las fiestas privadas le cuesta un pastizal al Ayuntamiento cada fin de semana. Ser\u00eda bueno saber exactamente cu\u00e1nto, dado que ese dinero sale de los bolsillos de todos los ciudadanos.<\/p>\n<p>Jes\u00fas Lens<\/p>\n<p><a href=\"https:\/\/twitter.com\/Jesus_Lens\" target=\"_blank\" rel=\"attachment noopener wp-att-31674\"><img loading=\"lazy\" decoding=\"async\" class=\"size-full wp-image-31674 alignleft\" src=\"https:\/\/www.granadablogs.com\/pateandoelmundo\/wp-content\/uploads\/2021\/10\/00000-Twitter.jpg\" alt=\"\" width=\"196\" height=\"47\" \/><\/a><\/p>\n","protected":false},"excerpt":{"rendered":"<p>Pasaba por la calle Ganivet y pensaba en una instalaci\u00f3n de Christo, artista b\u00falgaro especializado en envolver edificios ic\u00f3nicos en telas blancas. El \u00faltimo y a t\u00edtulo p\u00f3stumo, el Arco del Triunfo de Par\u00eds. Los vecinos de la c\u00e9ntrica calle granadina, hartos de pasarse las noches en blanco por culpa de los ruidos provocados por [&hellip;]<\/p>\n","protected":false},"author":1,"featured_media":0,"comment_status":"open","ping_status":"open","sticky":false,"template":"","format":"standard","meta":{"jetpack_post_was_ever_published":false,"_jetpack_newsletter_access":"","_jetpack_dont_email_post_to_subs":false,"_jetpack_newsletter_tier_id":0,"_jetpack_memberships_contains_paywalled_content":false,"_jetpack_memberships_contains_paid_content":false,"footnotes":""},"categories":[6],"tags":[20740,20739,20738],"class_list":["post-31701","post","type-post","status-publish","format-standard","hentry","category-opinion","tag-los-vecinos-que-pena","tag-sabanas-blancas-ganivet","tag-vecinos-ganivet"],"jetpack_featured_media_url":"","jetpack_sharing_enabled":true,"_links":{"self":[{"href":"https:\/\/www.granadablogs.com\/pateandoelmundo\/wp-json\/wp\/v2\/posts\/31701","targetHints":{"allow":["GET"]}}],"collection":[{"href":"https:\/\/www.granadablogs.com\/pateandoelmundo\/wp-json\/wp\/v2\/posts"}],"about":[{"href":"https:\/\/www.granadablogs.com\/pateandoelmundo\/wp-json\/wp\/v2\/types\/post"}],"author":[{"embeddable":true,"href":"https:\/\/www.granadablogs.com\/pateandoelmundo\/wp-json\/wp\/v2\/users\/1"}],"replies":[{"embeddable":true,"href":"https:\/\/www.granadablogs.com\/pateandoelmundo\/wp-json\/wp\/v2\/comments?post=31701"}],"version-history":[{"count":2,"href":"https:\/\/www.granadablogs.com\/pateandoelmundo\/wp-json\/wp\/v2\/posts\/31701\/revisions"}],"predecessor-version":[{"id":31704,"href":"https:\/\/www.granadablogs.com\/pateandoelmundo\/wp-json\/wp\/v2\/posts\/31701\/revisions\/31704"}],"wp:attachment":[{"href":"https:\/\/www.granadablogs.com\/pateandoelmundo\/wp-json\/wp\/v2\/media?parent=31701"}],"wp:term":[{"taxonomy":"category","embeddable":true,"href":"https:\/\/www.granadablogs.com\/pateandoelmundo\/wp-json\/wp\/v2\/categories?post=31701"},{"taxonomy":"post_tag","embeddable":true,"href":"https:\/\/www.granadablogs.com\/pateandoelmundo\/wp-json\/wp\/v2\/tags?post=31701"}],"curies":[{"name":"wp","href":"https:\/\/api.w.org\/{rel}","templated":true}]}}