{"id":31648,"date":"2021-10-14T09:13:16","date_gmt":"2021-10-14T08:13:16","guid":{"rendered":"https:\/\/www.granadablogs.com\/pateandoelmundo\/?p=31648"},"modified":"2021-10-13T12:16:40","modified_gmt":"2021-10-13T11:16:40","slug":"donde-anda-cuenca","status":"publish","type":"post","link":"https:\/\/www.granadablogs.com\/pateandoelmundo\/donde-anda-cuenca\/","title":{"rendered":"\u00bfD\u00f3nde anda Cuenca?"},"content":{"rendered":"<p>Leo unas declaraciones de C\u00e9sar D\u00edaz, portavoz municipal del PP, en las que critica la ausencia del alcalde en actos p\u00fablicos y, l\u00f3gicamente, me pica la curiosidad. \u00bfUn pol\u00edtico que no aparece donde hay c\u00e1maras y micr\u00f3fonos? Raro, raro\u2026<\/p>\n<p><a href=\"https:\/\/www.granadablogs.com\/pateandoelmundo\/?attachment_id=31649\" rel=\"attachment wp-att-31649\"><img loading=\"lazy\" decoding=\"async\" class=\"aligncenter size-full wp-image-31649\" src=\"https:\/\/www.granadablogs.com\/pateandoelmundo\/wp-content\/uploads\/2021\/10\/C\u00e9sar-D\u00edaz.jpg\" alt=\"\" width=\"287\" height=\"175\" \/><\/a><\/p>\n<p>Entre los actos en los que no estuvo Cuenca, D\u00edaz cita la misa del Arzobispo por el d\u00eda de la Hispanidad y los Votos de la Ciudad a la Virgen del Rosario. \u00a1Acab\u00e1ramos! Y como tampoco estuvo en un homenaje a las v\u00edctimas de ETA o a los bomberos; el PP saca a relucir el radicalismo izquierdoso del gobierno municipal. Vamos, que de aqu\u00ed a nada, el PSOE local declara ilegal la propiedad privada y socializa los medios de producci\u00f3n, de tan bolivariano que es.<\/p>\n<p>\u00bfD\u00f3nde andar\u00eda el alcalde de Granada en vez de estar en los Votos a la Virgen del Rosario? Desde que lo he le\u00eddo vivo sin vivir en m\u00ed. Que no tengo nada en contra de rogativas y elecciones divinas, pero que un poquito de por favor.<\/p>\n<p><a href=\"https:\/\/www.granadablogs.com\/pateandoelmundo\/?attachment_id=31650\" rel=\"attachment wp-att-31650\"><img loading=\"lazy\" decoding=\"async\" class=\"aligncenter size-full wp-image-31650\" src=\"https:\/\/www.granadablogs.com\/pateandoelmundo\/wp-content\/uploads\/2021\/10\/Paco-Cuenca-GRX.jpg\" alt=\"\" width=\"287\" height=\"175\" \/><\/a><\/p>\n<p>No s\u00e9 si la cantinela del radicalismo socialista da votos, pero aplicado al PSOE granadino suena un pel\u00edn forzado. La paulina aproximaci\u00f3n del PP a los postulados de VOX, sin embargo, s\u00ed da que pensar. Y que temblar. A Ayuso le ha ido bien en Madrid, pero est\u00e1 por ver si la receta es exportable a Andaluc\u00eda.<\/p>\n<p>Moreno Bonilla tiene buena imagen con su perfil moderado. Su frente com\u00fan con ese otro rojazo que es Ximo Puig por la financiaci\u00f3n auton\u00f3mica s\u00ed es un tema de enjundia que nos concierne a los ciudadanos. Algo m\u00e1s que los Votos a la Virgen del Rosario. Si la mayor cr\u00edtica a Paco Cuenca es que no anda de misas y rogativas, el pertinaz botell\u00f3n y que las calles de Granada est\u00e1n sucias\u2026<\/p>\n<p>Como columnista, lo m\u00e1s censurable de estos primeros 100 d\u00edas de mandato socialista es la soser\u00eda que emana de Plaza del Carmen. No hay propuestas extravagantes ni declaraciones grandilocuentes. Ya no hay anuncios de campanillas que despu\u00e9s quedan en nada. No hay bronca interna entre los socios de gobierno. Ni externa. No hay disparos de fuego amigo, desautorizaciones p\u00fablicas ni puenteos entre concejales. Ya no existe la amenaza constante de derribar al alcalde.<\/p>\n<p><a href=\"https:\/\/www.granadablogs.com\/pateandoelmundo\/?attachment_id=31651\" rel=\"attachment wp-att-31651\"><img loading=\"lazy\" decoding=\"async\" class=\"aligncenter size-full wp-image-31651\" src=\"https:\/\/www.granadablogs.com\/pateandoelmundo\/wp-content\/uploads\/2021\/10\/Paco-Cuenca-Granada.jpg\" alt=\"\" width=\"286\" height=\"176\" \/><\/a><\/p>\n<p>100 d\u00edas de una extra\u00f1a normalidad, algo que en Granada resulta anormal. Y aburrido, insisto. \u00bfD\u00f3nde anda Cuenca, el ausente? Ver\u00e1s t\u00fa que lo mismo est\u00e1 trabajando por la ciudad y la ciudadan\u00eda de Granada.<\/p>\n<p>Jes\u00fas Lens<\/p>\n<p><a href=\"https:\/\/twitter.com\/Jesus_Lens\" target=\"_blank\" rel=\"attachment noopener wp-att-31436\"><img loading=\"lazy\" decoding=\"async\" class=\"size-full wp-image-31436 alignleft\" src=\"https:\/\/www.granadablogs.com\/pateandoelmundo\/wp-content\/uploads\/2021\/09\/00000-Twitter.jpg\" alt=\"\" width=\"196\" height=\"47\" \/><\/a><\/p>\n","protected":false},"excerpt":{"rendered":"<p>Leo unas declaraciones de C\u00e9sar D\u00edaz, portavoz municipal del PP, en las que critica la ausencia del alcalde en actos p\u00fablicos y, l\u00f3gicamente, me pica la curiosidad. \u00bfUn pol\u00edtico que no aparece donde hay c\u00e1maras y micr\u00f3fonos? Raro, raro\u2026 Entre los actos en los que no estuvo Cuenca, D\u00edaz cita la misa del Arzobispo por [&hellip;]<\/p>\n","protected":false},"author":1,"featured_media":0,"comment_status":"open","ping_status":"open","sticky":false,"template":"","format":"standard","meta":{"jetpack_post_was_ever_published":false,"_jetpack_newsletter_access":"","_jetpack_dont_email_post_to_subs":false,"_jetpack_newsletter_tier_id":0,"_jetpack_memberships_contains_paywalled_content":false,"_jetpack_memberships_contains_paid_content":false,"footnotes":""},"categories":[6],"tags":[20594,18762,20717,4248,20715,20716],"class_list":["post-31648","post","type-post","status-publish","format-standard","hentry","category-opinion","tag-ayusadas","tag-cesar-diaz","tag-donde-esta-cuenca","tag-paco-cuenca","tag-rojos-bolivarianos","tag-votos-a-la-virgen-del-rosario"],"jetpack_featured_media_url":"","jetpack_sharing_enabled":true,"_links":{"self":[{"href":"https:\/\/www.granadablogs.com\/pateandoelmundo\/wp-json\/wp\/v2\/posts\/31648","targetHints":{"allow":["GET"]}}],"collection":[{"href":"https:\/\/www.granadablogs.com\/pateandoelmundo\/wp-json\/wp\/v2\/posts"}],"about":[{"href":"https:\/\/www.granadablogs.com\/pateandoelmundo\/wp-json\/wp\/v2\/types\/post"}],"author":[{"embeddable":true,"href":"https:\/\/www.granadablogs.com\/pateandoelmundo\/wp-json\/wp\/v2\/users\/1"}],"replies":[{"embeddable":true,"href":"https:\/\/www.granadablogs.com\/pateandoelmundo\/wp-json\/wp\/v2\/comments?post=31648"}],"version-history":[{"count":1,"href":"https:\/\/www.granadablogs.com\/pateandoelmundo\/wp-json\/wp\/v2\/posts\/31648\/revisions"}],"predecessor-version":[{"id":31652,"href":"https:\/\/www.granadablogs.com\/pateandoelmundo\/wp-json\/wp\/v2\/posts\/31648\/revisions\/31652"}],"wp:attachment":[{"href":"https:\/\/www.granadablogs.com\/pateandoelmundo\/wp-json\/wp\/v2\/media?parent=31648"}],"wp:term":[{"taxonomy":"category","embeddable":true,"href":"https:\/\/www.granadablogs.com\/pateandoelmundo\/wp-json\/wp\/v2\/categories?post=31648"},{"taxonomy":"post_tag","embeddable":true,"href":"https:\/\/www.granadablogs.com\/pateandoelmundo\/wp-json\/wp\/v2\/tags?post=31648"}],"curies":[{"name":"wp","href":"https:\/\/api.w.org\/{rel}","templated":true}]}}