{"id":31446,"date":"2021-09-01T18:16:31","date_gmt":"2021-09-01T17:16:31","guid":{"rendered":"https:\/\/www.granadablogs.com\/pateandoelmundo\/?p=31446"},"modified":"2021-09-02T18:19:34","modified_gmt":"2021-09-02T17:19:34","slug":"sindrome-preocupacional","status":"publish","type":"post","link":"https:\/\/www.granadablogs.com\/pateandoelmundo\/sindrome-preocupacional\/","title":{"rendered":"S\u00edndrome preocupacional"},"content":{"rendered":"<p>Este a\u00f1o, el 1 de septiembre cae en mi\u00e9rcoles, por lo que a estas alturas de semana, las vacaciones de algunos ya ser\u00e1n historia. Aun as\u00ed, este d\u00eda siempre tiene algo de especial. Para m\u00ed, es el aut\u00e9ntico a\u00f1o nuevo. Porque hoy comienza todo. Otra vez.<\/p>\n<p>Ya saben ustedes que soy muy cr\u00edtico con esa parida que se ha dado en llamar s\u00edndrome postvacacional. Si has tenido suerte de disfrutar de unas vacaciones y a la vuelta no te sientes aunque sea levemente mal, \u00bfqu\u00e9 vacaciones han sido esas? Unas buenas vacaciones son aquellas de las que vuelves cansado y ojeroso. Trabajado, parad\u00f3jicamente, e incluso arrastrado, vencido y destrozado.<\/p>\n<p><a href=\"https:\/\/www.granadablogs.com\/pateandoelmundo\/sindrome-preocupacional\/ad\/\" rel=\"attachment wp-att-31447\"><img loading=\"lazy\" decoding=\"async\" class=\"aligncenter size-medium wp-image-31447\" src=\"https:\/\/www.granadablogs.com\/pateandoelmundo\/wp-content\/uploads\/2021\/09\/ad-300x200.jpg\" alt=\"\" width=\"300\" height=\"200\" srcset=\"https:\/\/www.granadablogs.com\/pateandoelmundo\/wp-content\/uploads\/2021\/09\/ad-300x200.jpg 300w, https:\/\/www.granadablogs.com\/pateandoelmundo\/wp-content\/uploads\/2021\/09\/ad.jpg 768w, https:\/\/www.granadablogs.com\/pateandoelmundo\/wp-content\/uploads\/2021\/09\/ad-644x428.jpg 644w\" sizes=\"auto, (max-width: 300px) 100vw, 300px\" \/><\/a><\/p>\n<p>Odio el concepto de las vacaciones como sin\u00f3nimo de tiempo para el descanso y el reseteo, de cargar las pilas para volver fresco como una lechuga al curro. Es algo mecanicista y embrutecedor que considera el descanso vacacional como un mero par\u00e9ntesis imprescindible para que el trabajador produzca m\u00e1s y mejor.<\/p>\n<p>Para el que no quiera tener s\u00edndrome postvacacional, el mejor consejo es no coger vacaciones. Y ya. Como me dec\u00eda un amigo peluquero, los aut\u00f3nomos no tenemos el s\u00edndrome de marras: cada d\u00eda con el negocio cerrado se incrementan los gastos sin que haya ingresos, por lo que la vuelta al tajo duele menos.<\/p>\n<p>Les confieso, eso s\u00ed, que septiembre me sorprende aquejado de otro s\u00edntoma: el preocupacional. Por las preocupaciones que nos esperan a la vuelta de la esquina, m\u00e1s all\u00e1 de una hipot\u00e9tica sexta ola pand\u00e9mica.<\/p>\n<p>\u00bfQu\u00e9 tal arrancar\u00e1 la alcald\u00eda de Paco Cuenca? El encastillamiento de Salvador hizo que, sin apenas tiempo para ejercer, a Cuenca le llegara la hora de tomarse un merecido y necesario descanso. Es ahora cuando comienza realmente su mandato, que en esta ocasi\u00f3n ser\u00e1 de un a\u00f1o y nueve meses.<\/p>\n<p><a href=\"https:\/\/www.granadablogs.com\/pateandoelmundo\/campana-y-se-acabo-2\/luis-salvador-paco-cuenca-3\/\" rel=\"attachment wp-att-31162\"><img loading=\"lazy\" decoding=\"async\" class=\"aligncenter size-medium wp-image-31162\" src=\"https:\/\/www.granadablogs.com\/pateandoelmundo\/wp-content\/uploads\/2021\/06\/Luis-Salvador-Paco-Cuenca-300x169.jpg\" alt=\"\" width=\"300\" height=\"169\" srcset=\"https:\/\/www.granadablogs.com\/pateandoelmundo\/wp-content\/uploads\/2021\/06\/Luis-Salvador-Paco-Cuenca-300x169.jpg 300w, https:\/\/www.granadablogs.com\/pateandoelmundo\/wp-content\/uploads\/2021\/06\/Luis-Salvador-Paco-Cuenca.jpg 575w\" sizes=\"auto, (max-width: 300px) 100vw, 300px\" \/><\/a><\/p>\n<p>Esperemos que las sucesivas olas de calor hayan permitido al PP lamerse sus heridas y vuelvan a la actividad con aut\u00e9nticas ganas e intenci\u00f3n verdadera de ejercer una oposici\u00f3n leal y constructiva que redunde en beneficio de todos los granadinos.<\/p>\n<p>As\u00ed las cosas: \u00bfen qu\u00e9 punto se encuentra el Pacto por Granada? \u00bfC\u00f3mo est\u00e1n las relaciones entre IU-Podemos y PSOE? \u00bfQu\u00e9 tal van los nombramientos de asesores y coordinadores varios? \u00bfC\u00f3mo vamos con la agenda?<\/p>\n<p>El tiempo apremia. No ha lugar para folleta\u00edcas postvacacionales. Ni siquiera para hacer una pretemporada en condiciones. Porque el \u00e1rbitro ya ha lanzado la bola al aire y el partido acaba de empezar.<\/p>\n<p>Jes\u00fas Lens<\/p>\n<p><a href=\"https:\/\/twitter.com\/Jesus_Lens\" target=\"_blank\" rel=\"attachment noopener wp-att-31436\"><img loading=\"lazy\" decoding=\"async\" class=\"size-full wp-image-31436 alignleft\" src=\"https:\/\/www.granadablogs.com\/pateandoelmundo\/wp-content\/uploads\/2021\/09\/00000-Twitter.jpg\" alt=\"\" width=\"196\" height=\"47\" \/><\/a><\/p>\n","protected":false},"excerpt":{"rendered":"<p>Este a\u00f1o, el 1 de septiembre cae en mi\u00e9rcoles, por lo que a estas alturas de semana, las vacaciones de algunos ya ser\u00e1n historia. Aun as\u00ed, este d\u00eda siempre tiene algo de especial. Para m\u00ed, es el aut\u00e9ntico a\u00f1o nuevo. Porque hoy comienza todo. Otra vez. Ya saben ustedes que soy muy cr\u00edtico con esa [&hellip;]<\/p>\n","protected":false},"author":1,"featured_media":0,"comment_status":"open","ping_status":"open","sticky":false,"template":"","format":"standard","meta":{"jetpack_post_was_ever_published":false,"_jetpack_newsletter_access":"","_jetpack_dont_email_post_to_subs":false,"_jetpack_newsletter_tier_id":0,"_jetpack_memberships_contains_paywalled_content":false,"_jetpack_memberships_contains_paid_content":false,"footnotes":""},"categories":[6],"tags":[4248,3484,20581],"class_list":["post-31446","post","type-post","status-publish","format-standard","hentry","category-opinion","tag-paco-cuenca","tag-sindrome-postvacacional","tag-sindrome-preocupacional"],"jetpack_featured_media_url":"","jetpack_sharing_enabled":true,"_links":{"self":[{"href":"https:\/\/www.granadablogs.com\/pateandoelmundo\/wp-json\/wp\/v2\/posts\/31446","targetHints":{"allow":["GET"]}}],"collection":[{"href":"https:\/\/www.granadablogs.com\/pateandoelmundo\/wp-json\/wp\/v2\/posts"}],"about":[{"href":"https:\/\/www.granadablogs.com\/pateandoelmundo\/wp-json\/wp\/v2\/types\/post"}],"author":[{"embeddable":true,"href":"https:\/\/www.granadablogs.com\/pateandoelmundo\/wp-json\/wp\/v2\/users\/1"}],"replies":[{"embeddable":true,"href":"https:\/\/www.granadablogs.com\/pateandoelmundo\/wp-json\/wp\/v2\/comments?post=31446"}],"version-history":[{"count":2,"href":"https:\/\/www.granadablogs.com\/pateandoelmundo\/wp-json\/wp\/v2\/posts\/31446\/revisions"}],"predecessor-version":[{"id":31449,"href":"https:\/\/www.granadablogs.com\/pateandoelmundo\/wp-json\/wp\/v2\/posts\/31446\/revisions\/31449"}],"wp:attachment":[{"href":"https:\/\/www.granadablogs.com\/pateandoelmundo\/wp-json\/wp\/v2\/media?parent=31446"}],"wp:term":[{"taxonomy":"category","embeddable":true,"href":"https:\/\/www.granadablogs.com\/pateandoelmundo\/wp-json\/wp\/v2\/categories?post=31446"},{"taxonomy":"post_tag","embeddable":true,"href":"https:\/\/www.granadablogs.com\/pateandoelmundo\/wp-json\/wp\/v2\/tags?post=31446"}],"curies":[{"name":"wp","href":"https:\/\/api.w.org\/{rel}","templated":true}]}}