{"id":31337,"date":"2021-08-11T08:16:38","date_gmt":"2021-08-11T07:16:38","guid":{"rendered":"https:\/\/www.granadablogs.com\/pateandoelmundo\/?p=31337"},"modified":"2021-08-10T12:23:42","modified_gmt":"2021-08-10T11:23:42","slug":"un-amigo-salvador","status":"publish","type":"post","link":"https:\/\/www.granadablogs.com\/pateandoelmundo\/un-amigo-salvador\/","title":{"rendered":"Un amigo Salvador"},"content":{"rendered":"<p>Hace un par de semanas, cuando se anunci\u00f3 la creaci\u00f3n del convoluto municipal Salva2031 para colocar al exalcalde en el nuevo Ayuntamiento, hubo un cruce de acusaciones entre PP, PSOE y Podemos-IU hablando del coste del invento.<\/p>\n<p><a href=\"https:\/\/www.granadablogs.com\/pateandoelmundo\/campana-y-se-acabo-2\/luis-salvador-paco-cuenca-3\/\" rel=\"attachment wp-att-31162\"><img loading=\"lazy\" decoding=\"async\" class=\"aligncenter size-medium wp-image-31162\" src=\"https:\/\/www.granadablogs.com\/pateandoelmundo\/wp-content\/uploads\/2021\/06\/Luis-Salvador-Paco-Cuenca-300x169.jpg\" alt=\"\" width=\"300\" height=\"169\" srcset=\"https:\/\/www.granadablogs.com\/pateandoelmundo\/wp-content\/uploads\/2021\/06\/Luis-Salvador-Paco-Cuenca-300x169.jpg 300w, https:\/\/www.granadablogs.com\/pateandoelmundo\/wp-content\/uploads\/2021\/06\/Luis-Salvador-Paco-Cuenca.jpg 575w\" sizes=\"auto, (max-width: 300px) 100vw, 300px\" \/><\/a><\/p>\n<p>El PSOE puso mucho \u00e9nfasis en dejar claro que Luis Salvador contar\u00eda para el desempe\u00f1o de sus tareas con dos funcionarios municipales y que, por tanto, el tinglado no conllevar\u00eda sobrecoste. Eso no casaba con las propias palabras del Se\u00f1or del Anillo Verde, que avanz\u00f3 que quer\u00eda recuperar a personas de su confianza que hab\u00edan trabajado con \u00e9l en la alcald\u00eda. (<a href=\"https:\/\/www.granadablogs.com\/pateandoelmundo\/un-portazo-en-las-narices\/\" target=\"_blank\" rel=\"noopener\">Aqu\u00ed<\/a> escrib\u00ed de \u00abCon Salvador ni al tranco de la puerta\u00bb de Jacobo Calvo y <a href=\"https:\/\/www.granadablogs.com\/pateandoelmundo\/salvados-mil-treintayuno\/\" target=\"_blank\" rel=\"noopener\">aqu\u00ed<\/a> de su reconversi\u00f3n en Salva2031).<\/p>\n<p>Antes de ayer se supo que, efectivamente, el grupo municipal socialista del Ayuntamiento contrataba como secretarios a Estrella Corro y Ricardo Ca\u00f1adas con dedicaci\u00f3n exclusiva y un sueldo de 31.189 euros. Ella fue la secretaria de Salvador y \u00e9l, su jefe de gabinete. Ambos concurrieron a las municipales en la lista de Ciudadanos. (<a href=\"https:\/\/www.ideal.es\/granada\/psoe-incorpora-asesores-20210809164652-nt.html\" target=\"_blank\" rel=\"noopener\">Aqu\u00ed<\/a>, la informaci\u00f3n de Pablo Rodr\u00edguez).<\/p>\n<p>El liberalismo era esto. El liberalismo es tener a un amigo Salvador que, en mitad de sus virajes ideol\u00f3gico-pol\u00edticos, tire de ti para procurarte un acomodo. Ya se sabe que quien a buen \u00e1rbol se arrima, buena sombra le cobija. \u00a1Ahora cobra todo su sentido el empe\u00f1o en la plantaci\u00f3n arb\u00f3rea!<\/p>\n<p><a href=\"https:\/\/www.granadablogs.com\/pateandoelmundo\/?attachment_id=31339\" rel=\"attachment wp-att-31339\"><img loading=\"lazy\" decoding=\"async\" class=\"aligncenter size-medium wp-image-31339\" src=\"https:\/\/www.granadablogs.com\/pateandoelmundo\/wp-content\/uploads\/2021\/08\/El-Se\u00f1or-del-Anillo-Verde-300x191.jpg\" alt=\"\" width=\"300\" height=\"191\" srcset=\"https:\/\/www.granadablogs.com\/pateandoelmundo\/wp-content\/uploads\/2021\/08\/El-Se\u00f1or-del-Anillo-Verde-300x191.jpg 300w, https:\/\/www.granadablogs.com\/pateandoelmundo\/wp-content\/uploads\/2021\/08\/El-Se\u00f1or-del-Anillo-Verde-644x409.jpg 644w, https:\/\/www.granadablogs.com\/pateandoelmundo\/wp-content\/uploads\/2021\/08\/El-Se\u00f1or-del-Anillo-Verde.jpg 692w\" sizes=\"auto, (max-width: 300px) 100vw, 300px\" \/><\/a><\/p>\n<p>El PSOE est\u00e1 siendo h\u00e1bil a la hora de gestionar la ingesta de este sapo gordo. Aprovecha las vacaciones de Paco Cuenca, las alertas amarillas y naranjas por calor, la resaca de Tokyo y el duelo por lo de Messi para minimizar su impacto. De hecho, mientras tecleo estas l\u00edneas, matamoscas en mano y escuchando a una chicharra como banda sonora, solo pienso en terminar cuanto antes para ir a darme un ba\u00f1o.<\/p>\n<figure id=\"attachment_31197\" aria-describedby=\"caption-attachment-31197\" style=\"width: 300px\" class=\"wp-caption aligncenter\"><a href=\"https:\/\/www.granadablogs.com\/pateandoelmundo\/la-oficina-del-granaino\/luis-salvador-cochinillo\/\" rel=\"attachment wp-att-31197\"><img loading=\"lazy\" decoding=\"async\" class=\"size-medium wp-image-31197\" src=\"https:\/\/www.granadablogs.com\/pateandoelmundo\/wp-content\/uploads\/2021\/07\/Luis-Salvador-cochinillo-300x169.jpg\" alt=\"\" width=\"300\" height=\"169\" srcset=\"https:\/\/www.granadablogs.com\/pateandoelmundo\/wp-content\/uploads\/2021\/07\/Luis-Salvador-cochinillo-300x169.jpg 300w, https:\/\/www.granadablogs.com\/pateandoelmundo\/wp-content\/uploads\/2021\/07\/Luis-Salvador-cochinillo-768x432.jpg 768w, https:\/\/www.granadablogs.com\/pateandoelmundo\/wp-content\/uploads\/2021\/07\/Luis-Salvador-cochinillo-644x362.jpg 644w, https:\/\/www.granadablogs.com\/pateandoelmundo\/wp-content\/uploads\/2021\/07\/Luis-Salvador-cochinillo.jpg 1200w\" sizes=\"auto, (max-width: 300px) 100vw, 300px\" \/><\/a><figcaption id=\"caption-attachment-31197\" class=\"wp-caption-text\">Los virajes. \u00a1C\u00f3mo son los virajes!<\/figcaption><\/figure>\n<p>Pero antes, unas preguntillas lanzadas al azar. \u00bfSe ir\u00e1n Corro y Ca\u00f1adas a trabajar con Salvador? En ese caso, Jacobo Calvo nos deber\u00eda una explicaci\u00f3n, m\u00e1s all\u00e1 de su famoso \u201cCon Salvador, ni al tranco de la puerta\u201d.\u00a1Qu\u00e9 claro nos qued\u00f3! \u00bfQu\u00e9 pasa con los funcionarios municipales destinados a Salva2031? \u00bfD\u00f3nde se ubicar\u00e1 el negociado en cuesti\u00f3n? Ver\u00e1s t\u00fa que, suma y sigue, todo esto nos sale por un pico.<\/p>\n<p>Vale, vale. Ya me callo, que me estoy poniendo cansino y el cuerpo pide \u00a1marcha, marcha!\u2026 pero de otro tipo. Termino con las palabras de Onofre Miralles, cuyo s\u00edmil uterino s\u00ed me ha gustado esta vez: \u201cQueda claro que Paco Cuenca no ven\u00eda con mellizos sino que se trataba de un embarazo m\u00faltiple\u201d. \u00a1Y tambi\u00e9n un huevo duro!<\/p>\n<p>Jes\u00fas Lens<\/p>\n<p><a href=\"https:\/\/twitter.com\/Jesus_Lens\" target=\"_blank\" rel=\"attachment noopener wp-att-31101\"><img loading=\"lazy\" decoding=\"async\" class=\"size-full wp-image-31101 alignleft\" src=\"https:\/\/www.granadablogs.com\/pateandoelmundo\/wp-content\/uploads\/2021\/06\/00000-Twitter.jpg\" alt=\"\" width=\"196\" height=\"47\" \/><\/a><\/p>\n","protected":false},"excerpt":{"rendered":"<p>Hace un par de semanas, cuando se anunci\u00f3 la creaci\u00f3n del convoluto municipal Salva2031 para colocar al exalcalde en el nuevo Ayuntamiento, hubo un cruce de acusaciones entre PP, PSOE y Podemos-IU hablando del coste del invento. El PSOE puso mucho \u00e9nfasis en dejar claro que Luis Salvador contar\u00eda para el desempe\u00f1o de sus tareas [&hellip;]<\/p>\n","protected":false},"author":1,"featured_media":0,"comment_status":"open","ping_status":"open","sticky":false,"template":"","format":"standard","meta":{"jetpack_post_was_ever_published":false,"_jetpack_newsletter_access":"","_jetpack_dont_email_post_to_subs":false,"_jetpack_newsletter_tier_id":0,"_jetpack_memberships_contains_paywalled_content":false,"_jetpack_memberships_contains_paid_content":false,"footnotes":""},"categories":[6],"tags":[12338,20485,19803],"class_list":["post-31337","post","type-post","status-publish","format-standard","hentry","category-opinion","tag-luis-salvador","tag-salva2031","tag-senor-del-anillo-verde"],"jetpack_featured_media_url":"","jetpack_sharing_enabled":true,"_links":{"self":[{"href":"https:\/\/www.granadablogs.com\/pateandoelmundo\/wp-json\/wp\/v2\/posts\/31337","targetHints":{"allow":["GET"]}}],"collection":[{"href":"https:\/\/www.granadablogs.com\/pateandoelmundo\/wp-json\/wp\/v2\/posts"}],"about":[{"href":"https:\/\/www.granadablogs.com\/pateandoelmundo\/wp-json\/wp\/v2\/types\/post"}],"author":[{"embeddable":true,"href":"https:\/\/www.granadablogs.com\/pateandoelmundo\/wp-json\/wp\/v2\/users\/1"}],"replies":[{"embeddable":true,"href":"https:\/\/www.granadablogs.com\/pateandoelmundo\/wp-json\/wp\/v2\/comments?post=31337"}],"version-history":[{"count":2,"href":"https:\/\/www.granadablogs.com\/pateandoelmundo\/wp-json\/wp\/v2\/posts\/31337\/revisions"}],"predecessor-version":[{"id":31340,"href":"https:\/\/www.granadablogs.com\/pateandoelmundo\/wp-json\/wp\/v2\/posts\/31337\/revisions\/31340"}],"wp:attachment":[{"href":"https:\/\/www.granadablogs.com\/pateandoelmundo\/wp-json\/wp\/v2\/media?parent=31337"}],"wp:term":[{"taxonomy":"category","embeddable":true,"href":"https:\/\/www.granadablogs.com\/pateandoelmundo\/wp-json\/wp\/v2\/categories?post=31337"},{"taxonomy":"post_tag","embeddable":true,"href":"https:\/\/www.granadablogs.com\/pateandoelmundo\/wp-json\/wp\/v2\/tags?post=31337"}],"curies":[{"name":"wp","href":"https:\/\/api.w.org\/{rel}","templated":true}]}}