{"id":31282,"date":"2021-07-25T13:38:53","date_gmt":"2021-07-25T12:38:53","guid":{"rendered":"https:\/\/www.granadablogs.com\/pateandoelmundo\/?p=31282"},"modified":"2021-07-28T13:42:21","modified_gmt":"2021-07-28T12:42:21","slug":"un-activo-llamado-montilla","status":"publish","type":"post","link":"https:\/\/www.granadablogs.com\/pateandoelmundo\/un-activo-llamado-montilla\/","title":{"rendered":"Un activo llamado Montilla"},"content":{"rendered":"<p>Tres fulgurantes a\u00f1os han pasado desde que Jos\u00e9 Antonio Montilla me dijo que se iba a trabajar con Carmen Calvo a Moncloa, en calidad de Secretario de Estado. Fue un visto y no visto. Se mud\u00f3 en apenas un par de d\u00edas y no hubo tiempo de despedidas, ni formales ni improvisadas.<\/p>\n<p><a href=\"https:\/\/www.granadablogs.com\/pateandoelmundo\/un-activo-llamado-montilla\/jose-antonio-montilla\/\" rel=\"attachment wp-att-31283\"><img loading=\"lazy\" decoding=\"async\" class=\"aligncenter size-medium wp-image-31283\" src=\"https:\/\/www.granadablogs.com\/pateandoelmundo\/wp-content\/uploads\/2021\/07\/Jos\u00e9-Antonio-Montilla-300x185.jpg\" alt=\"\" width=\"300\" height=\"185\" srcset=\"https:\/\/www.granadablogs.com\/pateandoelmundo\/wp-content\/uploads\/2021\/07\/Jos\u00e9-Antonio-Montilla-300x185.jpg 300w, https:\/\/www.granadablogs.com\/pateandoelmundo\/wp-content\/uploads\/2021\/07\/Jos\u00e9-Antonio-Montilla.jpg 624w\" sizes=\"auto, (max-width: 300px) 100vw, 300px\" \/><\/a><\/p>\n<p>La siguiente vez que nos vimos fue en una manifestaci\u00f3n que recorr\u00eda el centro de Granada. A pesar del l\u00f3gico barullo, tuvimos ocasi\u00f3n de charlar un buen rato sobre su trabajo en Moncloa. Montilla siempre ha sido optimista, pero le encontr\u00e9 especialmente entusiasta. Derrochaba convencimiento por los cuatro costados.<\/p>\n<p>A partir de entonces, de vez en cuando le preguntaba cosillas por guasap. C\u00f3mo ve\u00eda tal cosa, qu\u00e9 le parec\u00eda tal otra\u2026 Siempre fue transparente, claro y di\u00e1fano. Y conciso, l\u00f3gicamente, en sus agudos y certeros diagn\u00f3sticos.<\/p>\n<p>Hace un par de s\u00e1bados, con la crisis de Gobierno abierta por Pedro S\u00e1nchez y que afect\u00f3 a Carmen Calvo en primer\u00edsima persona, le pregunt\u00e9 a Montilla si seguir\u00eda o no. Que no lo sab\u00eda. Que ten\u00eda que hablar con F\u00e9lix Bola\u00f1os, pero ten\u00eda muy claro que \u00e9l se hab\u00eda ido a Madrid con Carmen\u2026<\/p>\n<p>Efectivamente, el nuevo Ministro quer\u00eda contar con un equipo propio, \u201cal menos en la parte de arriba\u201d, me dijo Jos\u00e9 Antonio cuando se confirm\u00f3 que sal\u00eda del Gobierno. La siguiente pregunta era obligada: \u00bfqu\u00e9 tal est\u00e1s y qu\u00e9 planes tienes?<\/p>\n<p>De que estaba bien no me cab\u00eda la menor duda. Sobre sus planes, a\u00fan es pronto para hablar. Personalmente, como le dec\u00eda a \u00e9l, me gustar\u00eda que se vuelva para Granada y que se incorpore de alguna manera al equipo de Paco Cuenca, directa o indirectamente. Tengo la firme convicci\u00f3n de que las cosas est\u00e1n cambiando. Hay un mar de fondo que va a sacudir Granada y, con el impulso de los fondos Next Generation, podemos vivir esa transformaci\u00f3n que la sociedad pide a gritos.<\/p>\n<p><a href=\"https:\/\/www.granadablogs.com\/pateandoelmundo\/un-activo-llamado-montilla\/el-gobierno-ratifica-a-jose-antonio-montilla-como-secretario-de-estado-de-relaciones-con-las-cortes\/\" rel=\"attachment wp-att-31284\"><img loading=\"lazy\" decoding=\"async\" class=\"size-medium wp-image-31284\" src=\"https:\/\/www.granadablogs.com\/pateandoelmundo\/wp-content\/uploads\/2021\/07\/Jos\u00e9-A.-Montilla-300x201.jpg\" alt=\"\" width=\"300\" height=\"201\" srcset=\"https:\/\/www.granadablogs.com\/pateandoelmundo\/wp-content\/uploads\/2021\/07\/Jos\u00e9-A.-Montilla-300x201.jpg 300w, https:\/\/www.granadablogs.com\/pateandoelmundo\/wp-content\/uploads\/2021\/07\/Jos\u00e9-A.-Montilla-768x515.jpg 768w, https:\/\/www.granadablogs.com\/pateandoelmundo\/wp-content\/uploads\/2021\/07\/Jos\u00e9-A.-Montilla-644x431.jpg 644w, https:\/\/www.granadablogs.com\/pateandoelmundo\/wp-content\/uploads\/2021\/07\/Jos\u00e9-A.-Montilla.jpg 1200w\" sizes=\"auto, (max-width: 300px) 100vw, 300px\" \/><\/a><\/p>\n<p>M\u00e1s all\u00e1 de ser un jurista de reconocido prestigio, catedr\u00e1tico de Derecho Constitucional y amplia experiencia en gesti\u00f3n, Montilla tiene un coco privilegiado. Es una de las mejores cabezas de nuestra generaci\u00f3n y no est\u00e1 ni hastiado ni quemado. Vuelve a Granada con las ilusiones intactas y con la satisfacci\u00f3n del trabajo bien hecho.<\/p>\n<p>Jos\u00e9 Antonio Montilla es uno de los mejores activos no ya del PSOE y de la UGR, sino de la sociedad granadina en su conjunto. Ojal\u00e1 que sepamos aprovecharlo. Porque ganas, tiene.<\/p>\n<p>Jes\u00fas Lens<\/p>\n<p><a href=\"https:\/\/twitter.com\/Jesus_Lens\" target=\"_blank\" rel=\"attachment noopener wp-att-31101\"><img loading=\"lazy\" decoding=\"async\" class=\"size-full wp-image-31101 alignleft\" src=\"https:\/\/www.granadablogs.com\/pateandoelmundo\/wp-content\/uploads\/2021\/06\/00000-Twitter.jpg\" alt=\"\" width=\"196\" height=\"47\" \/><\/a><\/p>\n","protected":false},"excerpt":{"rendered":"<p>Tres fulgurantes a\u00f1os han pasado desde que Jos\u00e9 Antonio Montilla me dijo que se iba a trabajar con Carmen Calvo a Moncloa, en calidad de Secretario de Estado. Fue un visto y no visto. Se mud\u00f3 en apenas un par de d\u00edas y no hubo tiempo de despedidas, ni formales ni improvisadas. La siguiente vez [&hellip;]<\/p>\n","protected":false},"author":1,"featured_media":0,"comment_status":"open","ping_status":"open","sticky":false,"template":"","format":"standard","meta":{"jetpack_post_was_ever_published":false,"_jetpack_newsletter_access":"","_jetpack_dont_email_post_to_subs":false,"_jetpack_newsletter_tier_id":0,"_jetpack_memberships_contains_paywalled_content":false,"_jetpack_memberships_contains_paid_content":false,"footnotes":""},"categories":[6],"tags":[15213,20487,4248,20488],"class_list":["post-31282","post","type-post","status-publish","format-standard","hentry","category-opinion","tag-jose-antonio-montilla","tag-montilla-activo-psoe","tag-paco-cuenca","tag-vuelvo-a-granada"],"jetpack_featured_media_url":"","jetpack_sharing_enabled":true,"_links":{"self":[{"href":"https:\/\/www.granadablogs.com\/pateandoelmundo\/wp-json\/wp\/v2\/posts\/31282","targetHints":{"allow":["GET"]}}],"collection":[{"href":"https:\/\/www.granadablogs.com\/pateandoelmundo\/wp-json\/wp\/v2\/posts"}],"about":[{"href":"https:\/\/www.granadablogs.com\/pateandoelmundo\/wp-json\/wp\/v2\/types\/post"}],"author":[{"embeddable":true,"href":"https:\/\/www.granadablogs.com\/pateandoelmundo\/wp-json\/wp\/v2\/users\/1"}],"replies":[{"embeddable":true,"href":"https:\/\/www.granadablogs.com\/pateandoelmundo\/wp-json\/wp\/v2\/comments?post=31282"}],"version-history":[{"count":2,"href":"https:\/\/www.granadablogs.com\/pateandoelmundo\/wp-json\/wp\/v2\/posts\/31282\/revisions"}],"predecessor-version":[{"id":31286,"href":"https:\/\/www.granadablogs.com\/pateandoelmundo\/wp-json\/wp\/v2\/posts\/31282\/revisions\/31286"}],"wp:attachment":[{"href":"https:\/\/www.granadablogs.com\/pateandoelmundo\/wp-json\/wp\/v2\/media?parent=31282"}],"wp:term":[{"taxonomy":"category","embeddable":true,"href":"https:\/\/www.granadablogs.com\/pateandoelmundo\/wp-json\/wp\/v2\/categories?post=31282"},{"taxonomy":"post_tag","embeddable":true,"href":"https:\/\/www.granadablogs.com\/pateandoelmundo\/wp-json\/wp\/v2\/tags?post=31282"}],"curies":[{"name":"wp","href":"https:\/\/api.w.org\/{rel}","templated":true}]}}