{"id":31256,"date":"2021-07-23T17:49:05","date_gmt":"2021-07-23T16:49:05","guid":{"rendered":"https:\/\/www.granadablogs.com\/pateandoelmundo\/?p=31256"},"modified":"2021-07-23T17:49:05","modified_gmt":"2021-07-23T16:49:05","slug":"el-crudo-futuro-de-cs","status":"publish","type":"post","link":"https:\/\/www.granadablogs.com\/pateandoelmundo\/el-crudo-futuro-de-cs\/","title":{"rendered":"El crudo futuro de Cs"},"content":{"rendered":"<p>Acabo de leer lo de la crisis en Ciudadanos y no me he enterado de nada. Me refiero ahora al l\u00edo provocado por Juan Mar\u00edn y los cambios en la direcci\u00f3n de su grupo parlamentario. Salen Sergio Romero y Fran Carrillo y entran Teresa Pardo, Julio D\u00edaz y Enrique Romero. No me pregunten ni de d\u00f3nde salen ni a d\u00f3nde entran. Ni quienes son los unos y los otros. A qui\u00e9nes representan o a qui\u00e9nes dejan de representar. Es que ni idea, oiga.<\/p>\n<p><a href=\"https:\/\/www.granadablogs.com\/pateandoelmundo\/alcalde-solo-para-granada\/sebas-salvador\/\" rel=\"attachment wp-att-31177\"><img loading=\"lazy\" decoding=\"async\" class=\"aligncenter size-medium wp-image-31177\" src=\"https:\/\/www.granadablogs.com\/pateandoelmundo\/wp-content\/uploads\/2021\/07\/Sebas-Salvador-300x185.jpg\" alt=\"\" width=\"300\" height=\"185\" srcset=\"https:\/\/www.granadablogs.com\/pateandoelmundo\/wp-content\/uploads\/2021\/07\/Sebas-Salvador-300x185.jpg 300w, https:\/\/www.granadablogs.com\/pateandoelmundo\/wp-content\/uploads\/2021\/07\/Sebas-Salvador.jpg 624w\" sizes=\"auto, (max-width: 300px) 100vw, 300px\" \/><\/a><\/p>\n<p>El mejor ejemplo de por qu\u00e9 considero a Ciudadanos un partido zombi lo tenemos en Granada: de los cuatro concejales que ten\u00eda en el Ayuntamiento, Manuel Olivares y Luc\u00eda Garrido abandonaron la formaci\u00f3n y figuran como No adscritos a la espera de que termine la veda y se abra la temporada de caza en el PP.<\/p>\n<p>Los expedientados Huertas y Salvador, por su parte, se han puesto a los pies de Espadas y solo les ha faltado decirle al mandam\u00e1s socialista aquello de \u201cun admirador, un esclavo, un amigo, un siervo\u201d. \u00a1Qu\u00e9 fatiga! Con lo que los socialistas granadinos han rajado en p\u00fablico y en privado de Luis \u2018ni al tranco de la puerta\u2019 Salvador, comerse ese sapo se les va a estar repitiendo hasta mayo de 2023. Y veremos si no m\u00e1s.<\/p>\n<p>Reconozco que tengo curiosidad por saber qu\u00e9 competencias tendr\u00e1 el chiringuito que Paco Cuenca le va a montar al ex alcalde. \u00bfSer\u00e1 la Smart City o ser\u00e1 la Capitalidad Cultural? Lo mismo le caen las dos. \u00bfSer\u00e1 por cabeza? As\u00ed las cosas, es normal que en Podemos-Izquierda Unida est\u00e9n reticentes a darle el \u2018S\u00ed quiero\u2019 al alcalde. Al menos, hasta conocer el negociado de Salvador. Una cosa es ser \u00fatiles al gobierno de la ciudad y otra muy distinta ser los tontos \u00fatiles del gobierno municipal.<\/p>\n<p><a href=\"https:\/\/www.granadablogs.com\/pateandoelmundo\/campana-y-se-acabo-2\/luis-salvador-paco-cuenca-3\/\" rel=\"attachment wp-att-31162\"><img loading=\"lazy\" decoding=\"async\" class=\"aligncenter size-medium wp-image-31162\" src=\"https:\/\/www.granadablogs.com\/pateandoelmundo\/wp-content\/uploads\/2021\/06\/Luis-Salvador-Paco-Cuenca-300x169.jpg\" alt=\"\" width=\"300\" height=\"169\" srcset=\"https:\/\/www.granadablogs.com\/pateandoelmundo\/wp-content\/uploads\/2021\/06\/Luis-Salvador-Paco-Cuenca-300x169.jpg 300w, https:\/\/www.granadablogs.com\/pateandoelmundo\/wp-content\/uploads\/2021\/06\/Luis-Salvador-Paco-Cuenca.jpg 575w\" sizes=\"auto, (max-width: 300px) 100vw, 300px\" \/><\/a><\/p>\n<p>Seg\u00fan el CIS de julio, Ciudadanos sigue bajando en estimaci\u00f3n de voto en Espa\u00f1a. Del 6,8% de los sufragios que obtuvo en las elecciones de noviembre de 2019, pasar\u00eda a un 5,5%. Podr\u00eda estar tocando suelo, eso s\u00ed, dado que en junio se situaba en el 5,7%.<\/p>\n<p>Con el PP de Casado escorado tan a la derecha que tiene a Vox a tiro de piedra y con un PSOE apoyado en las muleta de Podemos y Esquerra; Ciudadanos deber\u00eda ocupar un ampl\u00edsimo ancho de banda. Como siga protagonizando esperpentos como los de Murcia y Granada, eso s\u00ed, lo tiene crudo.<\/p>\n<p>Jes\u00fas Lens<\/p>\n<p><a href=\"https:\/\/twitter.com\/Jesus_Lens\" target=\"_blank\" rel=\"attachment noopener wp-att-31101\"><img loading=\"lazy\" decoding=\"async\" class=\"size-full wp-image-31101 alignleft\" src=\"https:\/\/www.granadablogs.com\/pateandoelmundo\/wp-content\/uploads\/2021\/06\/00000-Twitter.jpg\" alt=\"\" width=\"196\" height=\"47\" \/><\/a><\/p>\n","protected":false},"excerpt":{"rendered":"<p>Acabo de leer lo de la crisis en Ciudadanos y no me he enterado de nada. Me refiero ahora al l\u00edo provocado por Juan Mar\u00edn y los cambios en la direcci\u00f3n de su grupo parlamentario. Salen Sergio Romero y Fran Carrillo y entran Teresa Pardo, Julio D\u00edaz y Enrique Romero. No me pregunten ni de [&hellip;]<\/p>\n","protected":false},"author":1,"featured_media":0,"comment_status":"open","ping_status":"open","sticky":false,"template":"","format":"standard","meta":{"jetpack_post_was_ever_published":false,"_jetpack_newsletter_access":"","_jetpack_dont_email_post_to_subs":false,"_jetpack_newsletter_tier_id":0,"_jetpack_memberships_contains_paywalled_content":false,"_jetpack_memberships_contains_paid_content":false,"footnotes":""},"categories":[6],"tags":[20465,12338,20466,20464],"class_list":["post-31256","post","type-post","status-publish","format-standard","hentry","category-opinion","tag-chiringuito-salvador","tag-luis-salvador","tag-paco-cuenca-luis-salvador","tag-toni-canto-granadino"],"jetpack_featured_media_url":"","jetpack_sharing_enabled":true,"_links":{"self":[{"href":"https:\/\/www.granadablogs.com\/pateandoelmundo\/wp-json\/wp\/v2\/posts\/31256","targetHints":{"allow":["GET"]}}],"collection":[{"href":"https:\/\/www.granadablogs.com\/pateandoelmundo\/wp-json\/wp\/v2\/posts"}],"about":[{"href":"https:\/\/www.granadablogs.com\/pateandoelmundo\/wp-json\/wp\/v2\/types\/post"}],"author":[{"embeddable":true,"href":"https:\/\/www.granadablogs.com\/pateandoelmundo\/wp-json\/wp\/v2\/users\/1"}],"replies":[{"embeddable":true,"href":"https:\/\/www.granadablogs.com\/pateandoelmundo\/wp-json\/wp\/v2\/comments?post=31256"}],"version-history":[{"count":1,"href":"https:\/\/www.granadablogs.com\/pateandoelmundo\/wp-json\/wp\/v2\/posts\/31256\/revisions"}],"predecessor-version":[{"id":31257,"href":"https:\/\/www.granadablogs.com\/pateandoelmundo\/wp-json\/wp\/v2\/posts\/31256\/revisions\/31257"}],"wp:attachment":[{"href":"https:\/\/www.granadablogs.com\/pateandoelmundo\/wp-json\/wp\/v2\/media?parent=31256"}],"wp:term":[{"taxonomy":"category","embeddable":true,"href":"https:\/\/www.granadablogs.com\/pateandoelmundo\/wp-json\/wp\/v2\/categories?post=31256"},{"taxonomy":"post_tag","embeddable":true,"href":"https:\/\/www.granadablogs.com\/pateandoelmundo\/wp-json\/wp\/v2\/tags?post=31256"}],"curies":[{"name":"wp","href":"https:\/\/api.w.org\/{rel}","templated":true}]}}