{"id":31196,"date":"2021-07-05T10:20:20","date_gmt":"2021-07-05T09:20:20","guid":{"rendered":"https:\/\/www.granadablogs.com\/pateandoelmundo\/?p=31196"},"modified":"2021-07-05T10:20:20","modified_gmt":"2021-07-05T09:20:20","slug":"la-oficina-del-granaino","status":"publish","type":"post","link":"https:\/\/www.granadablogs.com\/pateandoelmundo\/la-oficina-del-granaino\/","title":{"rendered":"La Oficina del Grana\u00edno"},"content":{"rendered":"<p>Estos d\u00edas habr\u00e1 nervios en los restaurantes del centro por donde habitualmente pasean palmito nuestros pol\u00edticos. Aunque, prevenidos, los actores de las negociaciones de \u00faltima hora pueden jugar al despiste y citarse en la periferia.<\/p>\n<p>Luis Salvador se mostraba confianzudo en la entrevista de ayer con Quico Chirino: el alcalde ser\u00e1 Cuenca. M\u00e1s concretamente, el candidato que presente el PSOE. \u00bfAlguien duda, sin embargo, de que el PP intentar\u00e1 movimientos de \u00faltima hora a ver si, cochinillo mediante, le hace cambiar de opini\u00f3n? No ser\u00eda la primera vez\u2026 Tampoco ser\u00e1 f\u00e1cil, visto lo que Salvador ha soltado por su boquita sobre Luc\u00eda Garrido, Manuel Olivares y Sebasti\u00e1n P\u00e9rez. \u00a1Qu\u00e9 buen rollito en aquel equipo de gobierno! La cohesi\u00f3n de la nueva pol\u00edtica.<\/p>\n<p><a href=\"https:\/\/www.granadablogs.com\/pateandoelmundo\/la-oficina-del-granaino\/luis-salvador-cochinillo\/\" rel=\"attachment wp-att-31197\"><img loading=\"lazy\" decoding=\"async\" class=\"aligncenter size-medium wp-image-31197\" src=\"https:\/\/www.granadablogs.com\/pateandoelmundo\/wp-content\/uploads\/2021\/07\/Luis-Salvador-cochinillo-300x169.jpg\" alt=\"\" width=\"300\" height=\"169\" srcset=\"https:\/\/www.granadablogs.com\/pateandoelmundo\/wp-content\/uploads\/2021\/07\/Luis-Salvador-cochinillo-300x169.jpg 300w, https:\/\/www.granadablogs.com\/pateandoelmundo\/wp-content\/uploads\/2021\/07\/Luis-Salvador-cochinillo-768x432.jpg 768w, https:\/\/www.granadablogs.com\/pateandoelmundo\/wp-content\/uploads\/2021\/07\/Luis-Salvador-cochinillo-644x362.jpg 644w, https:\/\/www.granadablogs.com\/pateandoelmundo\/wp-content\/uploads\/2021\/07\/Luis-Salvador-cochinillo.jpg 1200w\" sizes=\"auto, (max-width: 300px) 100vw, 300px\" \/><\/a><\/p>\n<p>Lo que m\u00e1s ha llamado la atenci\u00f3n de la entrevista, sin embargo, son los halagos de Salvador a Espadas. Solo le falt\u00f3 decir que se pone a disposici\u00f3n del nuevo l\u00edder del PSOE andaluz para lo que desee, mande, quiera o se le ocurra. Y tembl\u00f3 el misterio.<\/p>\n<p>Hace unos d\u00edas se conoc\u00eda el chollo \u2014un chiringuito es algo demasiado serio para dejarlo en manos de esta tropa\u2014 que Ayuso le ha montado a Cant\u00f3 con su Oficina del Espa\u00f1ol. Va muy en la l\u00ednea de las prebendas que S\u00e1nchez ha repartido a diestro y siniestro, siguiendo el ejemplo de sus antecesores en el cargo. \u00bfLe plantear\u00e1n alguna cosa por el estilo a Salvador? Algo modernillo, en plan Human Tech Luz o Smart Fond.<\/p>\n<p><a href=\"https:\/\/www.granadablogs.com\/pateandoelmundo\/alcalde-solo-para-granada\/sebas-salvador\/\" rel=\"attachment wp-att-31177\"><img loading=\"lazy\" decoding=\"async\" class=\"aligncenter size-medium wp-image-31177\" src=\"https:\/\/www.granadablogs.com\/pateandoelmundo\/wp-content\/uploads\/2021\/07\/Sebas-Salvador-300x185.jpg\" alt=\"\" width=\"300\" height=\"185\" srcset=\"https:\/\/www.granadablogs.com\/pateandoelmundo\/wp-content\/uploads\/2021\/07\/Sebas-Salvador-300x185.jpg 300w, https:\/\/www.granadablogs.com\/pateandoelmundo\/wp-content\/uploads\/2021\/07\/Sebas-Salvador.jpg 624w\" sizes=\"auto, (max-width: 300px) 100vw, 300px\" \/><\/a><\/p>\n<p>Lo mismo en la Junta, presente o futura, se plantean montar la Casilla del Andaluz. Incluso se puede ir creando una Oficina del Grana\u00edno que incluya entre sus competencias un Observatorio de la Malafoll\u00e1, como me apuntaba un internauta de afilado ingenio.<\/p>\n<p>Otro posible destino ser\u00eda la Oficina T\u00e9cnica de la Capitalidad Cultural 2031, sita en la que fuera Sala de Exposiciones de CajaGranada en Puerta Real, cerrada a cal y canto desde hace m\u00e1s de un a\u00f1o por una cabezoner\u00eda \u2014por decirlo suavemente\u2014 que solo ha servido para hurtarle a Granada y a los granadinos otro de sus grandes referentes culturales.<\/p>\n<p><a href=\"https:\/\/www.granadablogs.com\/pateandoelmundo\/campana-y-se-acabo-2\/luis-salvador-paco-cuenca-3\/\" rel=\"attachment wp-att-31162\"><img loading=\"lazy\" decoding=\"async\" class=\"aligncenter size-medium wp-image-31162\" src=\"https:\/\/www.granadablogs.com\/pateandoelmundo\/wp-content\/uploads\/2021\/06\/Luis-Salvador-Paco-Cuenca-300x169.jpg\" alt=\"\" width=\"300\" height=\"169\" srcset=\"https:\/\/www.granadablogs.com\/pateandoelmundo\/wp-content\/uploads\/2021\/06\/Luis-Salvador-Paco-Cuenca-300x169.jpg 300w, https:\/\/www.granadablogs.com\/pateandoelmundo\/wp-content\/uploads\/2021\/06\/Luis-Salvador-Paco-Cuenca.jpg 575w\" sizes=\"auto, (max-width: 300px) 100vw, 300px\" \/><\/a><\/p>\n<p>No piensen que me tomo todo esto a chirigota. Al menos, no m\u00e1s que los actores protagonistas. Si los art\u00edfices de este sinsentido, los Herv\u00edas, Teodoros y compa\u00f1\u00eda, fueran guionistas de Netflix, estar\u00edan despedidos por su rotundo fracaso. Como son pol\u00edticos, ah\u00ed siguen, viendo pasar el tiempo\u2026 y los cad\u00e1veres de los alcaldes quemados en Granada, oliendo a chamusquina.<\/p>\n<p>Jes\u00fas Lens<\/p>\n<p><a href=\"https:\/\/twitter.com\/Jesus_Lens\" target=\"_blank\" rel=\"attachment noopener wp-att-31101\"><img loading=\"lazy\" decoding=\"async\" class=\"size-full wp-image-31101 alignleft\" src=\"https:\/\/www.granadablogs.com\/pateandoelmundo\/wp-content\/uploads\/2021\/06\/00000-Twitter.jpg\" alt=\"\" width=\"196\" height=\"47\" \/><\/a><\/p>\n","protected":false},"excerpt":{"rendered":"<p>Estos d\u00edas habr\u00e1 nervios en los restaurantes del centro por donde habitualmente pasean palmito nuestros pol\u00edticos. Aunque, prevenidos, los actores de las negociaciones de \u00faltima hora pueden jugar al despiste y citarse en la periferia. Luis Salvador se mostraba confianzudo en la entrevista de ayer con Quico Chirino: el alcalde ser\u00e1 Cuenca. M\u00e1s concretamente, el [&hellip;]<\/p>\n","protected":false},"author":1,"featured_media":0,"comment_status":"open","ping_status":"open","sticky":false,"template":"","format":"standard","meta":{"jetpack_post_was_ever_published":false,"_jetpack_newsletter_access":"","_jetpack_dont_email_post_to_subs":false,"_jetpack_newsletter_tier_id":0,"_jetpack_memberships_contains_paywalled_content":false,"_jetpack_memberships_contains_paid_content":false,"footnotes":""},"categories":[6],"tags":[12338,20432,20431,20433,20430,4248],"class_list":["post-31196","post","type-post","status-publish","format-standard","hentry","category-opinion","tag-luis-salvador","tag-luis-salvador-psoe","tag-observatorio-de-la-malafolla","tag-oficina-del-andaluz","tag-oficina-del-granaino","tag-paco-cuenca"],"jetpack_featured_media_url":"","jetpack_sharing_enabled":true,"_links":{"self":[{"href":"https:\/\/www.granadablogs.com\/pateandoelmundo\/wp-json\/wp\/v2\/posts\/31196","targetHints":{"allow":["GET"]}}],"collection":[{"href":"https:\/\/www.granadablogs.com\/pateandoelmundo\/wp-json\/wp\/v2\/posts"}],"about":[{"href":"https:\/\/www.granadablogs.com\/pateandoelmundo\/wp-json\/wp\/v2\/types\/post"}],"author":[{"embeddable":true,"href":"https:\/\/www.granadablogs.com\/pateandoelmundo\/wp-json\/wp\/v2\/users\/1"}],"replies":[{"embeddable":true,"href":"https:\/\/www.granadablogs.com\/pateandoelmundo\/wp-json\/wp\/v2\/comments?post=31196"}],"version-history":[{"count":2,"href":"https:\/\/www.granadablogs.com\/pateandoelmundo\/wp-json\/wp\/v2\/posts\/31196\/revisions"}],"predecessor-version":[{"id":31199,"href":"https:\/\/www.granadablogs.com\/pateandoelmundo\/wp-json\/wp\/v2\/posts\/31196\/revisions\/31199"}],"wp:attachment":[{"href":"https:\/\/www.granadablogs.com\/pateandoelmundo\/wp-json\/wp\/v2\/media?parent=31196"}],"wp:term":[{"taxonomy":"category","embeddable":true,"href":"https:\/\/www.granadablogs.com\/pateandoelmundo\/wp-json\/wp\/v2\/categories?post=31196"},{"taxonomy":"post_tag","embeddable":true,"href":"https:\/\/www.granadablogs.com\/pateandoelmundo\/wp-json\/wp\/v2\/tags?post=31196"}],"curies":[{"name":"wp","href":"https:\/\/api.w.org\/{rel}","templated":true}]}}