{"id":31180,"date":"2021-07-02T13:18:56","date_gmt":"2021-07-02T12:18:56","guid":{"rendered":"https:\/\/www.granadablogs.com\/pateandoelmundo\/?p=31180"},"modified":"2021-07-03T13:20:44","modified_gmt":"2021-07-03T12:20:44","slug":"alcalde-con-altura-de-miras","status":"publish","type":"post","link":"https:\/\/www.granadablogs.com\/pateandoelmundo\/alcalde-con-altura-de-miras\/","title":{"rendered":"Alcalde con altura de miras"},"content":{"rendered":"<p>Imper\u00f3 la l\u00f3gica y dimiti\u00f3 Salvador. Por fin. Debi\u00f3 hacerlo semanas atr\u00e1s, cuando sus socios de gobierno y de partido le dieron la espalda y lo dejaron m\u00e1s solo que Gary Cooper ante el peligro. Ha estado prolongando la agon\u00eda innecesariamente. \u00bfBuscando apoyos imposibles? \u00bfTrabaj\u00e1ndose un puente de plata, m\u00e1s o menos lejano? Ya da igual.<\/p>\n<p><a href=\"https:\/\/www.granadablogs.com\/pateandoelmundo\/campana-y-se-acabo-2\/luis-salvador-paco-cuenca-3\/\" rel=\"attachment wp-att-31162\"><img loading=\"lazy\" decoding=\"async\" class=\"aligncenter size-medium wp-image-31162\" src=\"https:\/\/www.granadablogs.com\/pateandoelmundo\/wp-content\/uploads\/2021\/06\/Luis-Salvador-Paco-Cuenca-300x169.jpg\" alt=\"\" width=\"300\" height=\"169\" srcset=\"https:\/\/www.granadablogs.com\/pateandoelmundo\/wp-content\/uploads\/2021\/06\/Luis-Salvador-Paco-Cuenca-300x169.jpg 300w, https:\/\/www.granadablogs.com\/pateandoelmundo\/wp-content\/uploads\/2021\/06\/Luis-Salvador-Paco-Cuenca.jpg 575w\" sizes=\"auto, (max-width: 300px) 100vw, 300px\" \/><\/a><\/p>\n<p>El anuncio de que Salvador apoyar\u00e1 a la lista m\u00e1s votada en su momento y saber que no conservar\u00e1 ning\u00fan puesto de representaci\u00f3n org\u00e1nica en el Ayuntamiento, en principio, le da legitimidad democr\u00e1tica a la alcald\u00eda de Paco Cuenca, que estar\u00e1 libre de pagar peajes por oscuras componendas. En principio, insisto.<\/p>\n<p>Y es aqu\u00ed donde debemos exigirle altura de miras al presumiblemente nuevo alcalde. El lunes pasado, conversando con Francisco Herrera, catedr\u00e1tico de Inteligencia Artificial a la vez que concejal del PSOE, se mostraba convencido de poder gobernar en minor\u00eda. La clave: un presupuesto. El que no le permitieron sacar adelante a Cuenca durante su anterior mandato.<\/p>\n<p>\u00bfSer\u00eda posible, por una vez, que PSOE, PP, Podemos-IU, Vox y los restos de Cs consensuaran un acuerdo de m\u00ednimos sobre el el futuro de la ciudad? Cuenca ha estado ense\u00f1ando estos d\u00edas un documento con 40 propuestas por y para Granada. Se le critica que adolece de falta de concreci\u00f3n. De ser voluntarista. Vale. Que necesita del apoyo del Gobierno central. Pero no he o\u00eddo decir que sea disparatado.<\/p>\n<p><a href=\"https:\/\/www.granadablogs.com\/pateandoelmundo\/?attachment_id=31177\" rel=\"attachment wp-att-31177\"><img loading=\"lazy\" decoding=\"async\" class=\"aligncenter size-medium wp-image-31177\" src=\"https:\/\/www.granadablogs.com\/pateandoelmundo\/wp-content\/uploads\/2021\/07\/Sebas-Salvador-300x185.jpg\" alt=\"\" width=\"300\" height=\"185\" srcset=\"https:\/\/www.granadablogs.com\/pateandoelmundo\/wp-content\/uploads\/2021\/07\/Sebas-Salvador-300x185.jpg 300w, https:\/\/www.granadablogs.com\/pateandoelmundo\/wp-content\/uploads\/2021\/07\/Sebas-Salvador.jpg 624w\" sizes=\"auto, (max-width: 300px) 100vw, 300px\" \/><\/a><\/p>\n<p>A la espera de los fondos Next Generation, es perentorio que los concejales del Ayuntamiento aparquen sus diferencias, personales e ideol\u00f3gicas, y se sienten a hablar del futuro de Granada, m\u00e1s all\u00e1 de su futuro personal y profesional.<\/p>\n<p>\u00bfQu\u00e9 Granada quieren? \u00bfQu\u00e9 Granada queremos? A una Granada realizable, me refiero. A una Granada posible. Y la hoja de ruta para llegar a ella en un plazo igualmente cre\u00edble.<\/p>\n<p>Olviden el Gran Espacio Esc\u00e9nico y desembovedar el Darro, por favor. C\u00e9ntrense en metas realizables y conseguibles. P\u00f3nganse de acuerdo en una Granada del futuro en la que trabajar todos a una. No pongan en marcha, por la bravas, proyectos cuestionables que dividan a la ciudadan\u00eda y que, en la campa\u00f1a de 2023, sirvan de arma arrojadiza. Y ojito con los roalillos y los amiguetes. Con los c\u00edrculos de confianza m\u00e1s excluyentes y los asesores \u00e1ulicos, siempre en la sombra.<\/p>\n<p>Se abre un nuevo cap\u00edtulo en la historia de Granada. Consigamos que su horizonte vaya m\u00e1s all\u00e1 del 2023, gane quien gane esas elecciones.<\/p>\n<p>Jes\u00fas Lens<\/p>\n<p><a href=\"https:\/\/twitter.com\/Jesus_Lens\" target=\"_blank\" rel=\"attachment noopener wp-att-31101\"><img loading=\"lazy\" decoding=\"async\" class=\"size-full wp-image-31101 alignleft\" src=\"https:\/\/www.granadablogs.com\/pateandoelmundo\/wp-content\/uploads\/2021\/06\/00000-Twitter.jpg\" alt=\"\" width=\"196\" height=\"47\" \/><\/a><\/p>\n","protected":false},"excerpt":{"rendered":"<p>Imper\u00f3 la l\u00f3gica y dimiti\u00f3 Salvador. Por fin. Debi\u00f3 hacerlo semanas atr\u00e1s, cuando sus socios de gobierno y de partido le dieron la espalda y lo dejaron m\u00e1s solo que Gary Cooper ante el peligro. Ha estado prolongando la agon\u00eda innecesariamente. \u00bfBuscando apoyos imposibles? \u00bfTrabaj\u00e1ndose un puente de plata, m\u00e1s o menos lejano? Ya da [&hellip;]<\/p>\n","protected":false},"author":1,"featured_media":0,"comment_status":"open","ping_status":"open","sticky":false,"template":"","format":"standard","meta":{"jetpack_post_was_ever_published":false,"_jetpack_newsletter_access":"","_jetpack_dont_email_post_to_subs":false,"_jetpack_newsletter_tier_id":0,"_jetpack_memberships_contains_paywalled_content":false,"_jetpack_memberships_contains_paid_content":false,"footnotes":""},"categories":[6],"tags":[20423,12399],"class_list":["post-31180","post","type-post","status-publish","format-standard","hentry","category-opinion","tag-alcalde-con-altura-de-miras","tag-paco-cuenca-alcalde-granada"],"jetpack_featured_media_url":"","jetpack_sharing_enabled":true,"_links":{"self":[{"href":"https:\/\/www.granadablogs.com\/pateandoelmundo\/wp-json\/wp\/v2\/posts\/31180","targetHints":{"allow":["GET"]}}],"collection":[{"href":"https:\/\/www.granadablogs.com\/pateandoelmundo\/wp-json\/wp\/v2\/posts"}],"about":[{"href":"https:\/\/www.granadablogs.com\/pateandoelmundo\/wp-json\/wp\/v2\/types\/post"}],"author":[{"embeddable":true,"href":"https:\/\/www.granadablogs.com\/pateandoelmundo\/wp-json\/wp\/v2\/users\/1"}],"replies":[{"embeddable":true,"href":"https:\/\/www.granadablogs.com\/pateandoelmundo\/wp-json\/wp\/v2\/comments?post=31180"}],"version-history":[{"count":1,"href":"https:\/\/www.granadablogs.com\/pateandoelmundo\/wp-json\/wp\/v2\/posts\/31180\/revisions"}],"predecessor-version":[{"id":31181,"href":"https:\/\/www.granadablogs.com\/pateandoelmundo\/wp-json\/wp\/v2\/posts\/31180\/revisions\/31181"}],"wp:attachment":[{"href":"https:\/\/www.granadablogs.com\/pateandoelmundo\/wp-json\/wp\/v2\/media?parent=31180"}],"wp:term":[{"taxonomy":"category","embeddable":true,"href":"https:\/\/www.granadablogs.com\/pateandoelmundo\/wp-json\/wp\/v2\/categories?post=31180"},{"taxonomy":"post_tag","embeddable":true,"href":"https:\/\/www.granadablogs.com\/pateandoelmundo\/wp-json\/wp\/v2\/tags?post=31180"}],"curies":[{"name":"wp","href":"https:\/\/api.w.org\/{rel}","templated":true}]}}