{"id":31175,"date":"2021-07-04T09:13:35","date_gmt":"2021-07-04T08:13:35","guid":{"rendered":"https:\/\/www.granadablogs.com\/pateandoelmundo\/?p=31175"},"modified":"2021-07-03T13:18:10","modified_gmt":"2021-07-03T12:18:10","slug":"alcalde-solo-para-granada","status":"publish","type":"post","link":"https:\/\/www.granadablogs.com\/pateandoelmundo\/alcalde-solo-para-granada\/","title":{"rendered":"Alcalde solo para Granada"},"content":{"rendered":"<p>Concejales en busca y captura. As\u00ed est\u00e1 la cosa estos d\u00edas. Dando por hecho que Olivares es m\u00e1s del PP que el mism\u00edsimo Casado \u2014\u00a1Ay, Rajoy!\u2014, PP y PSOE cortejan a Luc\u00eda Garrido, el \u00faltimo verso suelto que podr\u00eda acabar poniendo o quitando alcalde.<\/p>\n<p><a href=\"https:\/\/www.granadablogs.com\/pateandoelmundo\/?attachment_id=31176\" rel=\"attachment wp-att-31176\"><img loading=\"lazy\" decoding=\"async\" class=\"aligncenter size-full wp-image-31176\" src=\"https:\/\/www.granadablogs.com\/pateandoelmundo\/wp-content\/uploads\/2021\/07\/Sebas.jpg\" alt=\"\" width=\"253\" height=\"168\" \/><\/a><\/p>\n<p>Vox votar\u00e1 contra Cuenca. Podemos\u2014IU dejar\u00e1 que gobierne la lista m\u00e1s votada. \u00bfY Salvador? Teniendo en cuenta el precedente del asado compartido con Jos\u00e9 Torres Hurtado, nadie se f\u00eda de qu\u00e9 terminar\u00e1 haciendo, por mucho que haya repetido hasta la saciedad que no apoyar\u00e1 al PP.<\/p>\n<p>La variable Sebasti\u00e1n P\u00e9rez la ha resuelto el PP proponiendo como candidato a Francisco Fuentes. Menudo papel\u00f3n est\u00e1n haciendo los populares. Sebasti\u00e1n, como el Cid, sigue ganando batallas despu\u00e9s de muerto, haciendo tragar quina a sus ex-compa\u00f1eros.<\/p>\n<p><a href=\"https:\/\/www.granadablogs.com\/pateandoelmundo\/?attachment_id=31177\" rel=\"attachment wp-att-31177\"><img loading=\"lazy\" decoding=\"async\" class=\"aligncenter size-medium wp-image-31177\" src=\"https:\/\/www.granadablogs.com\/pateandoelmundo\/wp-content\/uploads\/2021\/07\/Sebas-Salvador-300x185.jpg\" alt=\"\" width=\"300\" height=\"185\" srcset=\"https:\/\/www.granadablogs.com\/pateandoelmundo\/wp-content\/uploads\/2021\/07\/Sebas-Salvador-300x185.jpg 300w, https:\/\/www.granadablogs.com\/pateandoelmundo\/wp-content\/uploads\/2021\/07\/Sebas-Salvador.jpg 624w\" sizes=\"auto, (max-width: 300px) 100vw, 300px\" \/><\/a><\/p>\n<p>Francisco Fuentes entr\u00f3 en la lista del PP de rebote, en el n\u00famero 6, tras la renuncia de Trinitario Betoret. No vamos a decir que fuera un extra en el reparto de populares, pero tampoco estaba en liza para ganar un hipot\u00e9tico Goya al mejor actor de reparto. Y no digamos ya para hacerse con el de actor protagonista. Sin embargo, Francisco Rodr\u00edguez propone y Sebasti\u00e1n dispone.<\/p>\n<p><a href=\"https:\/\/www.granadablogs.com\/pateandoelmundo\/?attachment_id=31178\" rel=\"attachment wp-att-31178\"><img loading=\"lazy\" decoding=\"async\" class=\"aligncenter size-medium wp-image-31178\" src=\"https:\/\/www.granadablogs.com\/pateandoelmundo\/wp-content\/uploads\/2021\/07\/Sebas-Francis-300x185.jpg\" alt=\"\" width=\"300\" height=\"185\" srcset=\"https:\/\/www.granadablogs.com\/pateandoelmundo\/wp-content\/uploads\/2021\/07\/Sebas-Francis-300x185.jpg 300w, https:\/\/www.granadablogs.com\/pateandoelmundo\/wp-content\/uploads\/2021\/07\/Sebas-Francis.jpg 624w\" sizes=\"auto, (max-width: 300px) 100vw, 300px\" \/><\/a><\/p>\n<p>Qu\u00e9 poco me gust\u00f3 la comparecencia de C\u00e9sar D\u00edaz ante los medios de comunicaci\u00f3n locales del pasado viernes, por cierto. Mezcl\u00f3 el separatismo, el golpismo, el sanchismo y \u201cel peor PSOE de la historia\u201d con las causas pendientes de Paco Cuenca. Hubiera dado lo mismo que hablara en la plaza del Carmen que en San Telmo o en la carrera de San Jer\u00f3nimo. Su mezcla de batiburrillo ideol\u00f3gico y vetos personales poco le aporta a Granada.<\/p>\n<p>Ayer s\u00e1bado, sin embargo, aplastado por la can\u00edcula veraniega, pensaba en la posibilidad de que Fuentes acabara con el bast\u00f3n de mando. \u00bfY si un alcalde por accidente fuera una oportunidad hist\u00f3rica para Granada?<\/p>\n<p>\u00bfHan visto ustedes lo de Biden en Estados Unidos? Los progresistas y muy progresistas dec\u00edan que era un Presidente de transici\u00f3n, a la espera de la ansiada Kamala Harris. \u00bfC\u00f3mo ha respondido Biden? Como un rojazo, de acuerdo a los est\u00e1ndares yanquis. \u00bfLe escucharon susurrar aquello de \u201cp\u00e1guenles m\u00e1s\u201d, dirigido a los empresarios que se quejaban de no disponer de trabajadores suficientes?<\/p>\n<p>Fuentes no tendr\u00eda que gobernar pensando en una hipot\u00e9tica reelecci\u00f3n, amortizado de antemano. No tendr\u00eda que intentar contentar a Sevilla y\/o a Madrid. Podr\u00eda ser un alcalde por y para Granada, exclusivamente. \u00bfSe imaginan?<\/p>\n<p>Jes\u00fas Lens<\/p>\n<p><a href=\"https:\/\/twitter.com\/Jesus_Lens\" target=\"_blank\" rel=\"attachment noopener wp-att-31101\"><img loading=\"lazy\" decoding=\"async\" class=\"size-full wp-image-31101 alignleft\" src=\"https:\/\/www.granadablogs.com\/pateandoelmundo\/wp-content\/uploads\/2021\/06\/00000-Twitter.jpg\" alt=\"\" width=\"196\" height=\"47\" \/><\/a><\/p>\n","protected":false},"excerpt":{"rendered":"<p>Concejales en busca y captura. As\u00ed est\u00e1 la cosa estos d\u00edas. Dando por hecho que Olivares es m\u00e1s del PP que el mism\u00edsimo Casado \u2014\u00a1Ay, Rajoy!\u2014, PP y PSOE cortejan a Luc\u00eda Garrido, el \u00faltimo verso suelto que podr\u00eda acabar poniendo o quitando alcalde. Vox votar\u00e1 contra Cuenca. Podemos\u2014IU dejar\u00e1 que gobierne la lista m\u00e1s [&hellip;]<\/p>\n","protected":false},"author":1,"featured_media":0,"comment_status":"open","ping_status":"open","sticky":false,"template":"","format":"standard","meta":{"jetpack_post_was_ever_published":false,"_jetpack_newsletter_access":"","_jetpack_dont_email_post_to_subs":false,"_jetpack_newsletter_tier_id":0,"_jetpack_memberships_contains_paywalled_content":false,"_jetpack_memberships_contains_paid_content":false,"footnotes":""},"categories":[6],"tags":[20420,18762,20422,20421,12338,4248],"class_list":["post-31175","post","type-post","status-publish","format-standard","hentry","category-opinion","tag-alcalde-por-accidente","tag-cesar-diaz","tag-francisco-fuentes-alcalde","tag-joe-biden","tag-luis-salvador","tag-paco-cuenca"],"jetpack_featured_media_url":"","jetpack_sharing_enabled":true,"_links":{"self":[{"href":"https:\/\/www.granadablogs.com\/pateandoelmundo\/wp-json\/wp\/v2\/posts\/31175","targetHints":{"allow":["GET"]}}],"collection":[{"href":"https:\/\/www.granadablogs.com\/pateandoelmundo\/wp-json\/wp\/v2\/posts"}],"about":[{"href":"https:\/\/www.granadablogs.com\/pateandoelmundo\/wp-json\/wp\/v2\/types\/post"}],"author":[{"embeddable":true,"href":"https:\/\/www.granadablogs.com\/pateandoelmundo\/wp-json\/wp\/v2\/users\/1"}],"replies":[{"embeddable":true,"href":"https:\/\/www.granadablogs.com\/pateandoelmundo\/wp-json\/wp\/v2\/comments?post=31175"}],"version-history":[{"count":1,"href":"https:\/\/www.granadablogs.com\/pateandoelmundo\/wp-json\/wp\/v2\/posts\/31175\/revisions"}],"predecessor-version":[{"id":31179,"href":"https:\/\/www.granadablogs.com\/pateandoelmundo\/wp-json\/wp\/v2\/posts\/31175\/revisions\/31179"}],"wp:attachment":[{"href":"https:\/\/www.granadablogs.com\/pateandoelmundo\/wp-json\/wp\/v2\/media?parent=31175"}],"wp:term":[{"taxonomy":"category","embeddable":true,"href":"https:\/\/www.granadablogs.com\/pateandoelmundo\/wp-json\/wp\/v2\/categories?post=31175"},{"taxonomy":"post_tag","embeddable":true,"href":"https:\/\/www.granadablogs.com\/pateandoelmundo\/wp-json\/wp\/v2\/tags?post=31175"}],"curies":[{"name":"wp","href":"https:\/\/api.w.org\/{rel}","templated":true}]}}