{"id":30929,"date":"2021-05-10T18:30:27","date_gmt":"2021-05-10T17:30:27","guid":{"rendered":"https:\/\/www.granadablogs.com\/pateandoelmundo\/?p=30929"},"modified":"2021-05-10T18:30:27","modified_gmt":"2021-05-10T17:30:27","slug":"lio-en-la-feria-del-libro","status":"publish","type":"post","link":"https:\/\/www.granadablogs.com\/pateandoelmundo\/lio-en-la-feria-del-libro\/","title":{"rendered":"L\u00edo en la Feria del Libro"},"content":{"rendered":"<p>El pasado s\u00e1bado, al terminar el concierto de Amparanoia en el Carmen de los M\u00e1rtires, me acerqu\u00e9 a charlar con Nani Casta\u00f1eda, responsable de programaci\u00f3n del ciclo Momentos Alhambra. Comentamos la alegr\u00eda de volver a disfrutar de la m\u00fasica en vivo y el soplo de aire fresco que supon\u00eda. Sin soluci\u00f3n de continuidad, le pregunt\u00e9 por la Feria del Libro, de la que tambi\u00e9n es responsable. Y ah\u00ed se termin\u00f3 el optimismo.<\/p>\n<p><a href=\"https:\/\/www.granadablogs.com\/pateandoelmundo\/lio-en-la-feria-del-libro\/nani-castaneda\/\" rel=\"attachment wp-att-30930\"><img loading=\"lazy\" decoding=\"async\" class=\"aligncenter size-medium wp-image-30930\" src=\"https:\/\/www.granadablogs.com\/pateandoelmundo\/wp-content\/uploads\/2021\/05\/Nani-Casta\u00f1eda-300x225.jpg\" alt=\"\" width=\"300\" height=\"225\" srcset=\"https:\/\/www.granadablogs.com\/pateandoelmundo\/wp-content\/uploads\/2021\/05\/Nani-Casta\u00f1eda-300x225.jpg 300w, https:\/\/www.granadablogs.com\/pateandoelmundo\/wp-content\/uploads\/2021\/05\/Nani-Casta\u00f1eda.jpg 512w\" sizes=\"auto, (max-width: 300px) 100vw, 300px\" \/><\/a><\/p>\n<p>Al ver c\u00f3mo se ensombrec\u00eda el rostro de Nani, pens\u00e9 en cambiar de tema para volver al calor del momento y a la frescura de la m\u00fasica y la cerveza, que para algo era s\u00e1bado. Pero el volunto me dur\u00f3 menos que la sensatez de tanta gente al finalizar el estado de alarma: el tema era demasiado serio como para dejarlo pasar.<\/p>\n<p>A d\u00eda de hoy, la cita literaria por excelencia del a\u00f1o cultural granadino, la m\u00e1s populosa, la m\u00e1s y mejor aceptada por el p\u00fablico, la m\u00e1s rentable, tambi\u00e9n; est\u00e1 envuelta en una preocupante nebulosa de inconcreci\u00f3n. Para variar. Nunca estuvo la cultura granadina m\u00e1s en telerengue. Que la situaci\u00f3n pand\u00e9mica no ayuda es un hecho. Que no hay rumbo ni criterio, m\u00e1s all\u00e1 de remitirse al 2031 y a la capitalidad cultural como recurso dial\u00e9ctico, tambi\u00e9n.<\/p>\n<p><a href=\"https:\/\/www.granadablogs.com\/pateandoelmundo\/lio-en-la-feria-del-libro\/feria-libro-granada\/\" rel=\"attachment wp-att-30931\"><img loading=\"lazy\" decoding=\"async\" class=\"aligncenter size-medium wp-image-30931\" src=\"https:\/\/www.granadablogs.com\/pateandoelmundo\/wp-content\/uploads\/2021\/05\/Feria-libro-Granada-300x185.jpg\" alt=\"\" width=\"300\" height=\"185\" srcset=\"https:\/\/www.granadablogs.com\/pateandoelmundo\/wp-content\/uploads\/2021\/05\/Feria-libro-Granada-300x185.jpg 300w, https:\/\/www.granadablogs.com\/pateandoelmundo\/wp-content\/uploads\/2021\/05\/Feria-libro-Granada.jpg 396w\" sizes=\"auto, (max-width: 300px) 100vw, 300px\" \/><\/a><\/p>\n<p>La Feria del Libro sale adelante cada a\u00f1o por el voluntarismo de las personas que est\u00e1n al frente: el descomunal trabajo que hacen, ni de lejos est\u00e1 pagado con el dinero que cobran. Lo peor de todo, sin embargo, es que cada ejercicio supone empezar de cero y tener que negociar todas y cada una de las partidas y actuaciones. En pocas palabras: no hay profesionalizaci\u00f3n y la precariedad es total y absoluta. Para variar, insisto.<\/p>\n<p>Dedicarse a la gesti\u00f3n cultural en Granada es morir por Dios. Supone formar parte de una pat\u00e9tica orden mendicante, en afortunada expresi\u00f3n de Remedios S\u00e1nchez. A los pol\u00edticos se les llena la boca de cultura, pero a la hora de pagar la cuenta, tienen la cartera vac\u00eda. Y eso, cuando hacen el amago de sacarla. Es que ni llevan calderilla para propinas.<\/p>\n<p>La cultura en Granada es ese t\u00edo que, en la barra del bar, habla m\u00e1s alto que nadie para que le escuche toda la concurrencia, adorn\u00e1ndose en cada requiebro. \u201c\u00a1Ni\u00f1o, llena por aqu\u00ed!\u201d, se le oye gritar, pidiendo otra ronda para todos. \u201c\u00a1Y ponte una raci\u00f3n de pulpo, dos de chipirones, un solomillo trinchado y un tomate ali\u00f1ao!\u201d. Cuando se acerca la hora de pagar, eso s\u00ed, aprovecha para ir al ba\u00f1o o simula que le llaman al m\u00f3vil para salir a la calle sin rascarse el bolsillo.<\/p>\n<p><a href=\"https:\/\/www.granadablogs.com\/pateandoelmundo\/lio-en-la-feria-del-libro\/feria-del-libro-granada\/\" rel=\"attachment wp-att-30932\"><img loading=\"lazy\" decoding=\"async\" class=\"aligncenter size-medium wp-image-30932\" src=\"https:\/\/www.granadablogs.com\/pateandoelmundo\/wp-content\/uploads\/2021\/05\/Feria-del-Libro-Granada-300x185.jpg\" alt=\"\" width=\"300\" height=\"185\" srcset=\"https:\/\/www.granadablogs.com\/pateandoelmundo\/wp-content\/uploads\/2021\/05\/Feria-del-Libro-Granada-300x185.jpg 300w, https:\/\/www.granadablogs.com\/pateandoelmundo\/wp-content\/uploads\/2021\/05\/Feria-del-Libro-Granada.jpg 622w\" sizes=\"auto, (max-width: 300px) 100vw, 300px\" \/><\/a><\/p>\n<p>\u00bfHacemos la lista de todo lo que Granada ha perdido en materia cultural en estos a\u00f1os aciagos? Esperemos que la Feria del Libro no se vea (demasiado) afectada por esta sucesi\u00f3n de imprevisi\u00f3n, dejadez y abandono.<\/p>\n<p>Jes\u00fas Lens<\/p>\n<p><a href=\"https:\/\/twitter.com\/Jesus_Lens\" target=\"_blank\" rel=\"attachment noopener wp-att-30632\"><img loading=\"lazy\" decoding=\"async\" class=\"size-full wp-image-30632 alignleft\" src=\"https:\/\/www.granadablogs.com\/pateandoelmundo\/wp-content\/uploads\/2021\/03\/00000-Twitter-1.jpg\" alt=\"\" width=\"196\" height=\"47\" \/><\/a><\/p>\n","protected":false},"excerpt":{"rendered":"<p>El pasado s\u00e1bado, al terminar el concierto de Amparanoia en el Carmen de los M\u00e1rtires, me acerqu\u00e9 a charlar con Nani Casta\u00f1eda, responsable de programaci\u00f3n del ciclo Momentos Alhambra. Comentamos la alegr\u00eda de volver a disfrutar de la m\u00fasica en vivo y el soplo de aire fresco que supon\u00eda. Sin soluci\u00f3n de continuidad, le pregunt\u00e9 [&hellip;]<\/p>\n","protected":false},"author":1,"featured_media":0,"comment_status":"open","ping_status":"open","sticky":false,"template":"","format":"standard","meta":{"jetpack_post_was_ever_published":false,"_jetpack_newsletter_access":"","_jetpack_dont_email_post_to_subs":false,"_jetpack_newsletter_tier_id":0,"_jetpack_memberships_contains_paywalled_content":false,"_jetpack_memberships_contains_paid_content":false,"footnotes":""},"categories":[6],"tags":[17997,966,2782,20298,20297,12678],"class_list":["post-30929","post","type-post","status-publish","format-standard","hentry","category-opinion","tag-capitalidad-cultural-2031","tag-feria-del-libro","tag-feria-del-libro-granada","tag-feria-libro-granada-2021","tag-gestion-cultural-granada","tag-granada-2031"],"jetpack_featured_media_url":"","jetpack_sharing_enabled":true,"_links":{"self":[{"href":"https:\/\/www.granadablogs.com\/pateandoelmundo\/wp-json\/wp\/v2\/posts\/30929","targetHints":{"allow":["GET"]}}],"collection":[{"href":"https:\/\/www.granadablogs.com\/pateandoelmundo\/wp-json\/wp\/v2\/posts"}],"about":[{"href":"https:\/\/www.granadablogs.com\/pateandoelmundo\/wp-json\/wp\/v2\/types\/post"}],"author":[{"embeddable":true,"href":"https:\/\/www.granadablogs.com\/pateandoelmundo\/wp-json\/wp\/v2\/users\/1"}],"replies":[{"embeddable":true,"href":"https:\/\/www.granadablogs.com\/pateandoelmundo\/wp-json\/wp\/v2\/comments?post=30929"}],"version-history":[{"count":2,"href":"https:\/\/www.granadablogs.com\/pateandoelmundo\/wp-json\/wp\/v2\/posts\/30929\/revisions"}],"predecessor-version":[{"id":30934,"href":"https:\/\/www.granadablogs.com\/pateandoelmundo\/wp-json\/wp\/v2\/posts\/30929\/revisions\/30934"}],"wp:attachment":[{"href":"https:\/\/www.granadablogs.com\/pateandoelmundo\/wp-json\/wp\/v2\/media?parent=30929"}],"wp:term":[{"taxonomy":"category","embeddable":true,"href":"https:\/\/www.granadablogs.com\/pateandoelmundo\/wp-json\/wp\/v2\/categories?post=30929"},{"taxonomy":"post_tag","embeddable":true,"href":"https:\/\/www.granadablogs.com\/pateandoelmundo\/wp-json\/wp\/v2\/tags?post=30929"}],"curies":[{"name":"wp","href":"https:\/\/api.w.org\/{rel}","templated":true}]}}