{"id":30663,"date":"2021-03-21T13:06:52","date_gmt":"2021-03-21T12:06:52","guid":{"rendered":"https:\/\/www.granadablogs.com\/pateandoelmundo\/?p=30663"},"modified":"2021-03-23T13:26:03","modified_gmt":"2021-03-23T12:26:03","slug":"cultura-mendicante","status":"publish","type":"post","link":"https:\/\/www.granadablogs.com\/pateandoelmundo\/cultura-mendicante\/","title":{"rendered":"Cultura mendicante"},"content":{"rendered":"<p>Llevo tiempo dilatando esta columna porque me daba un no s\u00e9 qu\u00e9 volver a criticar la alarmante situaci\u00f3n del tejido cultural granadino. Ocurre como con todo lo que tiene que ver con La Cosa, de las vacunaciones a las fiestas clandestinas, los excesos de aforo, botellones y desenmascarados: cansa. Cansa leerlo un d\u00eda tras otro. Cansa hablar de ello con cualquier persona que te encuentres. Cansa escribirlo, sea en columna, tuit o post. Y, sin embargo, hay que seguir haci\u00e9ndolo.<\/p>\n<p><a href=\"https:\/\/www.granadablogs.com\/pateandoelmundo\/palacio-rima-con-despacio\/palacio-congresos\/\" rel=\"attachment wp-att-30484\"><img loading=\"lazy\" decoding=\"async\" class=\"aligncenter size-medium wp-image-30484\" src=\"https:\/\/www.granadablogs.com\/pateandoelmundo\/wp-content\/uploads\/2021\/02\/Palacio-congresos-300x185.jpg\" alt=\"\" width=\"300\" height=\"185\" srcset=\"https:\/\/www.granadablogs.com\/pateandoelmundo\/wp-content\/uploads\/2021\/02\/Palacio-congresos-300x185.jpg 300w, https:\/\/www.granadablogs.com\/pateandoelmundo\/wp-content\/uploads\/2021\/02\/Palacio-congresos-768x474.jpg 768w, https:\/\/www.granadablogs.com\/pateandoelmundo\/wp-content\/uploads\/2021\/02\/Palacio-congresos-644x397.jpg 644w, https:\/\/www.granadablogs.com\/pateandoelmundo\/wp-content\/uploads\/2021\/02\/Palacio-congresos.jpg 1248w\" sizes=\"auto, (max-width: 300px) 100vw, 300px\" \/><\/a><\/p>\n<p>Estos d\u00edas, dos cartas han copado la actualidad sobre el mundillo cultural de Granada, ambas remitidas por la Direcci\u00f3n de dos espacios que deber\u00edan ser emblem\u00e1ticos. Paco Barranco se despach\u00f3 con una larga misiva en la que detallaba las fallas, faltas y carencias del Palacio de Congresos, que dirige desde final de 2019. Y no son pocas.<\/p>\n<p>Sara Navarro, por su parte, tambi\u00e9n detall\u00f3, negro sobre blanco, las necesidades del Centro Lorca, del que esta semana hemos sabido que se encuentra sin archivero, sin bibliotecario y con escasez de operarios, por lo que se aconseja mantener un horario reducido de apertura al p\u00fablico. (Leer <a href=\"https:\/\/www.ideal.es\/granada\/centro-lorca-carece-20210315153026-nt.html\" target=\"_blank\" rel=\"noopener\">AQU\u00cd<\/a> la informaci\u00f3n completa)<\/p>\n<p><a href=\"https:\/\/www.granadablogs.com\/pateandoelmundo\/cultura-mendicante\/centro-lorca-4\/\" rel=\"attachment wp-att-30664\"><img loading=\"lazy\" decoding=\"async\" class=\"aligncenter size-medium wp-image-30664\" src=\"https:\/\/www.granadablogs.com\/pateandoelmundo\/wp-content\/uploads\/2021\/03\/centro-lorca-300x185.jpg\" alt=\"\" width=\"300\" height=\"185\" srcset=\"https:\/\/www.granadablogs.com\/pateandoelmundo\/wp-content\/uploads\/2021\/03\/centro-lorca-300x185.jpg 300w, https:\/\/www.granadablogs.com\/pateandoelmundo\/wp-content\/uploads\/2021\/03\/centro-lorca.jpg 396w\" sizes=\"auto, (max-width: 300px) 100vw, 300px\" \/><\/a>\u00a0Resulta doloroso escuchar la cantinela del 2031 y la candidatura de Granada a la capitalidad cultural europea y, a la vez, enterarse de esas cosillas. Que el Legado de Lorca por el que tanto se luch\u00f3 est\u00e9 sin bibliotecario y sin archivero dice tanto, tant\u00edsimo del estado de la cultura de esta ciudad\u2026<\/p>\n<p>Qu\u00e9 f\u00e1cil es llenarse la boca con la palabra Cultura y hacerse la foto. Qu\u00e9 triste, sin embargo, constatar que todo es de cara a la galer\u00eda. Que lo importante son las tablas de Excel cargadas de datos y cifras, siempre en n\u00fameros rojos cuando se trata de cuestiones culturales.<\/p>\n<p>Hace un par de semanas, Remedios S\u00e1nchez, la directora del Festival de Poes\u00eda, hablaba de la sensaci\u00f3n de mendicidad que nos embarga a quienes nos dedicamos a la gesti\u00f3n cultural en Granada. \u00a1Qu\u00e9 bien lo describi\u00f3!<\/p>\n<p><a href=\"https:\/\/www.granadablogs.com\/pateandoelmundo\/cultura-mendicante\/cultura-mendicante\/\" rel=\"attachment wp-att-30665\"><img loading=\"lazy\" decoding=\"async\" class=\"aligncenter size-medium wp-image-30665\" src=\"https:\/\/www.granadablogs.com\/pateandoelmundo\/wp-content\/uploads\/2021\/03\/Cultura-mendicante-300x253.jpg\" alt=\"\" width=\"300\" height=\"253\" srcset=\"https:\/\/www.granadablogs.com\/pateandoelmundo\/wp-content\/uploads\/2021\/03\/Cultura-mendicante-300x253.jpg 300w, https:\/\/www.granadablogs.com\/pateandoelmundo\/wp-content\/uploads\/2021\/03\/Cultura-mendicante.jpg 600w\" sizes=\"auto, (max-width: 300px) 100vw, 300px\" \/><\/a><\/p>\n<p>Los informes emitidos por las direcciones del Palacio de Congresos y el Centro Lorca no son sino una muestra m\u00e1s de la absoluta y lamentable precariedad cultural en que vive esta ciudad. Si no fuera por la UGR y la Diputaci\u00f3n, esto ser\u00eda un erial, m\u00e1s all\u00e1 de los estragos del pandemia.<\/p>\n<p>Cansa escribir otra vez de esto igual que usted estar\u00e1 cansado de leerlo. En mi cabeza chocan el lamento por la cultura con la cultura del lamento. Y resulta desesperante.<\/p>\n<p>Jes\u00fas Lens<\/p>\n<p><a href=\"https:\/\/twitter.com\/Jesus_Lens\/\" target=\"_blank\" rel=\"attachment noopener wp-att-30632\"><img loading=\"lazy\" decoding=\"async\" class=\"size-full wp-image-30632 alignleft\" src=\"https:\/\/www.granadablogs.com\/pateandoelmundo\/wp-content\/uploads\/2021\/03\/00000-Twitter-1.jpg\" alt=\"\" width=\"196\" height=\"47\" \/><\/a><\/p>\n","protected":false},"excerpt":{"rendered":"<p>Llevo tiempo dilatando esta columna porque me daba un no s\u00e9 qu\u00e9 volver a criticar la alarmante situaci\u00f3n del tejido cultural granadino. Ocurre como con todo lo que tiene que ver con La Cosa, de las vacunaciones a las fiestas clandestinas, los excesos de aforo, botellones y desenmascarados: cansa. Cansa leerlo un d\u00eda tras otro. [&hellip;]<\/p>\n","protected":false},"author":1,"featured_media":0,"comment_status":"open","ping_status":"open","sticky":false,"template":"","format":"standard","meta":{"jetpack_post_was_ever_published":false,"_jetpack_newsletter_access":"","_jetpack_dont_email_post_to_subs":false,"_jetpack_newsletter_tier_id":0,"_jetpack_memberships_contains_paywalled_content":false,"_jetpack_memberships_contains_paid_content":false,"footnotes":""},"categories":[6],"tags":[20114,20115,9026,20113,20116,19999,20117,20118],"class_list":["post-30663","post","type-post","status-publish","format-standard","hentry","category-opinion","tag-cultura-de-pedir","tag-cultura-del-lamento","tag-cultura-en-granada","tag-cultura-mendicante","tag-lamento-por-la-cultura","tag-paco-barranco","tag-remedios-sanchez","tag-sara-navarro"],"jetpack_featured_media_url":"","jetpack_sharing_enabled":true,"_links":{"self":[{"href":"https:\/\/www.granadablogs.com\/pateandoelmundo\/wp-json\/wp\/v2\/posts\/30663","targetHints":{"allow":["GET"]}}],"collection":[{"href":"https:\/\/www.granadablogs.com\/pateandoelmundo\/wp-json\/wp\/v2\/posts"}],"about":[{"href":"https:\/\/www.granadablogs.com\/pateandoelmundo\/wp-json\/wp\/v2\/types\/post"}],"author":[{"embeddable":true,"href":"https:\/\/www.granadablogs.com\/pateandoelmundo\/wp-json\/wp\/v2\/users\/1"}],"replies":[{"embeddable":true,"href":"https:\/\/www.granadablogs.com\/pateandoelmundo\/wp-json\/wp\/v2\/comments?post=30663"}],"version-history":[{"count":3,"href":"https:\/\/www.granadablogs.com\/pateandoelmundo\/wp-json\/wp\/v2\/posts\/30663\/revisions"}],"predecessor-version":[{"id":30674,"href":"https:\/\/www.granadablogs.com\/pateandoelmundo\/wp-json\/wp\/v2\/posts\/30663\/revisions\/30674"}],"wp:attachment":[{"href":"https:\/\/www.granadablogs.com\/pateandoelmundo\/wp-json\/wp\/v2\/media?parent=30663"}],"wp:term":[{"taxonomy":"category","embeddable":true,"href":"https:\/\/www.granadablogs.com\/pateandoelmundo\/wp-json\/wp\/v2\/categories?post=30663"},{"taxonomy":"post_tag","embeddable":true,"href":"https:\/\/www.granadablogs.com\/pateandoelmundo\/wp-json\/wp\/v2\/tags?post=30663"}],"curies":[{"name":"wp","href":"https:\/\/api.w.org\/{rel}","templated":true}]}}