{"id":30641,"date":"2021-03-19T07:07:05","date_gmt":"2021-03-19T06:07:05","guid":{"rendered":"https:\/\/www.granadablogs.com\/pateandoelmundo\/?p=30641"},"modified":"2021-03-18T20:18:09","modified_gmt":"2021-03-18T19:18:09","slug":"el-arte-de-sentient","status":"publish","type":"post","link":"https:\/\/www.granadablogs.com\/pateandoelmundo\/el-arte-de-sentient\/","title":{"rendered":"El arte de &#8216;Sentient&#8217;"},"content":{"rendered":"<p>De no seguir perimetralmente encapsulados, me habr\u00eda organizado para ir a Madrid a ver una exposici\u00f3n, y no al Prado o al Reina Sof\u00eda. Activar\u00eda el GPS del m\u00f3vil para que me condujera a la galer\u00eda <a href=\"https:\/\/elartedelcomic.com\" target=\"_blank\" rel=\"noopener\">El Arte del C\u00f3mic<\/a>. En realidad, en su web se define como algo m\u00e1s que una galer\u00eda: \u201ces un nuevo espacio expositivo y de venta de los dibujos originales publicados en los c\u00f3mics m\u00e1s populares y de culto en todo el mundo\u201d.<\/p>\n<p><a href=\"https:\/\/www.granadablogs.com\/pateandoelmundo\/?attachment_id=30642\" rel=\"attachment wp-att-30642\"><img loading=\"lazy\" decoding=\"async\" class=\"aligncenter size-medium wp-image-30642\" src=\"https:\/\/www.granadablogs.com\/pateandoelmundo\/wp-content\/uploads\/2021\/03\/SENTIENT-300x90.jpg\" alt=\"\" width=\"300\" height=\"90\" srcset=\"https:\/\/www.granadablogs.com\/pateandoelmundo\/wp-content\/uploads\/2021\/03\/SENTIENT-300x90.jpg 300w, https:\/\/www.granadablogs.com\/pateandoelmundo\/wp-content\/uploads\/2021\/03\/SENTIENT-768x230.jpg 768w, https:\/\/www.granadablogs.com\/pateandoelmundo\/wp-content\/uploads\/2021\/03\/SENTIENT-644x192.jpg 644w, https:\/\/www.granadablogs.com\/pateandoelmundo\/wp-content\/uploads\/2021\/03\/SENTIENT.jpg 957w\" sizes=\"auto, (max-width: 300px) 100vw, 300px\" \/><\/a><\/p>\n<p>Y ah\u00ed radica el quid de la cuesti\u00f3n: desde hace unas semanas, El Arte del C\u00f3mic tiene exposici\u00f3n y venta de originales de uno de los tebeos del a\u00f1o: el \u2018Sentient\u2019 de Jeff Lemire y nuestro Gabriel Hern\u00e1ndez Walta.<\/p>\n<p>A estas alturas, todos sabemos \u2014o deber\u00edamos saber\u2014 que nuestro paisano Gabriel, cuyo estudio est\u00e1 en el Realejo granadino, es uno de los mejores dibujantes del mundo. Y punto. Que no (solo) lo digo yo, ojo. Que lo dicen y lo acreditan sus dos premios Eisner, los m\u00e1s prestigiosos del c\u00f3mic internacional, otorgados en la Comic Con de San Diego.<\/p>\n<p><a href=\"https:\/\/www.granadablogs.com\/pateandoelmundo\/?attachment_id=30643\" rel=\"attachment wp-att-30643\"><img loading=\"lazy\" decoding=\"async\" class=\"aligncenter size-medium wp-image-30643\" src=\"https:\/\/www.granadablogs.com\/pateandoelmundo\/wp-content\/uploads\/2021\/03\/SENTIENT5COVERlowPedro-300x142.jpg\" alt=\"\" width=\"300\" height=\"142\" srcset=\"https:\/\/www.granadablogs.com\/pateandoelmundo\/wp-content\/uploads\/2021\/03\/SENTIENT5COVERlowPedro-300x142.jpg 300w, https:\/\/www.granadablogs.com\/pateandoelmundo\/wp-content\/uploads\/2021\/03\/SENTIENT5COVERlowPedro-768x365.jpg 768w, https:\/\/www.granadablogs.com\/pateandoelmundo\/wp-content\/uploads\/2021\/03\/SENTIENT5COVERlowPedro-644x306.jpg 644w, https:\/\/www.granadablogs.com\/pateandoelmundo\/wp-content\/uploads\/2021\/03\/SENTIENT5COVERlowPedro.jpg 992w\" sizes=\"auto, (max-width: 300px) 100vw, 300px\" \/><\/a><\/p>\n<p>Antes de escribir esta columna he vuelto a leer \u2018Sentient\u2019. \u00a1Qu\u00e9 maravilla! \u00a1Qu\u00e9 obra de arte! \u00a1Qu\u00e9 joya! Si le gustan los c\u00f3mics, no tengo que recomend\u00e1rsela. Si no es usted aficionado, aparque cualquier recelo y vaya de cabeza a la librer\u00eda m\u00e1s cercana. No le contar\u00e9 nada sobre el argumento. Solo que la acci\u00f3n transcurre en una nave espacial y que la Inteligencia Artificial adquiere un gran protagonismo.<\/p>\n<p>Hace unas semanas, caminando por su barrio, me di de bruces con Gabriel. Y no pude \u2014ni quise\u2014 evitar la pregunta: \u00bfc\u00f3mo afrontaste desde el punto de vista art\u00edstico la creaci\u00f3n de una Inteligencia Artificial? Lo que me cont\u00f3 me dej\u00f3 tan anonadado que, sobre la marcha, pens\u00e9 en juntarle con Francisco Herrera, catedr\u00e1tico del departamento de Ciencias de la Computaci\u00f3n e Inteligencia Artificial de la UGR y reci\u00e9n referenciado por la Universidad de Stanford como uno de los investigadores cuyo trabajo m\u00e1s ha sido citado en el \u00faltimo a\u00f1o.<\/p>\n<p><a href=\"https:\/\/www.granadablogs.com\/pateandoelmundo\/?attachment_id=30644\" rel=\"attachment wp-att-30644\"><img loading=\"lazy\" decoding=\"async\" class=\"aligncenter size-medium wp-image-30644\" src=\"https:\/\/www.granadablogs.com\/pateandoelmundo\/wp-content\/uploads\/2021\/03\/Sentient-Walta-201x300.jpg\" alt=\"\" width=\"201\" height=\"300\" srcset=\"https:\/\/www.granadablogs.com\/pateandoelmundo\/wp-content\/uploads\/2021\/03\/Sentient-Walta-201x300.jpg 201w, https:\/\/www.granadablogs.com\/pateandoelmundo\/wp-content\/uploads\/2021\/03\/Sentient-Walta.jpg 470w\" sizes=\"auto, (max-width: 201px) 100vw, 201px\" \/><\/a><\/p>\n<p>En la pr\u00f3xima edici\u00f3n del festival Gravite, entre el 15 y el 20 de junio, vamos a reunir a estos dos titanes para que nos hablen de Inteligencia Artificial, cada uno desde su \u00f3ptica profesional. De est\u00e9tica y tambi\u00e9n de \u00e9tica. Pero, insisto: lean \u2018Sentient\u2019. Es tan fant\u00e1stico que acabo de cerrar la compra de una de sus p\u00e1ginas originales en El Arte del C\u00f3mic. \u00a1Y estoy entusiasmado! (<a href=\"https:\/\/elartedelcomic.com\/wp-content\/uploads\/2021\/02\/sentient-expo.pdf\" target=\"_blank\" rel=\"noopener\">AQU\u00cd<\/a>, la galer\u00eda de im\u00e1genes de Hern\u00e1ndez Walta expuestas y a la venta).<\/p>\n<p>Jes\u00fas Lens<\/p>\n<p><a href=\"https:\/\/twitter.com\/Jesus_Lens\/\" target=\"_blank\" rel=\"attachment noopener wp-att-30632\"><img loading=\"lazy\" decoding=\"async\" class=\"size-full wp-image-30632 alignleft\" src=\"https:\/\/www.granadablogs.com\/pateandoelmundo\/wp-content\/uploads\/2021\/03\/00000-Twitter-1.jpg\" alt=\"\" width=\"196\" height=\"47\" \/><\/a><\/p>\n","protected":false},"excerpt":{"rendered":"<p>De no seguir perimetralmente encapsulados, me habr\u00eda organizado para ir a Madrid a ver una exposici\u00f3n, y no al Prado o al Reina Sof\u00eda. Activar\u00eda el GPS del m\u00f3vil para que me condujera a la galer\u00eda El Arte del C\u00f3mic. En realidad, en su web se define como algo m\u00e1s que una galer\u00eda: \u201ces un [&hellip;]<\/p>\n","protected":false},"author":1,"featured_media":0,"comment_status":"open","ping_status":"open","sticky":false,"template":"","format":"standard","meta":{"jetpack_post_was_ever_published":false,"_jetpack_newsletter_access":"","_jetpack_dont_email_post_to_subs":false,"_jetpack_newsletter_tier_id":0,"_jetpack_memberships_contains_paywalled_content":false,"_jetpack_memberships_contains_paid_content":false,"footnotes":""},"categories":[6,19],"tags":[20102,18708,20101,15001,10038,20100,20099],"class_list":["post-30641","post","type-post","status-publish","format-standard","hentry","category-opinion","category-tebeos","tag-el-arte-del-comic","tag-francisco-herrera","tag-francisco-herrera-inteligencia-artificial","tag-gabriel-hernandez-walta","tag-inteligencia-artificial","tag-jeff-lemire","tag-sentient"],"jetpack_featured_media_url":"","jetpack_sharing_enabled":true,"_links":{"self":[{"href":"https:\/\/www.granadablogs.com\/pateandoelmundo\/wp-json\/wp\/v2\/posts\/30641","targetHints":{"allow":["GET"]}}],"collection":[{"href":"https:\/\/www.granadablogs.com\/pateandoelmundo\/wp-json\/wp\/v2\/posts"}],"about":[{"href":"https:\/\/www.granadablogs.com\/pateandoelmundo\/wp-json\/wp\/v2\/types\/post"}],"author":[{"embeddable":true,"href":"https:\/\/www.granadablogs.com\/pateandoelmundo\/wp-json\/wp\/v2\/users\/1"}],"replies":[{"embeddable":true,"href":"https:\/\/www.granadablogs.com\/pateandoelmundo\/wp-json\/wp\/v2\/comments?post=30641"}],"version-history":[{"count":1,"href":"https:\/\/www.granadablogs.com\/pateandoelmundo\/wp-json\/wp\/v2\/posts\/30641\/revisions"}],"predecessor-version":[{"id":30645,"href":"https:\/\/www.granadablogs.com\/pateandoelmundo\/wp-json\/wp\/v2\/posts\/30641\/revisions\/30645"}],"wp:attachment":[{"href":"https:\/\/www.granadablogs.com\/pateandoelmundo\/wp-json\/wp\/v2\/media?parent=30641"}],"wp:term":[{"taxonomy":"category","embeddable":true,"href":"https:\/\/www.granadablogs.com\/pateandoelmundo\/wp-json\/wp\/v2\/categories?post=30641"},{"taxonomy":"post_tag","embeddable":true,"href":"https:\/\/www.granadablogs.com\/pateandoelmundo\/wp-json\/wp\/v2\/tags?post=30641"}],"curies":[{"name":"wp","href":"https:\/\/api.w.org\/{rel}","templated":true}]}}