{"id":3003,"date":"2009-07-20T12:06:40","date_gmt":"2009-07-20T11:06:40","guid":{"rendered":"http:\/\/www.granadablogs.com\/pateandoelmundo\/?p=3003"},"modified":"2009-07-20T12:06:40","modified_gmt":"2009-07-20T11:06:40","slug":"infra-estructuras","status":"publish","type":"post","link":"https:\/\/www.granadablogs.com\/pateandoelmundo\/infra-estructuras\/","title":{"rendered":"INFRA-ESTRUCTURAS"},"content":{"rendered":"<p style=\"text-align: justify;\"><em>Subimos la columna que publicamos en IDEAL el pasado viernes, a ver qu\u00e9 os parece.<\/em><\/p>\n<p style=\"text-align: justify;\">\u00a0<\/p>\n<p style=\"text-align: justify;\">Este a\u00f1o tuvimos ocasi\u00f3n de disfrutar la Semana Grande granadina antes de que llegara el Corpus, en la que vivimos la sucesiva inauguraci\u00f3n del nuevo Centro Cultural de CajaGRANADA y Museo de la Memoria de Andaluc\u00eda y, despu\u00e9s, la Autov\u00eda de la Costa, m\u00e1s conocida como Autov\u00eda del Alto Coste y la Larga Espera.<\/p>\n<p style=\"text-align: justify;\">\u00a0<\/p>\n<figure id=\"attachment_3004\" aria-describedby=\"caption-attachment-3004\" style=\"width: 321px\" class=\"wp-caption aligncenter\"><a href=\"http:\/\/www.granadablogs.com\/pateandoelmundo\/wp-content\/uploads\/2009\/07\/103.jpg\"><img loading=\"lazy\" decoding=\"async\" class=\"size-full wp-image-3004\" title=\"Centro Cultural CajaGRANADA\" src=\"http:\/\/www.granadablogs.com\/pateandoelmundo\/wp-content\/uploads\/2009\/07\/103.jpg\" alt=\"La Joya de CajaGRANADA\" width=\"321\" height=\"500\" srcset=\"https:\/\/www.granadablogs.com\/pateandoelmundo\/wp-content\/uploads\/2009\/07\/103.jpg 321w, https:\/\/www.granadablogs.com\/pateandoelmundo\/wp-content\/uploads\/2009\/07\/103-192x300.jpg 192w\" sizes=\"auto, (max-width: 321px) 100vw, 321px\" \/><\/a><figcaption id=\"caption-attachment-3004\" class=\"wp-caption-text\">La Joya de CajaGRANADA<\/figcaption><\/figure>\n<p style=\"text-align: justify;\">El remate lleg\u00f3 con la confirmaci\u00f3n de que Granada organizar\u00e1 la Universiada de invierno y ser\u00e1 sede del Mundob\u00e1sket. O sea, el Milenio para el 2013, el mejor baloncesto del mundo un a\u00f1o despu\u00e9s y la nieve y el hielo para el 2015. Parece que podemos respirar tranquilos. \u00a1Hay vida despu\u00e9s del Milenio!<\/p>\n<p style=\"text-align: justify;\">\u00a0<\/p>\n<p style=\"text-align: justify;\">Y a ello tenemos que a\u00f1adir la promesa de que para el 2011 tenemos terminada la famosa \u00abT invertida\u00bb de la Autov\u00eda, que tan necesaria sigue siendo, como las retenciones veraniegas del tr\u00e1fico se est\u00e1n encargando de demostrar.<\/p>\n<p style=\"text-align: justify;\">\u00a0<\/p>\n<figure id=\"attachment_3005\" aria-describedby=\"caption-attachment-3005\" style=\"width: 340px\" class=\"wp-caption aligncenter\"><a href=\"http:\/\/www.granadablogs.com\/pateandoelmundo\/wp-content\/uploads\/2009\/07\/094.jpg\"><img loading=\"lazy\" decoding=\"async\" class=\"size-full wp-image-3005\" title=\"Autov\u00eda\" src=\"http:\/\/www.granadablogs.com\/pateandoelmundo\/wp-content\/uploads\/2009\/07\/094.jpg\" alt=\"\u00bfLa Autov\u00eda m\u00e1s cara del mundo?\" width=\"340\" height=\"250\" srcset=\"https:\/\/www.granadablogs.com\/pateandoelmundo\/wp-content\/uploads\/2009\/07\/094.jpg 340w, https:\/\/www.granadablogs.com\/pateandoelmundo\/wp-content\/uploads\/2009\/07\/094-300x220.jpg 300w\" sizes=\"auto, (max-width: 340px) 100vw, 340px\" \/><\/a><figcaption id=\"caption-attachment-3005\" class=\"wp-caption-text\">\u00bfLa Autov\u00eda m\u00e1s cara del mundo?<\/figcaption><\/figure>\n<p style=\"text-align: justify;\">Y el metro. No nos olvidemos de ese metro ligero que tiene patas arriba toda la ciudad y del que tanto esperamos los ciudadanos de a pie. Y el AVE, claro. Algo se mueve en Granada. Afortunadamente. Porque los mencionados eventos, de a\u00f1o en a\u00f1o, tienen que servir para terminar de dotar a nuestra ciudad de diferentes y variadas infraestructuras que, una vez pasados los fastos del momento, sigan sirviendo a la ciudadan\u00eda, con el Pabell\u00f3n Municipal de Deportes a la cabeza. Un pabell\u00f3n que alberga los partidos del CeB\u00e9 Granada, el equipo ACB de baloncesto que, habiendo culminado una m\u00e1s que meritoria campa\u00f1a, ha visto ensombrecido su futuro por cuestiones econ\u00f3micas. Para variar. Eso s\u00ed: es hablar de dinero&#8230; y todos comenzamos a mirar a los patrocinadores, pidi\u00e9ndoles que hagan un esfuerzo extra.<\/p>\n<p style=\"text-align: justify;\">\u00a0<\/p>\n<p style=\"text-align: justify;\">Una duda: si con un pabell\u00f3n como el actual, este a\u00f1o no hemos conseguido llenar las gradas ni una sola vez, \u00bfqu\u00e9 pasar\u00e1 cuando se ampl\u00ede el aforo en unos cuantos miles de localidades m\u00e1s? \u00bfY el gran espacio esc\u00e9nico? \u00bfHabr\u00e1 un contenido sostenible para el fastuoso continente que se ha dise\u00f1ado?<\/p>\n<p style=\"text-align: justify;\">\u00a0<\/p>\n<p style=\"text-align: justify;\">Porque es muy l\u00edcito ser exigentes y hasta pedig\u00fce\u00f1os con los poderes p\u00fablicos a la hora de reclamar esas grandes infraestructuras. Pero, cuando toca arrimar el hombro y rascarse el bolsillo para aprovecharlas, la cosa cambia. \u00bfSer\u00e1 capaz de financiar la sociedad civil granadina buena parte de la programaci\u00f3n del Espacio Esc\u00e9nico o exigiremos que sea \u00edntegramente subvencionado, costando cada representaci\u00f3n un ojo de la cara?<\/p>\n<p style=\"text-align: center;\">\u00a0<a href=\"http:\/\/www.granadablogs.com\/pateandoelmundo\/wp-content\/uploads\/2009\/07\/112.jpg\"><img loading=\"lazy\" decoding=\"async\" class=\"size-full wp-image-3006 aligncenter\" title=\"CB Granada\" src=\"http:\/\/www.granadablogs.com\/pateandoelmundo\/wp-content\/uploads\/2009\/07\/112.jpg\" alt=\"\" width=\"250\" height=\"175\" \/><\/a><\/p>\n<p style=\"text-align: justify;\">Volviendo al baloncesto, y por mucha meritoria pasi\u00f3n que unos cientos de aficionados granadinos pongan, \u00a1qu\u00e9 envidia saber que en M\u00e1laga, para hacerse socio del Unicaja, hay lista de espera, con un Mart\u00edn Carpena lleno hasta los topes en todos y cada uno de los partidos! Cierto que los malacitanos tienen un presupuesto mayor que el nuestro y que el equipo les da mayores satisfacciones, pero \u00bfqu\u00e9 fue antes, el huevo o la gallina? Una pregunta que deber\u00edamos hacernos los granadinos m\u00e1s a menudo.<\/p>\n<p style=\"text-align: justify;\">\u00a0<\/p>\n<p style=\"text-align: justify;\">Jes\u00fas Lens Espinosa de los Monteros.<\/p>\n","protected":false},"excerpt":{"rendered":"<p>Subimos la columna que publicamos en IDEAL el pasado viernes, a ver qu\u00e9 os parece. \u00a0 Este a\u00f1o tuvimos ocasi\u00f3n de disfrutar la Semana Grande granadina antes de que llegara el Corpus, en la que vivimos la sucesiva inauguraci\u00f3n del nuevo Centro Cultural de CajaGRANADA y Museo de la Memoria de Andaluc\u00eda y, despu\u00e9s, la [&hellip;]<\/p>\n","protected":false},"author":1,"featured_media":0,"comment_status":"open","ping_status":"open","sticky":false,"template":"","format":"standard","meta":{"jetpack_post_was_ever_published":false,"_jetpack_newsletter_access":"","_jetpack_dont_email_post_to_subs":false,"_jetpack_newsletter_tier_id":0,"_jetpack_memberships_contains_paywalled_content":false,"_jetpack_memberships_contains_paid_content":false,"footnotes":""},"categories":[6],"tags":[106,1473,522,89,1472,6],"class_list":["post-3003","post","type-post","status-publish","format-standard","hentry","category-opinion","tag-cajagranada","tag-cb-granada","tag-centro-cultural-cajagranada","tag-ideal","tag-infraestructuras","tag-opinion"],"jetpack_featured_media_url":"","jetpack_sharing_enabled":true,"_links":{"self":[{"href":"https:\/\/www.granadablogs.com\/pateandoelmundo\/wp-json\/wp\/v2\/posts\/3003","targetHints":{"allow":["GET"]}}],"collection":[{"href":"https:\/\/www.granadablogs.com\/pateandoelmundo\/wp-json\/wp\/v2\/posts"}],"about":[{"href":"https:\/\/www.granadablogs.com\/pateandoelmundo\/wp-json\/wp\/v2\/types\/post"}],"author":[{"embeddable":true,"href":"https:\/\/www.granadablogs.com\/pateandoelmundo\/wp-json\/wp\/v2\/users\/1"}],"replies":[{"embeddable":true,"href":"https:\/\/www.granadablogs.com\/pateandoelmundo\/wp-json\/wp\/v2\/comments?post=3003"}],"version-history":[{"count":1,"href":"https:\/\/www.granadablogs.com\/pateandoelmundo\/wp-json\/wp\/v2\/posts\/3003\/revisions"}],"predecessor-version":[{"id":3007,"href":"https:\/\/www.granadablogs.com\/pateandoelmundo\/wp-json\/wp\/v2\/posts\/3003\/revisions\/3007"}],"wp:attachment":[{"href":"https:\/\/www.granadablogs.com\/pateandoelmundo\/wp-json\/wp\/v2\/media?parent=3003"}],"wp:term":[{"taxonomy":"category","embeddable":true,"href":"https:\/\/www.granadablogs.com\/pateandoelmundo\/wp-json\/wp\/v2\/categories?post=3003"},{"taxonomy":"post_tag","embeddable":true,"href":"https:\/\/www.granadablogs.com\/pateandoelmundo\/wp-json\/wp\/v2\/tags?post=3003"}],"curies":[{"name":"wp","href":"https:\/\/api.w.org\/{rel}","templated":true}]}}