{"id":30003,"date":"2020-11-20T18:46:19","date_gmt":"2020-11-20T17:46:19","guid":{"rendered":"https:\/\/www.granadablogs.com\/pateandoelmundo\/?p=30003"},"modified":"2020-11-22T22:19:33","modified_gmt":"2020-11-22T21:19:33","slug":"una-artista-que-no-pudo-pintar","status":"publish","type":"post","link":"https:\/\/www.granadablogs.com\/pateandoelmundo\/una-artista-que-no-pudo-pintar\/","title":{"rendered":"La artista que no pudo pintar"},"content":{"rendered":"<p>Ha sido leyendo el \u2018Ida y Vuelta\u2019 de Antonio Mu\u00f1oz Molina en el \u00faltimo Babelia que he conocido la historia de Aurelia Navarro, una artista granadina nacida en 1882 que, con su cuadro \u2018Desnudo femenino\u2019, gan\u00f3 una tercera medalla en la Exposici\u00f3n Nacional de Bellas Artes de 1908. Una obra que ahora mismo saluda a los visitantes que pasen por el Museo del Prado para ver la exposici\u00f3n \u2018Invitadas. Fragmentos sobre mujeres, ideolog\u00eda y artes pl\u00e1sticas en Espa\u00f1a (1833-1931)\u2019.<\/p>\n<p><a href=\"https:\/\/www.granadablogs.com\/pateandoelmundo\/una-artista-que-no-pudo-pintar\/0-aurelia-navarro-prado\/\" rel=\"attachment wp-att-30004\"><img loading=\"lazy\" decoding=\"async\" class=\"aligncenter size-full wp-image-30004\" src=\"https:\/\/www.granadablogs.com\/pateandoelmundo\/wp-content\/uploads\/2020\/11\/0-Aurelia-Navarro-Prado.jpg\" alt=\"\" width=\"275\" height=\"183\" \/><\/a><\/p>\n<p>Cuando consigui\u00f3 aquel galard\u00f3n, Aurelia Navarro ten\u00eda 26 a\u00f1os, todo el tiempo por delante y el mundo entero por conquistar, con una beca para Roma a su entera disposici\u00f3n. Sin embargo y pese a la medalla, el Estado no adquiri\u00f3 una obra que fue considerada pol\u00e9mica y escandalosa por mostrar un desnudo femenino\u2026 pintado por una mujer.<\/p>\n<p><a href=\"https:\/\/www.granadablogs.com\/pateandoelmundo\/una-artista-que-no-pudo-pintar\/0-aurelia-navarro\/\" rel=\"attachment wp-att-30005\"><img loading=\"lazy\" decoding=\"async\" class=\"aligncenter size-medium wp-image-30005\" src=\"https:\/\/www.granadablogs.com\/pateandoelmundo\/wp-content\/uploads\/2020\/11\/0-Aurelia-Navarro-300x197.jpg\" alt=\"\" width=\"300\" height=\"197\" srcset=\"https:\/\/www.granadablogs.com\/pateandoelmundo\/wp-content\/uploads\/2020\/11\/0-Aurelia-Navarro-300x197.jpg 300w, https:\/\/www.granadablogs.com\/pateandoelmundo\/wp-content\/uploads\/2020\/11\/0-Aurelia-Navarro-768x504.jpg 768w, https:\/\/www.granadablogs.com\/pateandoelmundo\/wp-content\/uploads\/2020\/11\/0-Aurelia-Navarro-644x423.jpg 644w, https:\/\/www.granadablogs.com\/pateandoelmundo\/wp-content\/uploads\/2020\/11\/0-Aurelia-Navarro.jpg 1098w\" sizes=\"auto, (max-width: 300px) 100vw, 300px\" \/><\/a><\/p>\n<p>Y ah\u00ed comenzaron a torcerse las cosas para Aurelia: las presiones familiares y sociales la lastraron y, abrumada por una asfixia ambiental que no la dejaba respirar, renunci\u00f3 a una vida mundana y art\u00edstica para ingresar de por vida en un convento de monjas. Aunque todav\u00eda pintar\u00eda algunos cuadros de \u00edndole religiosa, su vocaci\u00f3n fue menguando hasta desaparecer por completo. \u00bfQu\u00e9 hubiera llegado a pintar Aurelia Navarro si las circunstancias, en vez de penalizarla, paralizarla y aparcarla la hubieran acompa\u00f1ado, se pregunta Mu\u00f1oz Molina, teniendo en cuenta que, longeva, fue coet\u00e1nea tanto de Picasso como de Warhol? Podemos imaginarlo, pero nunca saberlo.<\/p>\n<p>Espoleado por la curiosidad, busqu\u00e9 m\u00e1s informaci\u00f3n sobre Aurelia Navarro, encontrando un art\u00edculo de IDEAL de 2009 en que se hablaba del \u2018Diccionario de Mujeres Pintoras en Andaluc\u00eda, siglo XIX\u2019, de Matilde Torres L\u00f3pez, doctora en Historia del Arte, que rescata del olvido a m\u00e1s de 300 creadoras. \u201cSaber pintar quedaba muy bien cara a la galer\u00eda, pero era una educaci\u00f3n de adorno con el objetivo de casarlas mejor\u201d, se\u00f1alaba la autora.<\/p>\n<p><a href=\"https:\/\/www.granadablogs.com\/pateandoelmundo\/una-artista-que-no-pudo-pintar\/0-aurelia-navarro-cuadro\/\" rel=\"attachment wp-att-30006\"><img loading=\"lazy\" decoding=\"async\" class=\"aligncenter size-medium wp-image-30006\" src=\"https:\/\/www.granadablogs.com\/pateandoelmundo\/wp-content\/uploads\/2020\/11\/0-Aurelia-Navarro-cuadro-207x300.jpg\" alt=\"\" width=\"207\" height=\"300\" srcset=\"https:\/\/www.granadablogs.com\/pateandoelmundo\/wp-content\/uploads\/2020\/11\/0-Aurelia-Navarro-cuadro-207x300.jpg 207w, https:\/\/www.granadablogs.com\/pateandoelmundo\/wp-content\/uploads\/2020\/11\/0-Aurelia-Navarro-cuadro.jpg 587w\" sizes=\"auto, (max-width: 207px) 100vw, 207px\" \/><\/a><\/p>\n<p>Y otra referencia imprescindible, haciendo una visita al museo virtual de la Diputaci\u00f3n de Granada. \u00bfSaben qu\u00e9 cuadro aparece? Efectivamente: \u2018Desnudo femenino\u2019. Y una larga y apasionante contextualizaci\u00f3n de la misma Matilde Torres, entresacada de su tesis doctoral.<\/p>\n<p>Le pregunt\u00e9 a F\u00e1tima G\u00f3mez Abad, diputada de Cultura, si podremos ver el cuadro en Granada a su vuelta de la exposici\u00f3n del Prado y me confirm\u00f3 que probablemente s\u00ed. Ser\u00e1 una estupenda manera, si no de reparar una injusticia irreparable, s\u00ed al menos de homenajear a una gran artista granadina y de so\u00f1ar con los cuadros que habr\u00eda podido pintar si, en vez de mujer, hubiera sido hombre.<\/p>\n<p>Jes\u00fas Lens<\/p>\n<p><a href=\"https:\/\/www.granadablogs.com\/pateandoelmundo\/lluvia-de-millones\/00000-twitter\/\" rel=\"attachment wp-att-29227\"><img loading=\"lazy\" decoding=\"async\" class=\"size-full wp-image-29227 alignleft\" src=\"https:\/\/www.granadablogs.com\/pateandoelmundo\/wp-content\/uploads\/2020\/06\/00000-Twitter.jpg\" alt=\"\" width=\"196\" height=\"47\" \/><\/a><\/p>\n","protected":false},"excerpt":{"rendered":"<p>Ha sido leyendo el \u2018Ida y Vuelta\u2019 de Antonio Mu\u00f1oz Molina en el \u00faltimo Babelia que he conocido la historia de Aurelia Navarro, una artista granadina nacida en 1882 que, con su cuadro \u2018Desnudo femenino\u2019, gan\u00f3 una tercera medalla en la Exposici\u00f3n Nacional de Bellas Artes de 1908. Una obra que ahora mismo saluda a [&hellip;]<\/p>\n","protected":false},"author":1,"featured_media":0,"comment_status":"open","ping_status":"open","sticky":false,"template":"","format":"standard","meta":{"jetpack_post_was_ever_published":false,"_jetpack_newsletter_access":"","_jetpack_dont_email_post_to_subs":false,"_jetpack_newsletter_tier_id":0,"_jetpack_memberships_contains_paywalled_content":false,"_jetpack_memberships_contains_paid_content":false,"footnotes":""},"categories":[33,6],"tags":[19663,19666,972,19664,13248,19665,19667],"class_list":["post-30003","post","type-post","status-publish","format-standard","hentry","category-arte","category-opinion","tag-aurelia-navarro","tag-desnudo-femenino","tag-diputacion-de-granada","tag-exposicion-invitadas","tag-fatima-gomez-abad","tag-invitadas-museo-del-prado","tag-matilde-torres-lopez"],"jetpack_featured_media_url":"","jetpack_sharing_enabled":true,"_links":{"self":[{"href":"https:\/\/www.granadablogs.com\/pateandoelmundo\/wp-json\/wp\/v2\/posts\/30003","targetHints":{"allow":["GET"]}}],"collection":[{"href":"https:\/\/www.granadablogs.com\/pateandoelmundo\/wp-json\/wp\/v2\/posts"}],"about":[{"href":"https:\/\/www.granadablogs.com\/pateandoelmundo\/wp-json\/wp\/v2\/types\/post"}],"author":[{"embeddable":true,"href":"https:\/\/www.granadablogs.com\/pateandoelmundo\/wp-json\/wp\/v2\/users\/1"}],"replies":[{"embeddable":true,"href":"https:\/\/www.granadablogs.com\/pateandoelmundo\/wp-json\/wp\/v2\/comments?post=30003"}],"version-history":[{"count":3,"href":"https:\/\/www.granadablogs.com\/pateandoelmundo\/wp-json\/wp\/v2\/posts\/30003\/revisions"}],"predecessor-version":[{"id":30009,"href":"https:\/\/www.granadablogs.com\/pateandoelmundo\/wp-json\/wp\/v2\/posts\/30003\/revisions\/30009"}],"wp:attachment":[{"href":"https:\/\/www.granadablogs.com\/pateandoelmundo\/wp-json\/wp\/v2\/media?parent=30003"}],"wp:term":[{"taxonomy":"category","embeddable":true,"href":"https:\/\/www.granadablogs.com\/pateandoelmundo\/wp-json\/wp\/v2\/categories?post=30003"},{"taxonomy":"post_tag","embeddable":true,"href":"https:\/\/www.granadablogs.com\/pateandoelmundo\/wp-json\/wp\/v2\/tags?post=30003"}],"curies":[{"name":"wp","href":"https:\/\/api.w.org\/{rel}","templated":true}]}}