{"id":29983,"date":"2020-11-17T12:30:12","date_gmt":"2020-11-17T11:30:12","guid":{"rendered":"https:\/\/www.granadablogs.com\/pateandoelmundo\/?p=29983"},"modified":"2020-11-17T12:30:12","modified_gmt":"2020-11-17T11:30:12","slug":"cuando-laura-vuelve-de-la-muerte","status":"publish","type":"post","link":"https:\/\/www.granadablogs.com\/pateandoelmundo\/cuando-laura-vuelve-de-la-muerte\/","title":{"rendered":"Cuando Laura vuelve de la muerte"},"content":{"rendered":"<p>Disculpen el spoiler, pero como hablamos de una pel\u00edcula de 1944 universalmente conocida, pienso que ha pasado el tiempo suficiente como para hablar con libertad de una de las secuencias cumbre de la historia del cine: la resurrecci\u00f3n de Laura en la pel\u00edcula hom\u00f3nima, filmada por Otto Preminger.<\/p>\n<p><a href=\"https:\/\/www.granadablogs.com\/pateandoelmundo\/cuando-laura-vuelve-de-la-muerte\/0-laura-llega\/\" rel=\"attachment wp-att-29984\"><img loading=\"lazy\" decoding=\"async\" class=\"aligncenter size-medium wp-image-29984\" src=\"https:\/\/www.granadablogs.com\/pateandoelmundo\/wp-content\/uploads\/2020\/11\/0-Laura-llega-300x225.jpg\" alt=\"\" width=\"300\" height=\"225\" srcset=\"https:\/\/www.granadablogs.com\/pateandoelmundo\/wp-content\/uploads\/2020\/11\/0-Laura-llega-300x225.jpg 300w, https:\/\/www.granadablogs.com\/pateandoelmundo\/wp-content\/uploads\/2020\/11\/0-Laura-llega.jpg 630w\" sizes=\"auto, (max-width: 300px) 100vw, 300px\" \/><\/a><\/p>\n<p>El pasado mi\u00e9rcoles por la noche me plante\u00e9 preparar unos martinis o un whisky on the rocks para acompa\u00f1ar el en\u00e9simo visionado de \u2018Laura\u2019, siguiendo el ejemplo de lo que solemos ver en las pel\u00edculas norteamericanas, pero luego pens\u00e9 que era puro postureo, un recurso cinematogr\u00e1fico \u2014como lo de fumar\u2014 para que los actores tengan entretenidas las manos y no parezcan unos pasmarotes en pantalla.<\/p>\n<p>Cambi\u00e9 los sofisticados combinados por una Milno helada y una tapilla de torreznos, algo mucho m\u00e1s de aqu\u00ed, y me volv\u00ed a sumergir en aquella ardiente noche de verano en la que Laura fue asesinada.<\/p>\n<p><a href=\"https:\/\/www.granadablogs.com\/pateandoelmundo\/cuando-laura-vuelve-de-la-muerte\/0-laura-cuadro\/\" rel=\"attachment wp-att-29985\"><img loading=\"lazy\" decoding=\"async\" class=\"aligncenter size-medium wp-image-29985\" src=\"https:\/\/www.granadablogs.com\/pateandoelmundo\/wp-content\/uploads\/2020\/11\/0-Laura-cuadro-300x247.jpg\" alt=\"\" width=\"300\" height=\"247\" srcset=\"https:\/\/www.granadablogs.com\/pateandoelmundo\/wp-content\/uploads\/2020\/11\/0-Laura-cuadro-300x247.jpg 300w, https:\/\/www.granadablogs.com\/pateandoelmundo\/wp-content\/uploads\/2020\/11\/0-Laura-cuadro.jpg 400w\" sizes=\"auto, (max-width: 300px) 100vw, 300px\" \/><\/a><\/p>\n<p>Y me pas\u00f3 algo curioso: aunque me volvi\u00f3 a emocionar la secuencia de la \u2018resurrecci\u00f3n\u2019 de Laura, haci\u00e9ndose carne frente al precioso retrato con su imagen que preside su apartamento en Manhattan; la pel\u00edcula me dej\u00f3 m\u00e1s fr\u00edo que en ocasiones precedentes. \u00bfPor qu\u00e9? Porque la vi nada m\u00e1s terminar de leer la novela de Vera Caspary en que \u2018Laura\u2019 est\u00e1 basada.<\/p>\n<p>Este 2020 hemos puesto en marcha un Club de lectura y cine cl\u00e1sicos en Granada Noir. Leemos novelas negras y polic\u00edacas del pasado siglo, vemos las pel\u00edculas basadas en ellos y lo hablamos, comentamos y desentra\u00f1amos por Zoom y a trav\u00e9s de hilos espec\u00edficos en las redes sociales.<\/p>\n<p>De joven, amaba el cine negro norteamericano y el western (casi) por encima de todas las cosas. Solo le prestaba atenci\u00f3n a las pel\u00edculas, sin preocuparme de los textos literarios en que estaban basados sus guiones. De ah\u00ed que en un 2020 tan nefasto para tantas cosas, esta vuelta a los or\u00edgenes literarios y cinematogr\u00e1ficos del g\u00e9nero negro, est\u00e9 resultando apasionante.<\/p>\n<p><a href=\"https:\/\/www.granadablogs.com\/pateandoelmundo\/cuando-laura-vuelve-de-la-muerte\/0-laura-cli\/\" rel=\"attachment wp-att-29986\"><img loading=\"lazy\" decoding=\"async\" class=\"aligncenter size-medium wp-image-29986\" src=\"https:\/\/www.granadablogs.com\/pateandoelmundo\/wp-content\/uploads\/2020\/11\/0-Laura-cli-300x169.jpg\" alt=\"\" width=\"300\" height=\"169\" srcset=\"https:\/\/www.granadablogs.com\/pateandoelmundo\/wp-content\/uploads\/2020\/11\/0-Laura-cli-300x169.jpg 300w, https:\/\/www.granadablogs.com\/pateandoelmundo\/wp-content\/uploads\/2020\/11\/0-Laura-cli.jpg 400w\" sizes=\"auto, (max-width: 300px) 100vw, 300px\" \/><\/a><\/p>\n<p>En \u2018Laura\u2019, la combativa escritora Vera Caspary narra la investigaci\u00f3n de su asesinato a trav\u00e9s de diversas voces, comenzando por la de uno de sus m\u00e1s \u00edntimos amigos: el exc\u00e9ntrico columnista y escritor de historias polic\u00edacas Waldo Lydeker. En la novela, la autora nos lo describe como un hombre mayor bien entrado en carnes. En la pel\u00edcula fue interpretado, sin embargo, por el esquel\u00e9tico y flem\u00e1tico Clifton Webb que, a\u00f1os despu\u00e9s, prestar\u00eda su afilada figura al Mr. Belvedere del consultorio de la m\u00edtica Fotogramas, la de antes.<\/p>\n<p>En este caso, la diferencia de volumen corporal es una licencia po\u00e9tica que en nada condiciona la narraci\u00f3n: el car\u00e1cter corrosivo de Lydeker, el gordo y el flaco, funciona igual en la versi\u00f3n literaria que en la cinematogr\u00e1fica, que hablamos de uno de los grandes personajes secundarios de la historia del Noir. A trav\u00e9s de un lenguaje florido y cargado de iron\u00eda y dobles sentidos, Waldo tira de subjetivismo y libre interpretaci\u00f3n de los hechos.<\/p>\n<p><a href=\"https:\/\/www.granadablogs.com\/pateandoelmundo\/cuando-laura-vuelve-de-la-muerte\/0-laura-novela\/\" rel=\"attachment wp-att-29987\"><img loading=\"lazy\" decoding=\"async\" class=\"aligncenter size-medium wp-image-29987\" src=\"https:\/\/www.granadablogs.com\/pateandoelmundo\/wp-content\/uploads\/2020\/11\/0-Laura-novela-195x300.jpg\" alt=\"\" width=\"195\" height=\"300\" srcset=\"https:\/\/www.granadablogs.com\/pateandoelmundo\/wp-content\/uploads\/2020\/11\/0-Laura-novela-195x300.jpg 195w, https:\/\/www.granadablogs.com\/pateandoelmundo\/wp-content\/uploads\/2020\/11\/0-Laura-novela.jpg 229w\" sizes=\"auto, (max-width: 195px) 100vw, 195px\" \/><\/a><\/p>\n<p>A partir de la mitad de la novela toma el testigo de la narraci\u00f3n el polic\u00eda encargado de la investigaci\u00f3n, McPherson, interpretado en la pel\u00edcula por el siempre solvente Dana Andrews. Con un estilo mucho menos alambicado que el de Waldo Lydeker, hace avanzar la historia desde un punto de vista objetivo: el del polic\u00eda que sospecha de todo y de todos. Su herramienta predilecta ser\u00e1n los interrogatorios, tanto por lo que responden los interrogados como por sus reacciones gestuales al ir recibiendo las c\u00e1psulas de informaci\u00f3n que les da el polizonte.<\/p>\n<p>La parte final de la novela, tras la lectura de unos escuetos informes policiales y la transcripci\u00f3n de unas escuchas telef\u00f3nicas, corresponde a la propia Laura. Esa Laura fantasmal que, vuelta a la vida, se encuentra en el ojo del hurac\u00e1n. Una Laura que tiene mucha m\u00e1s presencia y protagonismo en la novela que en pantalla. La belleza sin igual de Gene Tierney fij\u00f3 a Laura, para siempre, en nuestra retina. Su alter ego en papel, m\u00e1s profundo, m\u00e1s complejo y m\u00e1s interesante; la consolida en nuestro imaginario como una de las grandes hero\u00ednas del g\u00e9nero negro y criminal.<\/p>\n<p>Lean \u2018Laura\u2019 y descubrir\u00e1n una novela excelente que les llevar\u00e1 a querer saber m\u00e1s de su autora, Vera Caspary, sobre la que volveremos pr\u00f3ximamente.<\/p>\n<p><a href=\"https:\/\/www.granadablogs.com\/pateandoelmundo\/cuando-laura-vuelve-de-la-muerte\/0-laura-vera\/\" rel=\"attachment wp-att-29988\"><img loading=\"lazy\" decoding=\"async\" class=\"aligncenter size-medium wp-image-29988\" src=\"https:\/\/www.granadablogs.com\/pateandoelmundo\/wp-content\/uploads\/2020\/11\/0-Laura-Vera-300x168.jpg\" alt=\"\" width=\"300\" height=\"168\" \/><\/a><\/p>\n<p>Vean \u2018Laura\u2019, tambi\u00e9n. Una pel\u00edcula que en el a\u00f1o 1999 fue considerada \u201ccultural, hist\u00f3rica y est\u00e9ticamente significativa\u201d por la Biblioteca del Congreso de Estados Unidos as\u00ed como seleccionada para su preservaci\u00f3n en el National Film Registry. Nominada a cinco \u00d3scar, se alz\u00f3 con el premio a la mejor fotograf\u00eda en blanco y negro para el operador Joseph LaShelle. Y un aliciente especial: ver a Vincent Price convertido en una especie de latin lover de lo m\u00e1s result\u00f3n.<\/p>\n<p><a href=\"https:\/\/www.granadablogs.com\/pateandoelmundo\/cuando-laura-vuelve-de-la-muerte\/0-laura\/\" rel=\"attachment wp-att-29989\"><img loading=\"lazy\" decoding=\"async\" class=\"aligncenter size-full wp-image-29989\" src=\"https:\/\/www.granadablogs.com\/pateandoelmundo\/wp-content\/uploads\/2020\/11\/0-Laura.jpg\" alt=\"\" width=\"182\" height=\"276\" \/><\/a><\/p>\n<p>En estos tiempos semiconfinados, seguiremos leyendo a Patricia Highsmith, Chester Himes o Jim Thompson y viendo las pel\u00edculas surgidas de sus novelas. Porque en el mundo del g\u00e9nero negro, literatura y cine van total y absolutamente de la mano.<\/p>\n<p>Jes\u00fas Lens<\/p>\n<p><a href=\"https:\/\/twitter.com\/Jesus_Lens\" target=\"_blank\" rel=\"attachment noopener wp-att-29227\"><img loading=\"lazy\" decoding=\"async\" class=\"size-full wp-image-29227 alignleft\" src=\"https:\/\/www.granadablogs.com\/pateandoelmundo\/wp-content\/uploads\/2020\/06\/00000-Twitter.jpg\" alt=\"\" width=\"196\" height=\"47\" \/><\/a><\/p>\n","protected":false},"excerpt":{"rendered":"<p>Disculpen el spoiler, pero como hablamos de una pel\u00edcula de 1944 universalmente conocida, pienso que ha pasado el tiempo suficiente como para hablar con libertad de una de las secuencias cumbre de la historia del cine: la resurrecci\u00f3n de Laura en la pel\u00edcula hom\u00f3nima, filmada por Otto Preminger. El pasado mi\u00e9rcoles por la noche me [&hellip;]<\/p>\n","protected":false},"author":1,"featured_media":0,"comment_status":"open","ping_status":"open","sticky":false,"template":"","format":"standard","meta":{"jetpack_post_was_ever_published":false,"_jetpack_newsletter_access":"","_jetpack_dont_email_post_to_subs":false,"_jetpack_newsletter_tier_id":0,"_jetpack_memberships_contains_paywalled_content":false,"_jetpack_memberships_contains_paid_content":false,"footnotes":""},"categories":[10,21,11774],"tags":[2374,19648,19649,19646,19647,11145,19642,19645,19643,2373,12567,19644],"class_list":["post-29983","post","type-post","status-publish","format-standard","hentry","category-cine","category-negra-y-criminal","category-rincon-oscuro","tag-cervezas-alhambra","tag-clifton-webb","tag-cul-lectura-y-cine","tag-dana-andrews","tag-gene-tierney","tag-granada-noir-2","tag-laura-novela","tag-laura-pelicula","tag-laura-vera-caspary","tag-milno","tag-otto-preminger","tag-vera-caspary"],"jetpack_featured_media_url":"","jetpack_sharing_enabled":true,"_links":{"self":[{"href":"https:\/\/www.granadablogs.com\/pateandoelmundo\/wp-json\/wp\/v2\/posts\/29983","targetHints":{"allow":["GET"]}}],"collection":[{"href":"https:\/\/www.granadablogs.com\/pateandoelmundo\/wp-json\/wp\/v2\/posts"}],"about":[{"href":"https:\/\/www.granadablogs.com\/pateandoelmundo\/wp-json\/wp\/v2\/types\/post"}],"author":[{"embeddable":true,"href":"https:\/\/www.granadablogs.com\/pateandoelmundo\/wp-json\/wp\/v2\/users\/1"}],"replies":[{"embeddable":true,"href":"https:\/\/www.granadablogs.com\/pateandoelmundo\/wp-json\/wp\/v2\/comments?post=29983"}],"version-history":[{"count":2,"href":"https:\/\/www.granadablogs.com\/pateandoelmundo\/wp-json\/wp\/v2\/posts\/29983\/revisions"}],"predecessor-version":[{"id":29991,"href":"https:\/\/www.granadablogs.com\/pateandoelmundo\/wp-json\/wp\/v2\/posts\/29983\/revisions\/29991"}],"wp:attachment":[{"href":"https:\/\/www.granadablogs.com\/pateandoelmundo\/wp-json\/wp\/v2\/media?parent=29983"}],"wp:term":[{"taxonomy":"category","embeddable":true,"href":"https:\/\/www.granadablogs.com\/pateandoelmundo\/wp-json\/wp\/v2\/categories?post=29983"},{"taxonomy":"post_tag","embeddable":true,"href":"https:\/\/www.granadablogs.com\/pateandoelmundo\/wp-json\/wp\/v2\/tags?post=29983"}],"curies":[{"name":"wp","href":"https:\/\/api.w.org\/{rel}","templated":true}]}}