{"id":29963,"date":"2020-11-16T11:58:40","date_gmt":"2020-11-16T10:58:40","guid":{"rendered":"https:\/\/www.granadablogs.com\/pateandoelmundo\/?p=29963"},"modified":"2020-11-16T12:08:56","modified_gmt":"2020-11-16T11:08:56","slug":"de-mirame-y-no-me-toques","status":"publish","type":"post","link":"https:\/\/www.granadablogs.com\/pateandoelmundo\/de-mirame-y-no-me-toques\/","title":{"rendered":"De m\u00edrame y no me toques"},"content":{"rendered":"<p>Qu\u00e9 espect\u00e1culo era Granada ayer. Aunque amaneci\u00f3 algo nublado, no tard\u00f3 en despejar, qued\u00e1ndose un d\u00eda de lujo. Como les anticipaba <a href=\"https:\/\/www.granadablogs.com\/pateandoelmundo\/hoy-sera-raro-otra-vez\/\" target=\"_blank\" rel=\"noopener\">AQU\u00cd<\/a>, sal\u00ed a pasear, igual que hicieron miles de granadinos a todo lo ancho y lo largo de la provincia, seg\u00fan pod\u00edamos ver en las redes sociales.<\/p>\n<p><a href=\"https:\/\/www.granadablogs.com\/pateandoelmundo\/de-mirame-y-no-me-toques\/0-miradores\/\" rel=\"attachment wp-att-29964\"><img loading=\"lazy\" decoding=\"async\" class=\"aligncenter size-medium wp-image-29964\" src=\"https:\/\/www.granadablogs.com\/pateandoelmundo\/wp-content\/uploads\/2020\/11\/0-Miradores-300x225.jpg\" alt=\"\" width=\"300\" height=\"225\" srcset=\"https:\/\/www.granadablogs.com\/pateandoelmundo\/wp-content\/uploads\/2020\/11\/0-Miradores-300x225.jpg 300w, https:\/\/www.granadablogs.com\/pateandoelmundo\/wp-content\/uploads\/2020\/11\/0-Miradores-768x576.jpg 768w, https:\/\/www.granadablogs.com\/pateandoelmundo\/wp-content\/uploads\/2020\/11\/0-Miradores-644x483.jpg 644w\" sizes=\"auto, (max-width: 300px) 100vw, 300px\" \/><\/a><\/p>\n<p>Camin\u00e1bamos disfrutando de los mil y un colores del oto\u00f1o, ahora que no se puede subir al robledal del Guarn\u00f3n o visitar la dehesa del Camarate. No poder salir fuera a sumergirnos en el coraz\u00f3n la naturaleza hace que seamos m\u00e1s conscientes de la naturaleza urbana que nos rodea, que es mucha, generosa y feraz.<\/p>\n<p><a href=\"https:\/\/www.granadablogs.com\/pateandoelmundo\/de-mirame-y-no-me-toques\/0-mir\/\" rel=\"attachment wp-att-29965\"><img loading=\"lazy\" decoding=\"async\" class=\"aligncenter size-medium wp-image-29965\" src=\"https:\/\/www.granadablogs.com\/pateandoelmundo\/wp-content\/uploads\/2020\/11\/0-Mir-300x225.jpg\" alt=\"\" width=\"300\" height=\"225\" srcset=\"https:\/\/www.granadablogs.com\/pateandoelmundo\/wp-content\/uploads\/2020\/11\/0-Mir-300x225.jpg 300w, https:\/\/www.granadablogs.com\/pateandoelmundo\/wp-content\/uploads\/2020\/11\/0-Mir-768x576.jpg 768w, https:\/\/www.granadablogs.com\/pateandoelmundo\/wp-content\/uploads\/2020\/11\/0-Mir-644x483.jpg 644w\" sizes=\"auto, (max-width: 300px) 100vw, 300px\" \/><\/a><\/p>\n<p>Nuestro objetivo era asomarnos a diferentes miradores de la ciudad, para verla desde lejos, que ya saben ustedes que Granada est\u00e1 de m\u00edrame y no me toques. De hecho, culebreando por los bosques de la Alhambra no dejaba de acordarme de Radio Futura y su \u00abno tocarte y pasar todo el d\u00eda junto a ti. No tocarte. Es lo que se espera de ti. No tocarte&#8230; \u00a1podr\u00eda devorarte!\u00bb<\/p>\n<p><a href=\"https:\/\/www.granadablogs.com\/pateandoelmundo\/de-mirame-y-no-me-toques\/0-mira-2\/\" rel=\"attachment wp-att-29966\"><img loading=\"lazy\" decoding=\"async\" class=\"aligncenter size-medium wp-image-29966\" src=\"https:\/\/www.granadablogs.com\/pateandoelmundo\/wp-content\/uploads\/2020\/11\/0-Mira-300x225.jpg\" alt=\"\" width=\"300\" height=\"225\" srcset=\"https:\/\/www.granadablogs.com\/pateandoelmundo\/wp-content\/uploads\/2020\/11\/0-Mira-300x225.jpg 300w, https:\/\/www.granadablogs.com\/pateandoelmundo\/wp-content\/uploads\/2020\/11\/0-Mira-768x576.jpg 768w, https:\/\/www.granadablogs.com\/pateandoelmundo\/wp-content\/uploads\/2020\/11\/0-Mira-644x483.jpg 644w\" sizes=\"auto, (max-width: 300px) 100vw, 300px\" \/><\/a><\/p>\n<p>Primera parada, en la Churra, para disfrutar de las mil y una capas del Albayz\u00edn, visto de frente y (casi) desde abajo. M\u00e1s arriba, desde la terraza del Manuel de Falla, nos deleit\u00e1bamos con la Granada urbana de fondo, la contempor\u00e1nea del PTS y la eclesi\u00e1stica de la Catedral, los monasterios y nuestro a\u00f1orado hotel Alhambra Palace.<\/p>\n<p><a href=\"https:\/\/www.granadablogs.com\/pateandoelmundo\/de-mirame-y-no-me-toques\/0-mirado\/\" rel=\"attachment wp-att-29967\"><img loading=\"lazy\" decoding=\"async\" class=\"aligncenter size-medium wp-image-29967\" src=\"https:\/\/www.granadablogs.com\/pateandoelmundo\/wp-content\/uploads\/2020\/11\/0-Mirado-225x300.jpg\" alt=\"\" width=\"225\" height=\"300\" srcset=\"https:\/\/www.granadablogs.com\/pateandoelmundo\/wp-content\/uploads\/2020\/11\/0-Mirado-225x300.jpg 225w, https:\/\/www.granadablogs.com\/pateandoelmundo\/wp-content\/uploads\/2020\/11\/0-Mirado-768x1024.jpg 768w, https:\/\/www.granadablogs.com\/pateandoelmundo\/wp-content\/uploads\/2020\/11\/0-Mirado-644x859.jpg 644w\" sizes=\"auto, (max-width: 225px) 100vw, 225px\" \/><\/a><\/p>\n<p>Seguimos subiendo hasta un espacio tan singular como nuestro cementerio de San Jos\u00e9, desde donde nos asomamos al cauce del Genil y a las altas cumbres de Sierra Nevada, todav\u00eda tan poco blancas. Y, de seguido, la Silla del Moro y su espectacular panor\u00e1mica de todo el recinto de la Alhambra visto desde atr\u00e1s, de las huertas de Generalife a la iglesia de Santa Mar\u00eda. 16 kil\u00f3metros de caminata desde el Zaid\u00edn, dej\u00e1ndonos para otro d\u00eda San Miguel Alto, San Nicol\u00e1s, San Crist\u00f3bal, los Carvajales y el callejeo por el Albayz\u00edn.<\/p>\n<p><a href=\"https:\/\/www.granadablogs.com\/pateandoelmundo\/de-mirame-y-no-me-toques\/0-mirad\/\" rel=\"attachment wp-att-29968\"><img loading=\"lazy\" decoding=\"async\" class=\"aligncenter size-medium wp-image-29968\" src=\"https:\/\/www.granadablogs.com\/pateandoelmundo\/wp-content\/uploads\/2020\/11\/0-Mirad-300x225.jpg\" alt=\"\" width=\"300\" height=\"225\" srcset=\"https:\/\/www.granadablogs.com\/pateandoelmundo\/wp-content\/uploads\/2020\/11\/0-Mirad-300x225.jpg 300w, https:\/\/www.granadablogs.com\/pateandoelmundo\/wp-content\/uploads\/2020\/11\/0-Mirad-768x576.jpg 768w, https:\/\/www.granadablogs.com\/pateandoelmundo\/wp-content\/uploads\/2020\/11\/0-Mirad-644x483.jpg 644w\" sizes=\"auto, (max-width: 300px) 100vw, 300px\" \/><\/a><\/p>\n<p>El cuerpo nos iba pidiendo una cerveza en La Mimbre, un c\u00f3ctel en Mar\u00eda de la O al bajar del Realejo o, antes de llegar a casa, unas ca\u00f1as con unas tapas en el R\u00edos. Pero no toca y no puede ser. Estos d\u00edas, paciencia y pasos largos.<\/p>\n<p>Jes\u00fas Lens<\/p>\n<p><a href=\"https:\/\/twitter.com\/Jesus_Lens\" target=\"_blank\" rel=\"attachment noopener wp-att-29227\"><img loading=\"lazy\" decoding=\"async\" class=\"size-full wp-image-29227 alignleft\" src=\"https:\/\/www.granadablogs.com\/pateandoelmundo\/wp-content\/uploads\/2020\/06\/00000-Twitter.jpg\" alt=\"\" width=\"196\" height=\"47\" \/><\/a><\/p>\n","protected":false},"excerpt":{"rendered":"<p>Qu\u00e9 espect\u00e1culo era Granada ayer. Aunque amaneci\u00f3 algo nublado, no tard\u00f3 en despejar, qued\u00e1ndose un d\u00eda de lujo. Como les anticipaba AQU\u00cd, sal\u00ed a pasear, igual que hicieron miles de granadinos a todo lo ancho y lo largo de la provincia, seg\u00fan pod\u00edamos ver en las redes sociales. Camin\u00e1bamos disfrutando de los mil y un [&hellip;]<\/p>\n","protected":false},"author":1,"featured_media":0,"comment_status":"open","ping_status":"open","sticky":false,"template":"","format":"standard","meta":{"jetpack_post_was_ever_published":false,"_jetpack_newsletter_access":"","_jetpack_dont_email_post_to_subs":false,"_jetpack_newsletter_tier_id":0,"_jetpack_memberships_contains_paywalled_content":false,"_jetpack_memberships_contains_paid_content":false,"footnotes":""},"categories":[6,24],"tags":[11204,4017,14182,19636,19638,19637,17038,17401,18875,266],"class_list":["post-29963","post","type-post","status-publish","format-standard","hentry","category-opinion","category-viajes","tag-alhambra-granada","tag-andar","tag-caminar","tag-catedral-granada","tag-cementerio-granada","tag-cementerio-san-jose","tag-hotel-alhambra-palace","tag-mirador-de-la-churra","tag-miradores-de-granada","tag-pasear"],"jetpack_featured_media_url":"","jetpack_sharing_enabled":true,"_links":{"self":[{"href":"https:\/\/www.granadablogs.com\/pateandoelmundo\/wp-json\/wp\/v2\/posts\/29963","targetHints":{"allow":["GET"]}}],"collection":[{"href":"https:\/\/www.granadablogs.com\/pateandoelmundo\/wp-json\/wp\/v2\/posts"}],"about":[{"href":"https:\/\/www.granadablogs.com\/pateandoelmundo\/wp-json\/wp\/v2\/types\/post"}],"author":[{"embeddable":true,"href":"https:\/\/www.granadablogs.com\/pateandoelmundo\/wp-json\/wp\/v2\/users\/1"}],"replies":[{"embeddable":true,"href":"https:\/\/www.granadablogs.com\/pateandoelmundo\/wp-json\/wp\/v2\/comments?post=29963"}],"version-history":[{"count":4,"href":"https:\/\/www.granadablogs.com\/pateandoelmundo\/wp-json\/wp\/v2\/posts\/29963\/revisions"}],"predecessor-version":[{"id":29981,"href":"https:\/\/www.granadablogs.com\/pateandoelmundo\/wp-json\/wp\/v2\/posts\/29963\/revisions\/29981"}],"wp:attachment":[{"href":"https:\/\/www.granadablogs.com\/pateandoelmundo\/wp-json\/wp\/v2\/media?parent=29963"}],"wp:term":[{"taxonomy":"category","embeddable":true,"href":"https:\/\/www.granadablogs.com\/pateandoelmundo\/wp-json\/wp\/v2\/categories?post=29963"},{"taxonomy":"post_tag","embeddable":true,"href":"https:\/\/www.granadablogs.com\/pateandoelmundo\/wp-json\/wp\/v2\/tags?post=29963"}],"curies":[{"name":"wp","href":"https:\/\/api.w.org\/{rel}","templated":true}]}}