{"id":29506,"date":"2020-08-23T12:11:36","date_gmt":"2020-08-23T11:11:36","guid":{"rendered":"https:\/\/www.granadablogs.com\/pateandoelmundo\/?p=29506"},"modified":"2020-08-23T12:11:37","modified_gmt":"2020-08-23T11:11:37","slug":"lo-importante-es-lo-que-importa","status":"publish","type":"post","link":"https:\/\/www.granadablogs.com\/pateandoelmundo\/lo-importante-es-lo-que-importa\/","title":{"rendered":"Lo importante es lo que importa"},"content":{"rendered":"<p>La Espa\u00f1a de las autonom\u00edas tambi\u00e9n era esto. Enfrentarse a la gesti\u00f3n de la segunda ola de la pandemia, por ejemplo. Y decidir qu\u00e9 hacer en competencias como Educaci\u00f3n y Salud. Ni los G\u00e9minis m\u00e1s recalcitrantes podemos entender que pidan su gesti\u00f3n centralizada los mismos que, all\u00e1 por mayo, clamaban por el final del estado de alarma y la devoluci\u00f3n de esas competencias a las autonom\u00edas. Sobre todo porque no lo hacen por una cuesti\u00f3n de salud p\u00fablica, sino por pasarle el marr\u00f3n a otro.<\/p>\n<p><a href=\"https:\/\/www.granadablogs.com\/pateandoelmundo\/lo-importante-es-lo-que-importa\/baloncestos\/\" rel=\"attachment wp-att-29508\"><img loading=\"lazy\" decoding=\"async\" class=\"aligncenter size-medium wp-image-29508\" src=\"https:\/\/www.granadablogs.com\/pateandoelmundo\/wp-content\/uploads\/2020\/08\/Baloncestos-300x281.jpg\" alt=\"\" width=\"300\" height=\"281\" srcset=\"https:\/\/www.granadablogs.com\/pateandoelmundo\/wp-content\/uploads\/2020\/08\/Baloncestos-300x281.jpg 300w, https:\/\/www.granadablogs.com\/pateandoelmundo\/wp-content\/uploads\/2020\/08\/Baloncestos-768x719.jpg 768w, https:\/\/www.granadablogs.com\/pateandoelmundo\/wp-content\/uploads\/2020\/08\/Baloncestos-644x603.jpg 644w\" sizes=\"auto, (max-width: 300px) 100vw, 300px\" \/><\/a><\/p>\n<p>Estamos a poco m\u00e1s de una semana para septiembre y hay quien habla de la \u2018incertidumbre\u2019 sobre lo que nos traer\u00e1 el oto\u00f1o. \u00bfIncertidumbre? No quiero ser derrotista o alarmista, pero tampoco hay que ser Nostradamus para anticipar que el resto del 2020 y el arranque del 2021 van a ser muy complicados, por decirlo suavemente.<\/p>\n<p>En su momento se decidi\u00f3 dar por terminado el curso escolar sin que hubiera vuelta a las aulas. Era l\u00f3gico. A la vez, se puso en marcha la recuperaci\u00f3n del sector de la hosteler\u00eda y el turismo. Igualmente l\u00f3gico y necesario. La operaci\u00f3n Salvar el Verano, si la miramos con los ojos de marzo o abril, ha sido un \u00e9xito. Pero est\u00e1 teniendo un coste muy alto: brotes, rebrotes, conatos de transmisi\u00f3n comunitaria y el cierre del ocio nocturno.<\/p>\n<p>As\u00ed las cosas, nos encaminamos a un septiembre para el que deseamos, tanto como tememos, la vuelta del alumnado a las aulas. \u00bfHa hecho sus deberes la administraci\u00f3n? A la vista de lo que vamos leyendo estos d\u00edas, parece que no, hasta el punto de que ya se anuncian huelgas en el sector en Madrid.<\/p>\n<p><a href=\"https:\/\/www.granadablogs.com\/pateandoelmundo\/lo-importante-es-lo-que-importa\/baloncesto2\/\" rel=\"attachment wp-att-29509\"><img loading=\"lazy\" decoding=\"async\" class=\"aligncenter size-medium wp-image-29509\" src=\"https:\/\/www.granadablogs.com\/pateandoelmundo\/wp-content\/uploads\/2020\/08\/Baloncesto2-300x169.jpg\" alt=\"\" width=\"300\" height=\"169\" srcset=\"https:\/\/www.granadablogs.com\/pateandoelmundo\/wp-content\/uploads\/2020\/08\/Baloncesto2-300x169.jpg 300w, https:\/\/www.granadablogs.com\/pateandoelmundo\/wp-content\/uploads\/2020\/08\/Baloncesto2-768x432.jpg 768w, https:\/\/www.granadablogs.com\/pateandoelmundo\/wp-content\/uploads\/2020\/08\/Baloncesto2-644x362.jpg 644w, https:\/\/www.granadablogs.com\/pateandoelmundo\/wp-content\/uploads\/2020\/08\/Baloncesto2.jpg 1600w\" sizes=\"auto, (max-width: 300px) 100vw, 300px\" \/><\/a><\/p>\n<p>Para la operaci\u00f3n Salvar las Aulas, la Junta de Andaluc\u00eda tendr\u00e1 qu\u00e9 decidir qu\u00e9 es lo que realmente importante. Porque me parece contradictorio que ya se hable de educaci\u00f3n semipresencial y, a la vez, se anuncien los calendarios de competiciones deportivas de alevines, benjamines y dem\u00e1s pezque\u00f1ines. No ser\u00e9 yo quien le ponga un pero a la importancia del deporte escolar, pero es necesario priorizar. Y la cuesti\u00f3n de las actividades extraescolares no resultar\u00e1 pac\u00edfica.<\/p>\n<p><a href=\"https:\/\/www.granadablogs.com\/pateandoelmundo\/lo-importante-es-lo-que-importa\/baloncesto-2\/\" rel=\"attachment wp-att-29510\"><img loading=\"lazy\" decoding=\"async\" class=\"aligncenter size-medium wp-image-29510\" src=\"https:\/\/www.granadablogs.com\/pateandoelmundo\/wp-content\/uploads\/2020\/08\/Baloncesto-1-300x165.jpg\" alt=\"\" width=\"300\" height=\"165\" srcset=\"https:\/\/www.granadablogs.com\/pateandoelmundo\/wp-content\/uploads\/2020\/08\/Baloncesto-1-300x165.jpg 300w, https:\/\/www.granadablogs.com\/pateandoelmundo\/wp-content\/uploads\/2020\/08\/Baloncesto-1-768x422.jpg 768w, https:\/\/www.granadablogs.com\/pateandoelmundo\/wp-content\/uploads\/2020\/08\/Baloncesto-1-644x354.jpg 644w, https:\/\/www.granadablogs.com\/pateandoelmundo\/wp-content\/uploads\/2020\/08\/Baloncesto-1.jpg 1182w\" sizes=\"auto, (max-width: 300px) 100vw, 300px\" \/><\/a><\/p>\n<p>Tendr\u00e1n que hilar muy fino la Junta de Andaluc\u00eda y los Ayuntamientos. Se van a hartar de limitar, acotar y prohibir actividades l\u00fadicas, deportivas y recreativas. Determinar qu\u00e9 es lo realmente importante ser\u00e1 su responsabilidad prioritaria. Y les llover\u00e1n palos. Porque la Espa\u00f1a descentralizada y de las autonom\u00edas tambi\u00e9n era esto.<\/p>\n<p>Jes\u00fas Lens<\/p>\n<p><a href=\"https:\/\/twitter.com\/Jesus_Lens\" target=\"_blank\" rel=\"attachment noopener wp-att-29227\"><img loading=\"lazy\" decoding=\"async\" class=\"size-full wp-image-29227 alignleft\" src=\"https:\/\/www.granadablogs.com\/pateandoelmundo\/wp-content\/uploads\/2020\/06\/00000-Twitter.jpg\" alt=\"\" width=\"196\" height=\"47\" \/><\/a><\/p>\n","protected":false},"excerpt":{"rendered":"<p>La Espa\u00f1a de las autonom\u00edas tambi\u00e9n era esto. Enfrentarse a la gesti\u00f3n de la segunda ola de la pandemia, por ejemplo. Y decidir qu\u00e9 hacer en competencias como Educaci\u00f3n y Salud. Ni los G\u00e9minis m\u00e1s recalcitrantes podemos entender que pidan su gesti\u00f3n centralizada los mismos que, all\u00e1 por mayo, clamaban por el final del estado [&hellip;]<\/p>\n","protected":false},"author":1,"featured_media":0,"comment_status":"open","ping_status":"open","sticky":false,"template":"","format":"standard","meta":{"jetpack_post_was_ever_published":false,"_jetpack_newsletter_access":"","_jetpack_dont_email_post_to_subs":false,"_jetpack_newsletter_tier_id":0,"_jetpack_memberships_contains_paywalled_content":false,"_jetpack_memberships_contains_paid_content":false,"footnotes":""},"categories":[6],"tags":[19369,19372,19371,19370,6404],"class_list":["post-29506","post","type-post","status-publish","format-standard","hentry","category-opinion","tag-baloncesto-escolar","tag-gestion-de-la-pandemia","tag-las-autonomias","tag-penas-deportivas","tag-vuelta-al-cole"],"jetpack_featured_media_url":"","jetpack_sharing_enabled":true,"_links":{"self":[{"href":"https:\/\/www.granadablogs.com\/pateandoelmundo\/wp-json\/wp\/v2\/posts\/29506","targetHints":{"allow":["GET"]}}],"collection":[{"href":"https:\/\/www.granadablogs.com\/pateandoelmundo\/wp-json\/wp\/v2\/posts"}],"about":[{"href":"https:\/\/www.granadablogs.com\/pateandoelmundo\/wp-json\/wp\/v2\/types\/post"}],"author":[{"embeddable":true,"href":"https:\/\/www.granadablogs.com\/pateandoelmundo\/wp-json\/wp\/v2\/users\/1"}],"replies":[{"embeddable":true,"href":"https:\/\/www.granadablogs.com\/pateandoelmundo\/wp-json\/wp\/v2\/comments?post=29506"}],"version-history":[{"count":2,"href":"https:\/\/www.granadablogs.com\/pateandoelmundo\/wp-json\/wp\/v2\/posts\/29506\/revisions"}],"predecessor-version":[{"id":29512,"href":"https:\/\/www.granadablogs.com\/pateandoelmundo\/wp-json\/wp\/v2\/posts\/29506\/revisions\/29512"}],"wp:attachment":[{"href":"https:\/\/www.granadablogs.com\/pateandoelmundo\/wp-json\/wp\/v2\/media?parent=29506"}],"wp:term":[{"taxonomy":"category","embeddable":true,"href":"https:\/\/www.granadablogs.com\/pateandoelmundo\/wp-json\/wp\/v2\/categories?post=29506"},{"taxonomy":"post_tag","embeddable":true,"href":"https:\/\/www.granadablogs.com\/pateandoelmundo\/wp-json\/wp\/v2\/tags?post=29506"}],"curies":[{"name":"wp","href":"https:\/\/api.w.org\/{rel}","templated":true}]}}