{"id":29450,"date":"2020-08-09T07:45:50","date_gmt":"2020-08-09T06:45:50","guid":{"rendered":"https:\/\/www.granadablogs.com\/pateandoelmundo\/?p=29450"},"modified":"2020-08-08T13:48:47","modified_gmt":"2020-08-08T12:48:47","slug":"la-no-segunda-ola","status":"publish","type":"post","link":"https:\/\/www.granadablogs.com\/pateandoelmundo\/la-no-segunda-ola\/","title":{"rendered":"La no segunda ola"},"content":{"rendered":"<p>Hablemos de esa segunda ola que, estando en boca de todo el mundo, ninguno queremos ver. El segundo embite de la Covid-19 provoca una mezcla de pereza, angustia, hast\u00edo y terror digna de estudio y reflexi\u00f3n.<\/p>\n<figure id=\"attachment_29451\" aria-describedby=\"caption-attachment-29451\" style=\"width: 300px\" class=\"wp-caption aligncenter\"><a href=\"https:\/\/www.granadablogs.com\/pateandoelmundo\/?attachment_id=29451\" rel=\"attachment wp-att-29451\"><img loading=\"lazy\" decoding=\"async\" class=\"size-medium wp-image-29451\" src=\"https:\/\/www.granadablogs.com\/pateandoelmundo\/wp-content\/uploads\/2020\/08\/Sim\u00f3n-ola-300x185.jpg\" alt=\"\" width=\"300\" height=\"185\" srcset=\"https:\/\/www.granadablogs.com\/pateandoelmundo\/wp-content\/uploads\/2020\/08\/Sim\u00f3n-ola-300x185.jpg 300w, https:\/\/www.granadablogs.com\/pateandoelmundo\/wp-content\/uploads\/2020\/08\/Sim\u00f3n-ola.jpg 624w\" sizes=\"auto, (max-width: 300px) 100vw, 300px\" \/><\/a><figcaption id=\"caption-attachment-29451\" class=\"wp-caption-text\">Segunda ola&#8230; \u00bfde calor?<\/figcaption><\/figure>\n<p>Por un lado, resulta impensable tener que subir de las playas o bajar de las monta\u00f1as para volver a confinarnos. \u00a1Con este calor! Por otro, hay que salvar la temporada veraniega s\u00ed o tambi\u00e9n. Aunque no haya apenas turismo internacional, es necesario que los oriundos, nativos y locales sigamos movi\u00e9ndonos en nuestro entorno, consumiendo y haciendo gasto. Cada d\u00eda que abre el chiringuito de junto al rebalaje, el merendero serrano y el bar de la esquina es un d\u00eda ganado para el PIB y la Encuesta de Poblaci\u00f3n Activa. Que buena falta nos hace.<\/p>\n<p>Adem\u00e1s, si mantenemos el ocio nocturno abierto y se siguen llenando las plazas de toros, \u00bfqui\u00e9n le pone el cascabel al gato de la segunda ola? M\u00e1xime porque no va a haber autoridad sanitaria que se arriesgue a aconsejar la no apertura de los colegios en oto\u00f1o mientras, unos d\u00edas antes, los toros estaban de bote en bote.<\/p>\n<p>Que me disculpen los taurinos, pero no entiendo c\u00f3mo est\u00e1n las plazas \u2018abarrot\u00e1s\u2019 mientras el f\u00fatbol se juega a puerta cerrada. Tampoco es comprensible que la cultura exija a sus aficionados que se sienten como plantones, de uno en uno, como si estuvieran en plena interpretaci\u00f3n de una vanguardista performance; mientras las terrazas de tantos y tantos bares propician el roce de sus clientes. Y hasta el cari\u00f1o.<\/p>\n<p>Se li\u00f3 parda en el Pa\u00eds Vasco cuando su consejera de Salud, Nekane Murga, confirm\u00f3 que ya estaban inmersos en la segunda ola. Sim\u00f3n le quit\u00f3 hierro al asunto, pero teniendo en cuenta que, en su momento, dijo lo que dijo sobre las mascarillas por la \u00fanica raz\u00f3n de que hab\u00eda desabastecimiento\u2026 Sin embargo, la experta en virolog\u00eda Margarita del Val, investigadora del CSIC, se alinea junto a Murga. Para ella, la temporada de oto\u00f1o-invierno de la pandemia ya est\u00e1 aqu\u00ed. La segunda ola, o sea.<\/p>\n<p><a href=\"https:\/\/www.granadablogs.com\/pateandoelmundo\/?attachment_id=29452\" rel=\"attachment wp-att-29452\"><img loading=\"lazy\" decoding=\"async\" class=\"aligncenter size-medium wp-image-29452\" src=\"https:\/\/www.granadablogs.com\/pateandoelmundo\/wp-content\/uploads\/2020\/08\/Sim\u00f3n-Segunda-Ola-300x150.jpg\" alt=\"\" width=\"300\" height=\"150\" srcset=\"https:\/\/www.granadablogs.com\/pateandoelmundo\/wp-content\/uploads\/2020\/08\/Sim\u00f3n-Segunda-Ola-300x150.jpg 300w, https:\/\/www.granadablogs.com\/pateandoelmundo\/wp-content\/uploads\/2020\/08\/Sim\u00f3n-Segunda-Ola.jpg 318w\" sizes=\"auto, (max-width: 300px) 100vw, 300px\" \/><\/a><\/p>\n<p>Durante las pr\u00f3ximas semanas asistiremos a una virulenta entrega de juegos florales que retorcer\u00e1n el lenguaje hasta el retru\u00e9cano para evitar decir lo que nadie quiere escuchar. Esperemos que, mientras las autoridades miran al PIB con un ojo, no cierren el otro a los protocolos y a la cuesti\u00f3n sanitaria. B\u00e1sicamente, porque nos va la vida en ello.<\/p>\n<p>Jes\u00fas Lens<\/p>\n<p><a href=\"https:\/\/twitter.com\/Jesus_Lens\" target=\"_blank\" rel=\"attachment noopener wp-att-29227\"><img loading=\"lazy\" decoding=\"async\" class=\"size-full wp-image-29227 alignleft\" src=\"https:\/\/www.granadablogs.com\/pateandoelmundo\/wp-content\/uploads\/2020\/06\/00000-Twitter.jpg\" alt=\"\" width=\"196\" height=\"47\" \/><\/a><\/p>\n","protected":false},"excerpt":{"rendered":"<p>Hablemos de esa segunda ola que, estando en boca de todo el mundo, ninguno queremos ver. El segundo embite de la Covid-19 provoca una mezcla de pereza, angustia, hast\u00edo y terror digna de estudio y reflexi\u00f3n. Por un lado, resulta impensable tener que subir de las playas o bajar de las monta\u00f1as para volver a [&hellip;]<\/p>\n","protected":false},"author":1,"featured_media":0,"comment_status":"open","ping_status":"open","sticky":false,"template":"","format":"standard","meta":{"jetpack_post_was_ever_published":false,"_jetpack_newsletter_access":"","_jetpack_dont_email_post_to_subs":false,"_jetpack_newsletter_tier_id":0,"_jetpack_memberships_contains_paywalled_content":false,"_jetpack_memberships_contains_paid_content":false,"footnotes":""},"categories":[6],"tags":[19326,19327,19325,19328,19329],"class_list":["post-29450","post","type-post","status-publish","format-standard","hentry","category-opinion","tag-margarita-del-val","tag-nekane-murga","tag-segunda-ola","tag-segunda-ola-calor","tag-segunda-ola-virus"],"jetpack_featured_media_url":"","jetpack_sharing_enabled":true,"_links":{"self":[{"href":"https:\/\/www.granadablogs.com\/pateandoelmundo\/wp-json\/wp\/v2\/posts\/29450","targetHints":{"allow":["GET"]}}],"collection":[{"href":"https:\/\/www.granadablogs.com\/pateandoelmundo\/wp-json\/wp\/v2\/posts"}],"about":[{"href":"https:\/\/www.granadablogs.com\/pateandoelmundo\/wp-json\/wp\/v2\/types\/post"}],"author":[{"embeddable":true,"href":"https:\/\/www.granadablogs.com\/pateandoelmundo\/wp-json\/wp\/v2\/users\/1"}],"replies":[{"embeddable":true,"href":"https:\/\/www.granadablogs.com\/pateandoelmundo\/wp-json\/wp\/v2\/comments?post=29450"}],"version-history":[{"count":1,"href":"https:\/\/www.granadablogs.com\/pateandoelmundo\/wp-json\/wp\/v2\/posts\/29450\/revisions"}],"predecessor-version":[{"id":29453,"href":"https:\/\/www.granadablogs.com\/pateandoelmundo\/wp-json\/wp\/v2\/posts\/29450\/revisions\/29453"}],"wp:attachment":[{"href":"https:\/\/www.granadablogs.com\/pateandoelmundo\/wp-json\/wp\/v2\/media?parent=29450"}],"wp:term":[{"taxonomy":"category","embeddable":true,"href":"https:\/\/www.granadablogs.com\/pateandoelmundo\/wp-json\/wp\/v2\/categories?post=29450"},{"taxonomy":"post_tag","embeddable":true,"href":"https:\/\/www.granadablogs.com\/pateandoelmundo\/wp-json\/wp\/v2\/tags?post=29450"}],"curies":[{"name":"wp","href":"https:\/\/api.w.org\/{rel}","templated":true}]}}