{"id":29179,"date":"2020-06-15T06:48:55","date_gmt":"2020-06-15T05:48:55","guid":{"rendered":"https:\/\/www.granadablogs.com\/pateandoelmundo\/?p=29179"},"modified":"2020-06-14T12:52:09","modified_gmt":"2020-06-14T11:52:09","slug":"rectificar-o-recular","status":"publish","type":"post","link":"https:\/\/www.granadablogs.com\/pateandoelmundo\/rectificar-o-recular\/","title":{"rendered":"Rectificar o recular"},"content":{"rendered":"<p>Me gust\u00f3 la elegancia de los responsables de la sala Planta Baja al comunicar que, despu\u00e9s de haber anunciado que abr\u00edan, se ve\u00edan obligados a desdecirse. Y no por culpa suya, precisamente.<\/p>\n<p><a href=\"https:\/\/www.granadablogs.com\/pateandoelmundo\/?attachment_id=29180\" rel=\"attachment wp-att-29180\"><img loading=\"lazy\" decoding=\"async\" class=\"aligncenter size-medium wp-image-29180\" src=\"https:\/\/www.granadablogs.com\/pateandoelmundo\/wp-content\/uploads\/2020\/06\/Planta-Baja-300x300.jpg\" alt=\"\" width=\"300\" height=\"300\" srcset=\"https:\/\/www.granadablogs.com\/pateandoelmundo\/wp-content\/uploads\/2020\/06\/Planta-Baja-300x300.jpg 300w, https:\/\/www.granadablogs.com\/pateandoelmundo\/wp-content\/uploads\/2020\/06\/Planta-Baja-150x150.jpg 150w, https:\/\/www.granadablogs.com\/pateandoelmundo\/wp-content\/uploads\/2020\/06\/Planta-Baja.jpg 512w\" sizes=\"auto, (max-width: 300px) 100vw, 300px\" \/><\/a><\/p>\n<p>As\u00ed reza el comunicado que colgaron en las redes sociales el 9 de junio: \u201cSentimos decir que la apertura de la sala anunciada hoy mismo debido a que la fase 3 nos permit\u00eda volver a la actividad con algunas restricciones, tiene que ser cancelada. Esta tarde hemos tenido el conocimiento del comunicado de la Junta de Andaluc\u00eda donde se dice que nuestro sector tendr\u00e1 que esperar a retomar la actividad. Daros las gracias por todos los apoyos y sobre todo a los artistas que se hab\u00edan ofrecido a actuar en nuestra sala en las pr\u00f3ximas semanas. \u00a1Muy pronto nos veremos!\u201d.<\/p>\n<p>\u00bfCulpa? \u00bfHe escrito culpa? Error por mi parte. No es un t\u00e9rmino adecuado. A lo largo del proceso de desescalada, como ocurri\u00f3 durante la gesti\u00f3n de lo m\u00e1s duro del estado de alarma, se toman decisiones y se hacen anuncios que, despu\u00e9s, hay que rectificar, matizar o ajustar.<\/p>\n<p>Me gusta que en este caso le haya tocado a la Junta de Andaluc\u00eda hacer de poli malo, publicando en el BOJA disposiciones inc\u00f3modas, pero necesarias. O, si no necesarias, comprensibles. Porque en esto de las gesti\u00f3n de pandemias y confinamientos, todav\u00eda no hay m\u00e1sters, homologados o sin homologar.<\/p>\n<p><a href=\"https:\/\/www.granadablogs.com\/pateandoelmundo\/?attachment_id=29181\" rel=\"attachment wp-att-29181\"><img loading=\"lazy\" decoding=\"async\" class=\"aligncenter size-medium wp-image-29181\" src=\"https:\/\/www.granadablogs.com\/pateandoelmundo\/wp-content\/uploads\/2020\/06\/Recular-300x185.jpg\" alt=\"\" width=\"300\" height=\"185\" srcset=\"https:\/\/www.granadablogs.com\/pateandoelmundo\/wp-content\/uploads\/2020\/06\/Recular-300x185.jpg 300w, https:\/\/www.granadablogs.com\/pateandoelmundo\/wp-content\/uploads\/2020\/06\/Recular.jpg 624w\" sizes=\"auto, (max-width: 300px) 100vw, 300px\" \/><\/a><\/p>\n<p>\u00bfDeben abrir las salas de conciertos y\/o discotecas o es mejor que permanezcan cerradas unos d\u00edas m\u00e1s? No tengo ni idea. Hay razones para una cosa y para la contraria as\u00ed que, si los expertos de la Junta de Andaluc\u00eda han tomado esta decisi\u00f3n, punto en boca.<\/p>\n<p>A la Junta le toca gestionar la fase 3 y la nueva normalidad. Y meter\u00e1 la pata. Como la meti\u00f3 el gobierno central. Llegados a ese punto, tenemos dos opciones: lanzarnos al cuello y despotricar cada vez que San Telmo dicte una medida que no nos guste, no comprendamos o con la que no simpaticemos; o ser comprensivos y entender que no es f\u00e1cil gestionar este marronazo.<\/p>\n<p>A la hora de comentar los cambios de criterio, podemos usar dos verbos: rectificar o recular, dependiendo de nuestro grado de comprensi\u00f3n sobre lo complicado del momento. Dar marcha atr\u00e1s o envain\u00e1rsela ser\u00edan opciones igualmente v\u00e1lidas a la hora de posicionarse. La primera f\u00f3rmula denota una razonable empat\u00eda. La segunda, hiel y mala leche. Que no malafoll\u00e1.<\/p>\n<p>Jes\u00fas Lens<\/p>\n<p><a href=\"https:\/\/twitter.com\/Jesus_Lens\" target=\"_blank\" rel=\"attachment noopener wp-att-27689\"><img loading=\"lazy\" decoding=\"async\" class=\"size-full wp-image-27689 alignleft\" src=\"https:\/\/www.granadablogs.com\/pateandoelmundo\/wp-content\/uploads\/2019\/09\/0Twitter.jpg\" alt=\"\" width=\"196\" height=\"47\" \/><\/a><\/p>\n","protected":false},"excerpt":{"rendered":"<p>Me gust\u00f3 la elegancia de los responsables de la sala Planta Baja al comunicar que, despu\u00e9s de haber anunciado que abr\u00edan, se ve\u00edan obligados a desdecirse. Y no por culpa suya, precisamente. As\u00ed reza el comunicado que colgaron en las redes sociales el 9 de junio: \u201cSentimos decir que la apertura de la sala anunciada [&hellip;]<\/p>\n","protected":false},"author":1,"featured_media":0,"comment_status":"open","ping_status":"open","sticky":false,"template":"","format":"standard","meta":{"jetpack_post_was_ever_published":false,"_jetpack_newsletter_access":"","_jetpack_dont_email_post_to_subs":false,"_jetpack_newsletter_tier_id":0,"_jetpack_memberships_contains_paywalled_content":false,"_jetpack_memberships_contains_paid_content":false,"footnotes":""},"categories":[6],"tags":[19155,19126,19157,19158,19030,17862,4038,19156],"class_list":["post-29179","post","type-post","status-publish","format-standard","hentry","category-opinion","tag-abrir-discotecas","tag-desescalada","tag-envainarsela","tag-fase-tres","tag-nueva-normalidad","tag-planta-baja","tag-rectificar","tag-recular"],"jetpack_featured_media_url":"","jetpack_sharing_enabled":true,"_links":{"self":[{"href":"https:\/\/www.granadablogs.com\/pateandoelmundo\/wp-json\/wp\/v2\/posts\/29179","targetHints":{"allow":["GET"]}}],"collection":[{"href":"https:\/\/www.granadablogs.com\/pateandoelmundo\/wp-json\/wp\/v2\/posts"}],"about":[{"href":"https:\/\/www.granadablogs.com\/pateandoelmundo\/wp-json\/wp\/v2\/types\/post"}],"author":[{"embeddable":true,"href":"https:\/\/www.granadablogs.com\/pateandoelmundo\/wp-json\/wp\/v2\/users\/1"}],"replies":[{"embeddable":true,"href":"https:\/\/www.granadablogs.com\/pateandoelmundo\/wp-json\/wp\/v2\/comments?post=29179"}],"version-history":[{"count":1,"href":"https:\/\/www.granadablogs.com\/pateandoelmundo\/wp-json\/wp\/v2\/posts\/29179\/revisions"}],"predecessor-version":[{"id":29182,"href":"https:\/\/www.granadablogs.com\/pateandoelmundo\/wp-json\/wp\/v2\/posts\/29179\/revisions\/29182"}],"wp:attachment":[{"href":"https:\/\/www.granadablogs.com\/pateandoelmundo\/wp-json\/wp\/v2\/media?parent=29179"}],"wp:term":[{"taxonomy":"category","embeddable":true,"href":"https:\/\/www.granadablogs.com\/pateandoelmundo\/wp-json\/wp\/v2\/categories?post=29179"},{"taxonomy":"post_tag","embeddable":true,"href":"https:\/\/www.granadablogs.com\/pateandoelmundo\/wp-json\/wp\/v2\/tags?post=29179"}],"curies":[{"name":"wp","href":"https:\/\/api.w.org\/{rel}","templated":true}]}}