{"id":29177,"date":"2020-06-11T08:58:48","date_gmt":"2020-06-11T07:58:48","guid":{"rendered":"https:\/\/www.granadablogs.com\/pateandoelmundo\/?p=29177"},"modified":"2020-06-11T08:58:48","modified_gmt":"2020-06-11T07:58:48","slug":"hay-que-abrir-ya","status":"publish","type":"post","link":"https:\/\/www.granadablogs.com\/pateandoelmundo\/hay-que-abrir-ya\/","title":{"rendered":"Hay que abrir ya"},"content":{"rendered":"<p>El pasado s\u00e1bado di un largo paseo por el centro de Granada. A mediod\u00eda no hac\u00eda demasiado calor y se pod\u00eda disfrutar de una cerveza fresquita en la terraza de cualquier bar. Hab\u00eda mesa en la mayor\u00eda de ellas. No es que estuvieran vac\u00edas, pero tampoco estaban petadas o a reventar.<\/p>\n<figure id=\"attachment_29140\" aria-describedby=\"caption-attachment-29140\" style=\"width: 300px\" class=\"wp-caption aligncenter\"><a href=\"https:\/\/www.granadablogs.com\/pateandoelmundo\/a-la-fase-3\/fase-3-hacia-arriba\/\" rel=\"attachment wp-att-29140\"><img loading=\"lazy\" decoding=\"async\" class=\"size-medium wp-image-29140\" src=\"https:\/\/www.granadablogs.com\/pateandoelmundo\/wp-content\/uploads\/2020\/06\/Fase-3-hacia-arriba-300x187.jpg\" alt=\"\" width=\"300\" height=\"187\" srcset=\"https:\/\/www.granadablogs.com\/pateandoelmundo\/wp-content\/uploads\/2020\/06\/Fase-3-hacia-arriba-300x187.jpg 300w, https:\/\/www.granadablogs.com\/pateandoelmundo\/wp-content\/uploads\/2020\/06\/Fase-3-hacia-arriba.jpg 617w\" sizes=\"auto, (max-width: 300px) 100vw, 300px\" \/><\/a><figcaption id=\"caption-attachment-29140\" class=\"wp-caption-text\">\u00a1Arriba esa Fase 3!<\/figcaption><\/figure>\n<p>En la plaza de la Pescader\u00eda o de la Mariana, m\u00e1s castizas, s\u00ed hab\u00eda llenazo. En Bibrrambla, por desgracia y con honrosas excepciones, estaba casi todo cerrado. Es lo que tiene depender del turismo. Y, sin embargo, \u00bfno ser\u00eda una gran oportunidad para \u2018granadinizar\u2019 a la clientela?<\/p>\n<p>Desde que empez\u00f3 la desescalada, el presidente de la Junta no ha parado de reclamar un acelerado pase de fases para favorecer la econom\u00eda, poniendo especial \u00e9nfasis en el turismo. Al entrar en la fase 3, cuando ya se puede viajar entre provincias, nada se sab\u00eda sobre la apertura la Alhambra, cuyo efecto reclamo animar\u00eda el negocio de hoteles y restaurantes.<\/p>\n<p>El pasado martes, a trav\u00e9s de Twitter, se anunci\u00f3 que el monumento nazar\u00ed abre sus puertas el 17 de junio. \u00a1Albricias! Pero, claro, en un tuit no cabe explicaci\u00f3n alguna sobre c\u00f3mo se har\u00e1. Ni una palabra sobre las medidas de seguridad. Que ya habido tiempo para establecer protocolos de cara a la reapertura: aforo permitido, visitas guiadas, distancia de seguridad, estancias abiertas y cerradas, recorridos circulares\u2026 Lo que ha hecho el Museo del Prado, b\u00e1sicamente.<\/p>\n<p>Esperemos que la consejera del ramo, Patricia del Pozo, no tarde mucho en explicar algo sobre el particular. Aunque sea desde la Torre del Oro, a orillas del Guadalquivir.<\/p>\n<p><a href=\"https:\/\/www.granadablogs.com\/pateandoelmundo\/sevilla-nos-cansa\/sevilla-nos-roba-alhambra-2\/\" rel=\"attachment wp-att-28749\"><img loading=\"lazy\" decoding=\"async\" class=\"aligncenter size-full wp-image-28749\" src=\"https:\/\/www.granadablogs.com\/pateandoelmundo\/wp-content\/uploads\/2020\/02\/Sevilla-nos-roba-alhambra.jpg\" alt=\"\" width=\"253\" height=\"180\" \/><\/a><\/p>\n<p>Hay que abrir, ya, lo que sigue cerrado. No se puede retranquear. Con cautela, mesura y medidas de seguridad, pero hay que regresar a la actividad. Cada negocio es un mundo, pero la famosa nueva normalidad exige un compromiso por parte de todos. Hay empresas y negocios en los que se puede seguir teletrabajando, total o parcialmente. Otras actividades productivas, sin embargo, exigen el contacto con el p\u00fablico. Aunque, parad\u00f3jicamente, manteniendo las distancias. Es como lo de aquel programa de televisi\u00f3n, pero adaptado al 2020: contacto sin contacto. Contactless. Tacto sin contacto.<\/p>\n<p>El miedo, tan humano, nos hace sentirnos vulnerables. Las incomodidades impuestas por el coronavirus hacen que todo sea m\u00e1s lento, pesado y engorroso. M\u00e1s caro y oneroso. En la caba\u00f1a se est\u00e1 mejor. Pero hay que sacudirse temores y recelos. Salir. Exigir medidas de seguridad y ser cumplidores con las normas. Adaptarse para seguir adelante.<\/p>\n<p>Jes\u00fas Lens<\/p>\n<p><a href=\"https:\/\/twitter.com\/Jesus_Lens\" target=\"_blank\" rel=\"attachment noopener wp-att-27689\"><img loading=\"lazy\" decoding=\"async\" class=\"size-full wp-image-27689 alignleft\" src=\"https:\/\/www.granadablogs.com\/pateandoelmundo\/wp-content\/uploads\/2019\/09\/0Twitter.jpg\" alt=\"\" width=\"196\" height=\"47\" \/><\/a><\/p>\n","protected":false},"excerpt":{"rendered":"<p>El pasado s\u00e1bado di un largo paseo por el centro de Granada. A mediod\u00eda no hac\u00eda demasiado calor y se pod\u00eda disfrutar de una cerveza fresquita en la terraza de cualquier bar. Hab\u00eda mesa en la mayor\u00eda de ellas. No es que estuvieran vac\u00edas, pero tampoco estaban petadas o a reventar. En la plaza de [&hellip;]<\/p>\n","protected":false},"author":1,"featured_media":0,"comment_status":"open","ping_status":"open","sticky":false,"template":"","format":"standard","meta":{"jetpack_post_was_ever_published":false,"_jetpack_newsletter_access":"","_jetpack_dont_email_post_to_subs":false,"_jetpack_newsletter_tier_id":0,"_jetpack_memberships_contains_paywalled_content":false,"_jetpack_memberships_contains_paid_content":false,"footnotes":""},"categories":[6],"tags":[19153,19154,19152,2201,19052],"class_list":["post-29177","post","type-post","status-publish","format-standard","hentry","category-opinion","tag-abre-la-alhambra","tag-cuando-abre-la-alhambra","tag-hay-que-abrir-ya","tag-salir","tag-sindrome-de-la-cabana"],"jetpack_featured_media_url":"","jetpack_sharing_enabled":true,"_links":{"self":[{"href":"https:\/\/www.granadablogs.com\/pateandoelmundo\/wp-json\/wp\/v2\/posts\/29177","targetHints":{"allow":["GET"]}}],"collection":[{"href":"https:\/\/www.granadablogs.com\/pateandoelmundo\/wp-json\/wp\/v2\/posts"}],"about":[{"href":"https:\/\/www.granadablogs.com\/pateandoelmundo\/wp-json\/wp\/v2\/types\/post"}],"author":[{"embeddable":true,"href":"https:\/\/www.granadablogs.com\/pateandoelmundo\/wp-json\/wp\/v2\/users\/1"}],"replies":[{"embeddable":true,"href":"https:\/\/www.granadablogs.com\/pateandoelmundo\/wp-json\/wp\/v2\/comments?post=29177"}],"version-history":[{"count":1,"href":"https:\/\/www.granadablogs.com\/pateandoelmundo\/wp-json\/wp\/v2\/posts\/29177\/revisions"}],"predecessor-version":[{"id":29178,"href":"https:\/\/www.granadablogs.com\/pateandoelmundo\/wp-json\/wp\/v2\/posts\/29177\/revisions\/29178"}],"wp:attachment":[{"href":"https:\/\/www.granadablogs.com\/pateandoelmundo\/wp-json\/wp\/v2\/media?parent=29177"}],"wp:term":[{"taxonomy":"category","embeddable":true,"href":"https:\/\/www.granadablogs.com\/pateandoelmundo\/wp-json\/wp\/v2\/categories?post=29177"},{"taxonomy":"post_tag","embeddable":true,"href":"https:\/\/www.granadablogs.com\/pateandoelmundo\/wp-json\/wp\/v2\/tags?post=29177"}],"curies":[{"name":"wp","href":"https:\/\/api.w.org\/{rel}","templated":true}]}}