{"id":29118,"date":"2020-06-01T12:49:06","date_gmt":"2020-06-01T11:49:06","guid":{"rendered":"https:\/\/www.granadablogs.com\/pateandoelmundo\/?p=29118"},"modified":"2020-06-01T12:49:06","modified_gmt":"2020-06-01T11:49:06","slug":"paraiso-interior","status":"publish","type":"post","link":"https:\/\/www.granadablogs.com\/pateandoelmundo\/paraiso-interior\/","title":{"rendered":"Para\u00edso interior"},"content":{"rendered":"<p>Me permito tomarle prestado el eslogan a nuestra provincia hermana, Ja\u00e9n, para hablar de esa belleza que se encuentra en el interior, pero que tanto trabajo nos cuesta descubrir. Y disfrutar.<\/p>\n<figure id=\"attachment_29119\" aria-describedby=\"caption-attachment-29119\" style=\"width: 300px\" class=\"wp-caption aligncenter\"><a href=\"https:\/\/www.granadablogs.com\/pateandoelmundo\/paraiso-interior\/jesus-lens-viajes\/\" rel=\"attachment wp-att-29119\"><img loading=\"lazy\" decoding=\"async\" class=\"size-medium wp-image-29119\" src=\"https:\/\/www.granadablogs.com\/pateandoelmundo\/wp-content\/uploads\/2020\/06\/Jes\u00fas-Lens-Viajes-300x225.jpg\" alt=\"\" width=\"300\" height=\"225\" srcset=\"https:\/\/www.granadablogs.com\/pateandoelmundo\/wp-content\/uploads\/2020\/06\/Jes\u00fas-Lens-Viajes-300x225.jpg 300w, https:\/\/www.granadablogs.com\/pateandoelmundo\/wp-content\/uploads\/2020\/06\/Jes\u00fas-Lens-Viajes-768x576.jpg 768w, https:\/\/www.granadablogs.com\/pateandoelmundo\/wp-content\/uploads\/2020\/06\/Jes\u00fas-Lens-Viajes-644x483.jpg 644w\" sizes=\"auto, (max-width: 300px) 100vw, 300px\" \/><\/a><figcaption id=\"caption-attachment-29119\" class=\"wp-caption-text\">El mundo estaba en nuestra casa<\/figcaption><\/figure>\n<p>Tranquis. Esto no va de que saldremos reforzados de la pandemia y toda esa vaina. Es mucho m\u00e1s sencillo. Y banal: confinados en nuestras casas y sin poder salir, no nos ha quedado m\u00e1s remedio que convivir con nuestro interior cotidiano durante varias semanas seguidas. \u00bfY qu\u00e9 nos hemos encontrado?<\/p>\n<p>Para empezar, una enorme desigualdad. El derecho constitucional a disfrutar de una vivienda digna y adecuada se manifiesta de extrema necesidad cuando salir a la calle est\u00e1 vetado por una cuesti\u00f3n de salud p\u00fablica. De cara a la reconstrucci\u00f3n post-pandemia, la cuesti\u00f3n del acceso a la vivienda deber\u00eda ocupar uno de los puestos m\u00e1s altos de la lista.<\/p>\n<p>Se dice que a partir de una determinada edad, uno tiene la cara que se merece. \u00bfCabe hacer esa analog\u00eda con el domicilio en que vivimos? \u00bfLo tratamos con el mimo y el esmero que se merece? \u00bfEn serio que menos es m\u00e1s?<\/p>\n<p>A lo largo de esas semanas he disfrutado de un mont\u00f3n de tebeos que ten\u00eda pendientes de leer, comprados de forma compulsiva a lo largo de los a\u00f1os. Lo hablaba el otro d\u00eda con Paco, el due\u00f1o de la librer\u00eda Subterr\u00e1nea: hay c\u00f3mics que piden tiempo para ser le\u00eddos de una tacada, durante varias horas seguidas. En pleno confinamiento les ha llegado su hora.<\/p>\n<p><a href=\"https:\/\/www.granadablogs.com\/pateandoelmundo\/paraiso-interior\/jesus-lens-tebeos\/\" rel=\"attachment wp-att-29120\"><img loading=\"lazy\" decoding=\"async\" class=\"aligncenter size-medium wp-image-29120\" src=\"https:\/\/www.granadablogs.com\/pateandoelmundo\/wp-content\/uploads\/2020\/06\/Jes\u00fas-Lens-Tebeos-300x190.jpg\" alt=\"\" width=\"300\" height=\"190\" srcset=\"https:\/\/www.granadablogs.com\/pateandoelmundo\/wp-content\/uploads\/2020\/06\/Jes\u00fas-Lens-Tebeos-300x190.jpg 300w, https:\/\/www.granadablogs.com\/pateandoelmundo\/wp-content\/uploads\/2020\/06\/Jes\u00fas-Lens-Tebeos-768x487.jpg 768w, https:\/\/www.granadablogs.com\/pateandoelmundo\/wp-content\/uploads\/2020\/06\/Jes\u00fas-Lens-Tebeos-644x408.jpg 644w\" sizes=\"auto, (max-width: 300px) 100vw, 300px\" \/><\/a><\/p>\n<p>Rescato viejas pel\u00edculas que ten\u00eda amontonadas en vetustos DVD. Porque las plataformas est\u00e1n muy bien, pero no lo tienen todo. Ni much\u00edsimo menos. Y, en ocasiones, me resisto a ver lo que manda el algoritmo de turno. \u00a1Qu\u00e9 placer, recuperar aquellos cl\u00e1sicos, todav\u00eda precintados, que me esperaban arrumbados al fondo de una estanter\u00eda!<\/p>\n<p>\u00bfY las paredes? A que no se me cayera la casa encima han colaborado esos cuadros, grabados, fotograf\u00edas, p\u00f3sters y carteles que, a lo largo de los a\u00f1os, he ido atesorando con la veleidosa pasi\u00f3n del aficionado diletante. Por no hablar de esas figuritas que me acompa\u00f1an en la mesa de trabajo, de Blacksad a Vito Corleone, pasando por el capit\u00e1n Haddock, Laura Palmer; Dal\u00ed o la Mujer del Le\u00f1o. Echo de menos tener plantas, eso s\u00ed. Soy descuidado y me dar\u00eda pena que muriesen. Creo que ahora las cuidar\u00eda con mucho cari\u00f1o.<\/p>\n<p><a href=\"https:\/\/www.granadablogs.com\/pateandoelmundo\/paraiso-interior\/jesus-lens-friki\/\" rel=\"attachment wp-att-29121\"><img loading=\"lazy\" decoding=\"async\" class=\"aligncenter size-medium wp-image-29121\" src=\"https:\/\/www.granadablogs.com\/pateandoelmundo\/wp-content\/uploads\/2020\/06\/Jes\u00fas-Lens-Friki-225x300.jpg\" alt=\"\" width=\"225\" height=\"300\" srcset=\"https:\/\/www.granadablogs.com\/pateandoelmundo\/wp-content\/uploads\/2020\/06\/Jes\u00fas-Lens-Friki-225x300.jpg 225w, https:\/\/www.granadablogs.com\/pateandoelmundo\/wp-content\/uploads\/2020\/06\/Jes\u00fas-Lens-Friki-768x1024.jpg 768w, https:\/\/www.granadablogs.com\/pateandoelmundo\/wp-content\/uploads\/2020\/06\/Jes\u00fas-Lens-Friki-644x859.jpg 644w\" sizes=\"auto, (max-width: 225px) 100vw, 225px\" \/><\/a><\/p>\n<p>Si, como pronostican los expertos, seguiremos pasando mucho tiempo en nuestro hogar, toca repensar d\u00f3nde se esconde su belleza, en busca del para\u00edso interior.<\/p>\n<p>Jes\u00fas Lens<\/p>\n<p><a href=\"https:\/\/twitter.com\/Jesus_Lens\" target=\"_blank\" rel=\"attachment noopener wp-att-27689\"><img loading=\"lazy\" decoding=\"async\" class=\"size-full wp-image-27689 alignleft\" src=\"https:\/\/www.granadablogs.com\/pateandoelmundo\/wp-content\/uploads\/2019\/09\/0Twitter.jpg\" alt=\"\" width=\"196\" height=\"47\" \/><\/a><\/p>\n","protected":false},"excerpt":{"rendered":"<p>Me permito tomarle prestado el eslogan a nuestra provincia hermana, Ja\u00e9n, para hablar de esa belleza que se encuentra en el interior, pero que tanto trabajo nos cuesta descubrir. Y disfrutar. Tranquis. Esto no va de que saldremos reforzados de la pandemia y toda esa vaina. Es mucho m\u00e1s sencillo. Y banal: confinados en nuestras [&hellip;]<\/p>\n","protected":false},"author":1,"featured_media":0,"comment_status":"open","ping_status":"open","sticky":false,"template":"","format":"standard","meta":{"jetpack_post_was_ever_published":false,"_jetpack_newsletter_access":"","_jetpack_dont_email_post_to_subs":false,"_jetpack_newsletter_tier_id":0,"_jetpack_memberships_contains_paywalled_content":false,"_jetpack_memberships_contains_paid_content":false,"footnotes":""},"categories":[6,19],"tags":[19108,19110,19111,19109,19107],"class_list":["post-29118","post","type-post","status-publish","format-standard","hentry","category-opinion","category-tebeos","tag-belleza-interior","tag-cosas-de-casa","tag-de-puertas-adentro","tag-la-belleza-esta-en-el-interior","tag-paraiso-interior"],"jetpack_featured_media_url":"","jetpack_sharing_enabled":true,"_links":{"self":[{"href":"https:\/\/www.granadablogs.com\/pateandoelmundo\/wp-json\/wp\/v2\/posts\/29118","targetHints":{"allow":["GET"]}}],"collection":[{"href":"https:\/\/www.granadablogs.com\/pateandoelmundo\/wp-json\/wp\/v2\/posts"}],"about":[{"href":"https:\/\/www.granadablogs.com\/pateandoelmundo\/wp-json\/wp\/v2\/types\/post"}],"author":[{"embeddable":true,"href":"https:\/\/www.granadablogs.com\/pateandoelmundo\/wp-json\/wp\/v2\/users\/1"}],"replies":[{"embeddable":true,"href":"https:\/\/www.granadablogs.com\/pateandoelmundo\/wp-json\/wp\/v2\/comments?post=29118"}],"version-history":[{"count":2,"href":"https:\/\/www.granadablogs.com\/pateandoelmundo\/wp-json\/wp\/v2\/posts\/29118\/revisions"}],"predecessor-version":[{"id":29123,"href":"https:\/\/www.granadablogs.com\/pateandoelmundo\/wp-json\/wp\/v2\/posts\/29118\/revisions\/29123"}],"wp:attachment":[{"href":"https:\/\/www.granadablogs.com\/pateandoelmundo\/wp-json\/wp\/v2\/media?parent=29118"}],"wp:term":[{"taxonomy":"category","embeddable":true,"href":"https:\/\/www.granadablogs.com\/pateandoelmundo\/wp-json\/wp\/v2\/categories?post=29118"},{"taxonomy":"post_tag","embeddable":true,"href":"https:\/\/www.granadablogs.com\/pateandoelmundo\/wp-json\/wp\/v2\/tags?post=29118"}],"curies":[{"name":"wp","href":"https:\/\/api.w.org\/{rel}","templated":true}]}}