{"id":29007,"date":"2020-04-30T06:24:45","date_gmt":"2020-04-30T05:24:45","guid":{"rendered":"https:\/\/www.granadablogs.com\/pateandoelmundo\/?p=29007"},"modified":"2020-04-29T18:30:02","modified_gmt":"2020-04-29T17:30:02","slug":"operacion-salvar-a-kennedy","status":"publish","type":"post","link":"https:\/\/www.granadablogs.com\/pateandoelmundo\/operacion-salvar-a-kennedy\/","title":{"rendered":"Operaci\u00f3n: salvar a Kennedy"},"content":{"rendered":"<p>El magnicidio de Dallas del 22 de noviembre de 1963 ha pasado a la historia universal de la infamia como una de sus fechas m\u00e1s se\u00f1aladas. El asesinato de Kennedy marc\u00f3 a toda una generaci\u00f3n y cambi\u00f3 el rumbo de la historia de los Estados Unidos y, por extensi\u00f3n, la del resto del mundo.<\/p>\n<p><a href=\"https:\/\/www.granadablogs.com\/pateandoelmundo\/?attachment_id=29008\" rel=\"attachment wp-att-29008\"><img loading=\"lazy\" decoding=\"async\" class=\"aligncenter size-full wp-image-29008\" src=\"https:\/\/www.granadablogs.com\/pateandoelmundo\/wp-content\/uploads\/2020\/04\/Dylan-Kennedy.jpg\" alt=\"\" width=\"225\" height=\"225\" srcset=\"https:\/\/www.granadablogs.com\/pateandoelmundo\/wp-content\/uploads\/2020\/04\/Dylan-Kennedy.jpg 225w, https:\/\/www.granadablogs.com\/pateandoelmundo\/wp-content\/uploads\/2020\/04\/Dylan-Kennedy-150x150.jpg 150w\" sizes=\"auto, (max-width: 225px) 100vw, 225px\" \/><\/a><\/p>\n<p>Al comienzo del confinamiento por el Covid-19, el m\u00edtico Bob Dylan sorprend\u00eda a propios y a extra\u00f1os lanzando a trav\u00e9s de las redes una nueva canci\u00f3n original. Y no era una canci\u00f3n cualquiera: con m\u00e1s de 17 minutos, es la m\u00e1s larga de su descomunal discograf\u00eda.<\/p>\n<p>Recitando m\u00e1s que cantando, casi al modo de un juglar, Bob Dylan se apunta a la teor\u00eda de la conspiraci\u00f3n y denuncia al comienzo de \u2018Murder Most Foul\u2019, que Kennedy fue llevado al matadero como un chivo expiatorio: \u201cle abatieron como a un perro a plena luz del d\u00eda, era cuesti\u00f3n de tiempo y el momento era ideal. Tiene usted deudas sin pagar, hemos venido a cobrar. Te mataremos con odio; sin ning\u00fan respeto. Nos burlaremos de ti, te sorprenderemos, y lo haremos a la cara. Ya tenemos a alguien para sustituirte\u201d. Y una de las frases m\u00e1s demoledoras de la canci\u00f3n: \u201cmiles de personas estaban mirando, pero nadie vio nada\u201d. \u00a1El truco de magia m\u00e1s perfecto de la historia del crimen!<\/p>\n<p>El lanzamiento de la canci\u00f3n de Dylan me sorprendi\u00f3 leyendo \u201922\/11\/63\u2019, la novela en que Stephen King fabula con la posibilidad de retroceder en el tiempo\u2026 y evitar el asesinato de Kennedy.<\/p>\n<p><a href=\"https:\/\/www.granadablogs.com\/pateandoelmundo\/crimenes-y-tiempo-suspendido\/22-3\/\" rel=\"attachment wp-att-28997\"><img loading=\"lazy\" decoding=\"async\" class=\"aligncenter size-full wp-image-28997\" src=\"https:\/\/www.granadablogs.com\/pateandoelmundo\/wp-content\/uploads\/2020\/04\/22.jpg\" alt=\"\" width=\"181\" height=\"278\" \/><\/a><\/p>\n<p>Se trata de un novel\u00f3n de m\u00e1s de 800 p\u00e1ginas narrado en primera persona en la que el protagonista se traslada del mundo actual a un d\u00eda muy concreto del pasado: el 9 de septiembre de 1958. A partir de ah\u00ed, tiene que vivir como un ciudadano m\u00e1s de aquella \u00e9poca mientras espera a que llegue el infausto 22 de noviembre de 1963. Y cinco a\u00f1os de vida dan para mucho. Por ejemplo, para convertirse en vecino ejemplar de un peque\u00f1o pueblo de cerca de Dallas. Y para enamorarse.<\/p>\n<p>Lo m\u00e1s interesante de la novela de King es el comportamiento del pasado. Un pasado ominoso que se resiste a ser cambiado y que lucha con u\u00f1as y dientes contra el viajero en el tiempo que trata de interferir en la historia ya escrita. Un pasado que le pone mil y una trabas y dificultades, complic\u00e1ndole enormemente la vida y comprometiendo su compleja y bienintencionada misi\u00f3n.<\/p>\n<p>Jes\u00fas Lens<\/p>\n<p><a href=\"https:\/\/twitter.com\/Jesus_Lens\" target=\"_blank\" rel=\"attachment noopener wp-att-27689\"><img loading=\"lazy\" decoding=\"async\" class=\"size-full wp-image-27689 alignleft\" src=\"https:\/\/www.granadablogs.com\/pateandoelmundo\/wp-content\/uploads\/2019\/09\/0Twitter.jpg\" alt=\"\" width=\"196\" height=\"47\" \/><\/a><\/p>\n","protected":false},"excerpt":{"rendered":"<p>El magnicidio de Dallas del 22 de noviembre de 1963 ha pasado a la historia universal de la infamia como una de sus fechas m\u00e1s se\u00f1aladas. El asesinato de Kennedy marc\u00f3 a toda una generaci\u00f3n y cambi\u00f3 el rumbo de la historia de los Estados Unidos y, por extensi\u00f3n, la del resto del mundo. Al [&hellip;]<\/p>\n","protected":false},"author":1,"featured_media":0,"comment_status":"open","ping_status":"open","sticky":false,"template":"","format":"standard","meta":{"jetpack_post_was_ever_published":false,"_jetpack_newsletter_access":"","_jetpack_dont_email_post_to_subs":false,"_jetpack_newsletter_tier_id":0,"_jetpack_memberships_contains_paywalled_content":false,"_jetpack_memberships_contains_paid_content":false,"footnotes":""},"categories":[11144,16444,11774],"tags":[19024,19031],"class_list":["post-29007","post","type-post","status-publish","format-standard","hentry","category-granada-noir","category-gravite","category-rincon-oscuro","tag-22-11-63","tag-dylan-kennedy"],"jetpack_featured_media_url":"","jetpack_sharing_enabled":true,"_links":{"self":[{"href":"https:\/\/www.granadablogs.com\/pateandoelmundo\/wp-json\/wp\/v2\/posts\/29007","targetHints":{"allow":["GET"]}}],"collection":[{"href":"https:\/\/www.granadablogs.com\/pateandoelmundo\/wp-json\/wp\/v2\/posts"}],"about":[{"href":"https:\/\/www.granadablogs.com\/pateandoelmundo\/wp-json\/wp\/v2\/types\/post"}],"author":[{"embeddable":true,"href":"https:\/\/www.granadablogs.com\/pateandoelmundo\/wp-json\/wp\/v2\/users\/1"}],"replies":[{"embeddable":true,"href":"https:\/\/www.granadablogs.com\/pateandoelmundo\/wp-json\/wp\/v2\/comments?post=29007"}],"version-history":[{"count":1,"href":"https:\/\/www.granadablogs.com\/pateandoelmundo\/wp-json\/wp\/v2\/posts\/29007\/revisions"}],"predecessor-version":[{"id":29009,"href":"https:\/\/www.granadablogs.com\/pateandoelmundo\/wp-json\/wp\/v2\/posts\/29007\/revisions\/29009"}],"wp:attachment":[{"href":"https:\/\/www.granadablogs.com\/pateandoelmundo\/wp-json\/wp\/v2\/media?parent=29007"}],"wp:term":[{"taxonomy":"category","embeddable":true,"href":"https:\/\/www.granadablogs.com\/pateandoelmundo\/wp-json\/wp\/v2\/categories?post=29007"},{"taxonomy":"post_tag","embeddable":true,"href":"https:\/\/www.granadablogs.com\/pateandoelmundo\/wp-json\/wp\/v2\/tags?post=29007"}],"curies":[{"name":"wp","href":"https:\/\/api.w.org\/{rel}","templated":true}]}}