{"id":28808,"date":"2020-03-05T18:19:48","date_gmt":"2020-03-05T17:19:48","guid":{"rendered":"https:\/\/www.granadablogs.com\/pateandoelmundo\/?p=28808"},"modified":"2020-03-05T18:19:48","modified_gmt":"2020-03-05T17:19:48","slug":"el-chico-de-las-bobinas","status":"publish","type":"post","link":"https:\/\/www.granadablogs.com\/pateandoelmundo\/el-chico-de-las-bobinas\/","title":{"rendered":"El chico de las bobinas"},"content":{"rendered":"<p>La nueva novela de Pere Cervantes, \u2018El chico de las bobinas\u2019, publicada por la editorial Destino esta misma semana, es un encendido canto de amor al cine. Al cine como experiencia compartida. Al cine como lugar de \u2018aprojimamiento\u2019, que dir\u00eda nuestro querido Val del Omar.<\/p>\n<p><a href=\"https:\/\/www.granadablogs.com\/pateandoelmundo\/el-chico-de-las-bobinas\/el-chico-de-las-bobinas-jesus-lens\/\" rel=\"attachment wp-att-28809\"><img loading=\"lazy\" decoding=\"async\" class=\"aligncenter size-medium wp-image-28809\" src=\"https:\/\/www.granadablogs.com\/pateandoelmundo\/wp-content\/uploads\/2020\/03\/El-chico-de-las-bobinas-Jes\u00fas-Lens-134x300.jpg\" alt=\"\" width=\"134\" height=\"300\" srcset=\"https:\/\/www.granadablogs.com\/pateandoelmundo\/wp-content\/uploads\/2020\/03\/El-chico-de-las-bobinas-Jes\u00fas-Lens-134x300.jpg 134w, https:\/\/www.granadablogs.com\/pateandoelmundo\/wp-content\/uploads\/2020\/03\/El-chico-de-las-bobinas-Jes\u00fas-Lens.jpg 442w\" sizes=\"auto, (max-width: 134px) 100vw, 134px\" \/><\/a><\/p>\n<p>\u201cEl cine, hijo, el cine es la m\u00e1s grande y bella mentira. Todos aceptamos que nos enga\u00f1en con una historia bien contada. Que nos lleven a lugares inexistentes, que nos hagan so\u00f1ar con besos irreales\u2026, depositamos nuestra fe en las palabras de un vaquero, un detective o una mujer fatal que desaparece de nuestras vidas en cuanto regresa la luz en la sala. Es sin duda la mentira m\u00e1s aceptada, \u00bfno crees?\u201d<\/p>\n<p>Este p\u00e1rrafo de \u2018El chico de las bobinas\u2019 es un perfecto reflejo de esa declaraci\u00f3n de amor que Pere Cervantes, uno de los grandes escritores contempor\u00e1neos, hace al s\u00e9ptimo arte en una novela cuya acci\u00f3n transcurre en Barcelona, en los a\u00f1os inmediatamente posteriores al final de la II Guerra Mundial.<\/p>\n<figure id=\"attachment_28811\" aria-describedby=\"caption-attachment-28811\" style=\"width: 300px\" class=\"wp-caption aligncenter\"><a href=\"https:\/\/www.granadablogs.com\/pateandoelmundo\/el-chico-de-las-bobinas\/el-chico\/\" rel=\"attachment wp-att-28811\"><img loading=\"lazy\" decoding=\"async\" class=\"size-medium wp-image-28811\" src=\"https:\/\/www.granadablogs.com\/pateandoelmundo\/wp-content\/uploads\/2020\/03\/El-chico--300x195.jpg\" alt=\"\" width=\"300\" height=\"195\" srcset=\"https:\/\/www.granadablogs.com\/pateandoelmundo\/wp-content\/uploads\/2020\/03\/El-chico--300x195.jpg 300w, https:\/\/www.granadablogs.com\/pateandoelmundo\/wp-content\/uploads\/2020\/03\/El-chico--768x498.jpg 768w, https:\/\/www.granadablogs.com\/pateandoelmundo\/wp-content\/uploads\/2020\/03\/El-chico--644x418.jpg 644w, https:\/\/www.granadablogs.com\/pateandoelmundo\/wp-content\/uploads\/2020\/03\/El-chico-.jpg 1024w\" sizes=\"auto, (max-width: 300px) 100vw, 300px\" \/><\/a><figcaption id=\"caption-attachment-28811\" class=\"wp-caption-text\">Pere Cervantes, a la derecha, con Toni Hill. en Granada Noir<\/figcaption><\/figure>\n<p>Los protagonistas principales son Nil y su madre, Soledad, nombre nada casual para una mujer cuyo marido est\u00e1 ausente, luchando con los maquis contra el r\u00e9gimen franquista. Los secundarios son los vecinos del Poble Sec, de Delfina a Leo; Lolita, Bernardo, Margarita, Jacinto o el doctor Fuster. Y el villano de la funci\u00f3n, un siniestro y cruel inspector V\u00edctor Valiente, de la temida Brigada Pol\u00edtico-Social. Un reparto coral para una trama de espionaje que nos conducir\u00e1 por los meandros de una Barcelona oscura y triste cuyos habitantes s\u00f3lo sonr\u00eden en la oscuridad de las salas de cine.<\/p>\n<p>Le preguntamos a Pere Cervantes por este homenaje al s\u00e9ptimo arte, de d\u00f3nde surge. \u201cDe la tristeza que siento cada vez que cierra una sala de cine y me pregunto cu\u00e1ntas emociones vividas se marchitar\u00e1n para siempre. Tambi\u00e9n tengo la sensaci\u00f3n de que el cine ha dedicado muchos metros de celuloide a la literatura, no son pocas las pel\u00edculas en las que el protagonista es un escritor o el mundo editorial. Por el contrario creo que la literatura le debe alguna que otra novela al cine\u201d.<a href=\"https:\/\/www.granadablogs.com\/pateandoelmundo\/el-chico-de-las-bobinas\/el-chico-de-las-bobinas\/\" rel=\"attachment wp-att-28810\"><img loading=\"lazy\" decoding=\"async\" class=\"aligncenter size-medium wp-image-28810\" src=\"https:\/\/www.granadablogs.com\/pateandoelmundo\/wp-content\/uploads\/2020\/03\/El-chico-de-las-bobinas-300x169.jpg\" alt=\"\" width=\"300\" height=\"169\" srcset=\"https:\/\/www.granadablogs.com\/pateandoelmundo\/wp-content\/uploads\/2020\/03\/El-chico-de-las-bobinas-300x169.jpg 300w, https:\/\/www.granadablogs.com\/pateandoelmundo\/wp-content\/uploads\/2020\/03\/El-chico-de-las-bobinas.jpg 640w\" sizes=\"auto, (max-width: 300px) 100vw, 300px\" \/><\/a><\/p>\n<p>La trama de \u2018El chico de las bobinas\u2019 tiene mucho de espionaje y de investigaci\u00f3n. Un misterio por resolver, una venganza que ejecutar y varias subtramas protagonizadas por nazis escondidos y traficantes de obras de arte. Pero, sobre todo, es una novela hist\u00f3rica en la que las calles de la Barcelona de mitad del siglo pasado tienen gran protagonismo. As\u00ed las cosas, Pere Cervantes vuelve a sorprendernos con un cambio de registro espectacular en su trayectoria literaria.<\/p>\n<p>As\u00ed nos lo cuenta: \u201cCambiar de registro en cada proyecto es algo muy propio de cineastas, de guionistas. F\u00edjate en Clint Eastwood. Tal vez se deba a mi formaci\u00f3n como guionista. S\u00e9 que es algo extra\u00f1o en el mundo editorial donde si una novela funciona porqu\u00e9 no seguir su rastro. Mi axioma a la hora de crear es no mirar hacia atr\u00e1s. En esta ocasi\u00f3n la idea inicial para escribir \u2018El chico de las bobinas\u2019 fue el querer agradecer al cine lo que hab\u00eda hecho por nuestra sociedad. \u00bfY qu\u00e9 mejor momento que la posguerra espa\u00f1ola? No hall\u00e9 un contexto mejor para explicar lo que el cine hizo por quienes inmersos en la miseria y en el miedo necesitaban de un refugio para so\u00f1ar\u201d.<\/p>\n<p>La siguiente pregunta parece obligada: \u00bfSon necesarias la fantas\u00eda y la imaginaci\u00f3n para sobrevivir a la cruda realidad? \u201cLa evasi\u00f3n es el mejor medicamento ante la barbarie vivida. Durante mis a\u00f1os en los Balcanes, en plena posguerra, constat\u00e9 que muchas v\u00edctimas kosovares y serbias hab\u00edan sido capaces de mantener una digna salud mental gracias a la evasi\u00f3n. Ll\u00e1mese esta ver una pel\u00edcula o imaginar un futuro cercano donde el mal que han conocido se evapore sin m\u00e1s\u201d, se\u00f1ala Cervantes.<\/p>\n<p><a href=\"https:\/\/www.granadablogs.com\/pateandoelmundo\/el-chico-de-las-bobinas\/el-chico-de-las-bobinas-cervantes\/\" rel=\"attachment wp-att-28812\"><img loading=\"lazy\" decoding=\"async\" class=\"aligncenter size-medium wp-image-28812\" src=\"https:\/\/www.granadablogs.com\/pateandoelmundo\/wp-content\/uploads\/2020\/03\/El-chico-de-las-bobinas-Cervantes-300x168.jpg\" alt=\"\" width=\"300\" height=\"168\" \/><\/a><\/p>\n<p>En la novela, por cierto, hay muchos gui\u00f1os a c\u00f3mo ser\u00e1 la sociedad del futuro. O sea, la hoy de d\u00eda. \u00bfQu\u00e9 pensar\u00edan los protagonistas de \u2018El chico de las bobinas\u2019 sobre la Espa\u00f1a del 2020?<\/p>\n<p>\u201cEn el caso de Soledad, la madre del protagonista Nil Roig, supongo que estar\u00eda algo decepcionada\u201d, nos dice Pere Cervantes. \u201cElla es una superviviente, una de esas mujeres que ayud\u00f3 a reconstruir una sociedad maltrecha a pesar del alto coste que ello acarreaba. Y sin embargo, 80 a\u00f1os despu\u00e9s, lamentablemente todav\u00eda tenemos que reivindicar el papel de la mujer en la sociedad con manifestaciones y tuits diarios. \u2018El chico de las bobinas\u2019 tambi\u00e9n es un grito de reconocimiento a la mujer, la eterna v\u00edctima de las guerras y la \u00fanica capaz de llevar a cabo la reconstrucci\u00f3n de aquello que el hombre ha destruido\u201d.<\/p>\n<p>Estamos ante una de las novelas que m\u00e1s y mejor van a dar que hablar este a\u00f1o. No se la pierdan. Y prep\u00e1rense para descubrir un lugar llamado \u2018La Gran Mentira\u2019. Ya ver\u00e1n como les gustar\u00eda que existiera en la realidad\u2026<\/p>\n<p>Jes\u00fas Lens<\/p>\n<p><a href=\"https:\/\/twitter.com\/Jesus_Lens\" target=\"_blank\" rel=\"attachment noopener wp-att-27689\"><img loading=\"lazy\" decoding=\"async\" class=\"size-full wp-image-27689 alignleft\" src=\"https:\/\/www.granadablogs.com\/pateandoelmundo\/wp-content\/uploads\/2019\/09\/0Twitter.jpg\" alt=\"\" width=\"196\" height=\"47\" \/><\/a><\/p>\n","protected":false},"excerpt":{"rendered":"<p>La nueva novela de Pere Cervantes, \u2018El chico de las bobinas\u2019, publicada por la editorial Destino esta misma semana, es un encendido canto de amor al cine. Al cine como experiencia compartida. Al cine como lugar de \u2018aprojimamiento\u2019, que dir\u00eda nuestro querido Val del Omar. \u201cEl cine, hijo, el cine es la m\u00e1s grande y [&hellip;]<\/p>\n","protected":false},"author":1,"featured_media":0,"comment_status":"open","ping_status":"open","sticky":false,"template":"","format":"standard","meta":{"jetpack_post_was_ever_published":false,"_jetpack_newsletter_access":"","_jetpack_dont_email_post_to_subs":false,"_jetpack_newsletter_tier_id":0,"_jetpack_memberships_contains_paywalled_content":false,"_jetpack_memberships_contains_paid_content":false,"footnotes":""},"categories":[10,21,11774],"tags":[18912,18913,339,13824,14900],"class_list":["post-28808","post","type-post","status-publish","format-standard","hentry","category-cine","category-negra-y-criminal","category-rincon-oscuro","tag-el-chico-de-las-bobinas","tag-el-chico-de-las-boninas-cervantes","tag-jesus-lens","tag-pere-cervantes","tag-rincon-oscuro-jesus-lens"],"jetpack_featured_media_url":"","jetpack_sharing_enabled":true,"_links":{"self":[{"href":"https:\/\/www.granadablogs.com\/pateandoelmundo\/wp-json\/wp\/v2\/posts\/28808","targetHints":{"allow":["GET"]}}],"collection":[{"href":"https:\/\/www.granadablogs.com\/pateandoelmundo\/wp-json\/wp\/v2\/posts"}],"about":[{"href":"https:\/\/www.granadablogs.com\/pateandoelmundo\/wp-json\/wp\/v2\/types\/post"}],"author":[{"embeddable":true,"href":"https:\/\/www.granadablogs.com\/pateandoelmundo\/wp-json\/wp\/v2\/users\/1"}],"replies":[{"embeddable":true,"href":"https:\/\/www.granadablogs.com\/pateandoelmundo\/wp-json\/wp\/v2\/comments?post=28808"}],"version-history":[{"count":2,"href":"https:\/\/www.granadablogs.com\/pateandoelmundo\/wp-json\/wp\/v2\/posts\/28808\/revisions"}],"predecessor-version":[{"id":28814,"href":"https:\/\/www.granadablogs.com\/pateandoelmundo\/wp-json\/wp\/v2\/posts\/28808\/revisions\/28814"}],"wp:attachment":[{"href":"https:\/\/www.granadablogs.com\/pateandoelmundo\/wp-json\/wp\/v2\/media?parent=28808"}],"wp:term":[{"taxonomy":"category","embeddable":true,"href":"https:\/\/www.granadablogs.com\/pateandoelmundo\/wp-json\/wp\/v2\/categories?post=28808"},{"taxonomy":"post_tag","embeddable":true,"href":"https:\/\/www.granadablogs.com\/pateandoelmundo\/wp-json\/wp\/v2\/tags?post=28808"}],"curies":[{"name":"wp","href":"https:\/\/api.w.org\/{rel}","templated":true}]}}