{"id":28766,"date":"2020-02-27T19:25:26","date_gmt":"2020-02-27T18:25:26","guid":{"rendered":"https:\/\/www.granadablogs.com\/pateandoelmundo\/?p=28766"},"modified":"2020-02-27T19:25:26","modified_gmt":"2020-02-27T18:25:26","slug":"identidad-culinaria-andaluza","status":"publish","type":"post","link":"https:\/\/www.granadablogs.com\/pateandoelmundo\/identidad-culinaria-andaluza\/","title":{"rendered":"Identidad culinaria andaluza"},"content":{"rendered":"<p>Qu\u00e9 complicado, definir qu\u00e9 es la identidad andaluza. Llega el 28 de febrero justo cuando en Granada se termina de articular un movimiento reivindicativo que, para algunos, reniega de Andaluc\u00eda.<\/p>\n<p><a href=\"https:\/\/www.granadablogs.com\/pateandoelmundo\/sevilla-tradicion-y-modernidad-gastronomica\/tribeca-en-sevilla\/\" rel=\"attachment wp-att-28296\"><img loading=\"lazy\" decoding=\"async\" class=\"aligncenter size-medium wp-image-28296\" src=\"https:\/\/www.granadablogs.com\/pateandoelmundo\/wp-content\/uploads\/2019\/12\/Tribeca-en-Sevilla-300x225.jpg\" alt=\"\" width=\"300\" height=\"225\" srcset=\"https:\/\/www.granadablogs.com\/pateandoelmundo\/wp-content\/uploads\/2019\/12\/Tribeca-en-Sevilla-300x225.jpg 300w, https:\/\/www.granadablogs.com\/pateandoelmundo\/wp-content\/uploads\/2019\/12\/Tribeca-en-Sevilla-768x576.jpg 768w, https:\/\/www.granadablogs.com\/pateandoelmundo\/wp-content\/uploads\/2019\/12\/Tribeca-en-Sevilla-644x483.jpg 644w, https:\/\/www.granadablogs.com\/pateandoelmundo\/wp-content\/uploads\/2019\/12\/Tribeca-en-Sevilla.jpg 2016w\" sizes=\"auto, (max-width: 300px) 100vw, 300px\" \/><\/a><\/p>\n<p>Lo escrib\u00edamos hace unos d\u00edas: Andaluc\u00eda no es s\u00f3lo una y, por acci\u00f3n u omisi\u00f3n de los diferentes gobiernos auton\u00f3micos que se han sucedido en estas d\u00e9cadas, en nuestra provincia hay una creciente sensaci\u00f3n de hartazgo y desafecci\u00f3n.<\/p>\n<p>Ma\u00f1ana es el D\u00eda de Andaluc\u00eda y me sorprende d\u00e1ndole vueltas al tema identitario. Porque para un no nacionalista irredento como yo, para un internacionalista y europe\u00edsta convencido; banderas, himnos, l\u00edmites y fronteras son una entelequia.<\/p>\n<p>Me sorprende el 28F, tambi\u00e9n, cerrando una nueva entrega de nuestro suplemento Gourmet, en el que la celebraci\u00f3n andaluza ocupa mucho espacio. \u00bfVen? En ese nacionalismo, el gastron\u00f3mico, s\u00ed me encontrar\u00e1n. En la pasi\u00f3n por el aceite de oliva y las aceitunas, un mundo en el que mi querido y admirado Jos\u00e9 Caracuel, de Casa Piolas, me ha ido introduciendo poco a poco.<\/p>\n<p><a href=\"https:\/\/www.granadablogs.com\/pateandoelmundo\/identidad-culinaria-andaluza\/aceitunas-casa-piolas\/\" rel=\"attachment wp-att-28767\"><img loading=\"lazy\" decoding=\"async\" class=\"aligncenter size-medium wp-image-28767\" src=\"https:\/\/www.granadablogs.com\/pateandoelmundo\/wp-content\/uploads\/2020\/02\/Aceitunas-Casa-Piolas-300x225.jpg\" alt=\"\" width=\"300\" height=\"225\" srcset=\"https:\/\/www.granadablogs.com\/pateandoelmundo\/wp-content\/uploads\/2020\/02\/Aceitunas-Casa-Piolas-300x225.jpg 300w, https:\/\/www.granadablogs.com\/pateandoelmundo\/wp-content\/uploads\/2020\/02\/Aceitunas-Casa-Piolas-768x576.jpg 768w, https:\/\/www.granadablogs.com\/pateandoelmundo\/wp-content\/uploads\/2020\/02\/Aceitunas-Casa-Piolas-644x483.jpg 644w, https:\/\/www.granadablogs.com\/pateandoelmundo\/wp-content\/uploads\/2020\/02\/Aceitunas-Casa-Piolas.jpg 2016w\" sizes=\"auto, (max-width: 300px) 100vw, 300px\" \/><\/a><\/p>\n<p>Esta primavera, esp\u00e9renme en los ronqueos de los atunes de C\u00e1diz y en las bodegas de Jerez. Entre los cerdos de Jabugo y los jamones de Trev\u00e9lez. B\u00fasquenme, en verano, entre espetos de sardinas y tercios de Alhambra Especial. Entre los mejores tomates y los batidos de frutas de la Costa Tropical. Me encontrar\u00e1n entre migas, gazpachos y salmorejos, compartiendo papas a lo pobre, pulpo a la salobre\u00f1era y frituras de pescado.<\/p>\n<p>Andaluc\u00eda, tierra milenaria en la que todas las civilizaciones han dejado su huella. Tambi\u00e9n la gastron\u00f3mica. Y la culinaria. De aqu\u00ed salieron las vides que arraigaron en Am\u00e9rica. De all\u00ed vinieron los tomates y el chocolate que tanto nos engolosina. En nuestros fogones se mezclaron las herencias cristiana, isl\u00e1mica y sefard\u00ed, esas tres culturas del Mediterr\u00e1neo que han propiciado la mejor dieta del mundo.<\/p>\n<p><a href=\"https:\/\/www.granadablogs.com\/pateandoelmundo\/hacienda-encuentros-y-mistica\/cerveza-ron-montero\/\" rel=\"attachment wp-att-28343\"><img loading=\"lazy\" decoding=\"async\" class=\"aligncenter size-medium wp-image-28343\" src=\"https:\/\/www.granadablogs.com\/pateandoelmundo\/wp-content\/uploads\/2019\/12\/Cerveza-Ron-Montero-225x300.jpg\" alt=\"\" width=\"225\" height=\"300\" srcset=\"https:\/\/www.granadablogs.com\/pateandoelmundo\/wp-content\/uploads\/2019\/12\/Cerveza-Ron-Montero-225x300.jpg 225w, https:\/\/www.granadablogs.com\/pateandoelmundo\/wp-content\/uploads\/2019\/12\/Cerveza-Ron-Montero-768x1024.jpg 768w, https:\/\/www.granadablogs.com\/pateandoelmundo\/wp-content\/uploads\/2019\/12\/Cerveza-Ron-Montero-644x859.jpg 644w\" sizes=\"auto, (max-width: 225px) 100vw, 225px\" \/><\/a><\/p>\n<p>Lo que m\u00e1s me gusta del suplemento Gourmet de IDEAL es lo mucho que aprendo sobre nuestra identidad y nuestras ra\u00edces. Porque somos lo que comemos, lo que bebemos y lo que cocinamos. De ah\u00ed que los andaluces seamos m\u00e1s ricos que ning\u00fan otro pueblo.<\/p>\n<p>Jes\u00fas Lens<\/p>\n<p><a href=\"https:\/\/twitter.com\/Jesus_Lens\" target=\"_blank\" rel=\"attachment noopener wp-att-27689\"><img loading=\"lazy\" decoding=\"async\" class=\"size-full wp-image-27689 alignleft\" src=\"https:\/\/www.granadablogs.com\/pateandoelmundo\/wp-content\/uploads\/2019\/09\/0Twitter.jpg\" alt=\"\" width=\"196\" height=\"47\" \/><\/a><\/p>\n","protected":false},"excerpt":{"rendered":"<p>Qu\u00e9 complicado, definir qu\u00e9 es la identidad andaluza. Llega el 28 de febrero justo cuando en Granada se termina de articular un movimiento reivindicativo que, para algunos, reniega de Andaluc\u00eda. Lo escrib\u00edamos hace unos d\u00edas: Andaluc\u00eda no es s\u00f3lo una y, por acci\u00f3n u omisi\u00f3n de los diferentes gobiernos auton\u00f3micos que se han sucedido en [&hellip;]<\/p>\n","protected":false},"author":1,"featured_media":0,"comment_status":"open","ping_status":"open","sticky":false,"template":"","format":"standard","meta":{"jetpack_post_was_ever_published":false,"_jetpack_newsletter_access":"","_jetpack_dont_email_post_to_subs":false,"_jetpack_newsletter_tier_id":0,"_jetpack_memberships_contains_paywalled_content":false,"_jetpack_memberships_contains_paid_content":false,"footnotes":""},"categories":[16338,6],"tags":[17109,2374,16434,18881,18882,5833,17116,18883],"class_list":["post-28766","post","type-post","status-publish","format-standard","hentry","category-gourmet","category-opinion","tag-casa-piolas","tag-cervezas-alhambra","tag-gourmet-ideal","tag-identidad-andaluza","tag-identidad-culinaria-andaluza","tag-jamon-de-trevelez","tag-jose-caracuel","tag-nacionalismo-gastronomico-andaluz"],"jetpack_featured_media_url":"","jetpack_sharing_enabled":true,"_links":{"self":[{"href":"https:\/\/www.granadablogs.com\/pateandoelmundo\/wp-json\/wp\/v2\/posts\/28766","targetHints":{"allow":["GET"]}}],"collection":[{"href":"https:\/\/www.granadablogs.com\/pateandoelmundo\/wp-json\/wp\/v2\/posts"}],"about":[{"href":"https:\/\/www.granadablogs.com\/pateandoelmundo\/wp-json\/wp\/v2\/types\/post"}],"author":[{"embeddable":true,"href":"https:\/\/www.granadablogs.com\/pateandoelmundo\/wp-json\/wp\/v2\/users\/1"}],"replies":[{"embeddable":true,"href":"https:\/\/www.granadablogs.com\/pateandoelmundo\/wp-json\/wp\/v2\/comments?post=28766"}],"version-history":[{"count":2,"href":"https:\/\/www.granadablogs.com\/pateandoelmundo\/wp-json\/wp\/v2\/posts\/28766\/revisions"}],"predecessor-version":[{"id":28769,"href":"https:\/\/www.granadablogs.com\/pateandoelmundo\/wp-json\/wp\/v2\/posts\/28766\/revisions\/28769"}],"wp:attachment":[{"href":"https:\/\/www.granadablogs.com\/pateandoelmundo\/wp-json\/wp\/v2\/media?parent=28766"}],"wp:term":[{"taxonomy":"category","embeddable":true,"href":"https:\/\/www.granadablogs.com\/pateandoelmundo\/wp-json\/wp\/v2\/categories?post=28766"},{"taxonomy":"post_tag","embeddable":true,"href":"https:\/\/www.granadablogs.com\/pateandoelmundo\/wp-json\/wp\/v2\/tags?post=28766"}],"curies":[{"name":"wp","href":"https:\/\/api.w.org\/{rel}","templated":true}]}}