{"id":28731,"date":"2020-02-20T06:38:10","date_gmt":"2020-02-20T05:38:10","guid":{"rendered":"https:\/\/www.granadablogs.com\/pateandoelmundo\/?p=28731"},"modified":"2020-02-19T19:41:24","modified_gmt":"2020-02-19T18:41:24","slug":"prisas-y-bullas","status":"publish","type":"post","link":"https:\/\/www.granadablogs.com\/pateandoelmundo\/prisas-y-bullas\/","title":{"rendered":"Prisas y bullas"},"content":{"rendered":"<p>Vivimos en la era de la velocidad, eso es innegable. Todo ocurre a un ritmo vertiginoso. La famosa consigna de Jim Morrison, el l\u00edder de The Doors \u2014lo queremos todo y lo queremos ahora\u2014 es una realidad tangible que, sin embargo, amenaza con aplastarnos.<\/p>\n<p><a href=\"https:\/\/www.granadablogs.com\/pateandoelmundo\/?attachment_id=28732\" rel=\"attachment wp-att-28732\"><img loading=\"lazy\" decoding=\"async\" class=\"aligncenter size-medium wp-image-28732\" src=\"https:\/\/www.granadablogs.com\/pateandoelmundo\/wp-content\/uploads\/2020\/02\/Aceleraci\u00f3n-300x200.jpg\" alt=\"\" width=\"300\" height=\"200\" srcset=\"https:\/\/www.granadablogs.com\/pateandoelmundo\/wp-content\/uploads\/2020\/02\/Aceleraci\u00f3n-300x200.jpg 300w, https:\/\/www.granadablogs.com\/pateandoelmundo\/wp-content\/uploads\/2020\/02\/Aceleraci\u00f3n-768x512.jpg 768w, https:\/\/www.granadablogs.com\/pateandoelmundo\/wp-content\/uploads\/2020\/02\/Aceleraci\u00f3n-644x429.jpg 644w, https:\/\/www.granadablogs.com\/pateandoelmundo\/wp-content\/uploads\/2020\/02\/Aceleraci\u00f3n.jpg 1374w\" sizes=\"auto, (max-width: 300px) 100vw, 300px\" \/><\/a><\/p>\n<p>Las condiciones draconianas de trabajo de Amazon y los falsos aut\u00f3nomos de Glovo son un efecto colateral de la necesidad compulsiva del aqu\u00ed y el ahora. Del ya, el ipso facto y el lo quiero para ayer. De la inmediatez radical.<\/p>\n<p>Gracias a las protestas de los agricultores y a sus cortes de tr\u00e1fico, sin embargo, nuestra vida pareci\u00f3 transcurrir a menor velocidad durante unas horas. Mucha gente dej\u00f3 el Volvo o el Seat en la cochera y se afan\u00f3 con el coche de San Fernando, ya saben, un pasito a pie y otro andando. O cogieron el transporte p\u00fablico, tan calmoso \u00e9l.<\/p>\n<p>\u201cVamos a 20 kil\u00f3metros por hora por la autov\u00eda\u201d era una de las consignas que transmit\u00edan nuestros compa\u00f1eros de IDEAL mientras narraban en vivo y en directo los avatares de una jornada hist\u00f3rica para el campo granadino.<\/p>\n<p>Durante mucho tiempo, he sido un fervoroso defensor de la aceleraci\u00f3n y la multitarea. De la prisa y la velocidad. Al menos, en algunas facetas de mi vida. En otras, siempre he tendido a la pereza m\u00e1s morosa, lo reconozco.<\/p>\n<p>Poco a poco, sin embargo reniego de las bullas. De ah\u00ed la fascinaci\u00f3n por los postulados del fil\u00f3sofo y soci\u00f3logo alem\u00e1n Hartmut Rosa sobre la alienaci\u00f3n, la aceleraci\u00f3n, las resonancias y la buena vida.<\/p>\n<p><a href=\"https:\/\/www.granadablogs.com\/pateandoelmundo\/?attachment_id=28733\" rel=\"attachment wp-att-28733\"><img loading=\"lazy\" decoding=\"async\" class=\"aligncenter size-medium wp-image-28733\" src=\"https:\/\/www.granadablogs.com\/pateandoelmundo\/wp-content\/uploads\/2020\/02\/Aceleraci\u00f3n-Rosa-300x168.jpg\" alt=\"\" width=\"300\" height=\"168\" \/><\/a><\/p>\n<p>Aunque tengo que rumiarlo despacio, uno de los conceptos que m\u00e1s me han gustado de Rosa es el de la importancia de permanecer en los sitios sin estar pensando en marcharnos. De disfrutar del momento presente sin el runr\u00fan del que est\u00e1 por llegar. De escuchar atentamente a la persona con quien conversamos sin que parte de nuestro cerebro est\u00e9 anticipando la siguiente reuni\u00f3n, la siguiente llamada, la siguiente visita.<\/p>\n<p>El modo de vida acelerado nos hace creer que podemos llegar a todo cuando, en realidad, acabamos por no llegar a ning\u00fan sitio.<\/p>\n<p>Jes\u00fas Lens<\/p>\n<p><a href=\"https:\/\/twitter.com\/Jesus_Lens\" target=\"_blank\" rel=\"attachment noopener wp-att-27689\"><img loading=\"lazy\" decoding=\"async\" class=\"size-full wp-image-27689 alignleft\" src=\"https:\/\/www.granadablogs.com\/pateandoelmundo\/wp-content\/uploads\/2019\/09\/0Twitter.jpg\" alt=\"\" width=\"196\" height=\"47\" \/><\/a><\/p>\n","protected":false},"excerpt":{"rendered":"<p>Vivimos en la era de la velocidad, eso es innegable. Todo ocurre a un ritmo vertiginoso. La famosa consigna de Jim Morrison, el l\u00edder de The Doors \u2014lo queremos todo y lo queremos ahora\u2014 es una realidad tangible que, sin embargo, amenaza con aplastarnos. Las condiciones draconianas de trabajo de Amazon y los falsos aut\u00f3nomos [&hellip;]<\/p>\n","protected":false},"author":1,"featured_media":0,"comment_status":"open","ping_status":"open","sticky":false,"template":"","format":"standard","meta":{"jetpack_post_was_ever_published":false,"_jetpack_newsletter_access":"","_jetpack_dont_email_post_to_subs":false,"_jetpack_newsletter_tier_id":0,"_jetpack_memberships_contains_paywalled_content":false,"_jetpack_memberships_contains_paid_content":false,"footnotes":""},"categories":[6],"tags":[18857,18856,1720,18858,18855],"class_list":["post-28731","post","type-post","status-publish","format-standard","hentry","category-opinion","tag-aceleracion-y-prisas","tag-hartmut-rosa","tag-jim-morrison","tag-prisas-y-bullas","tag-resonancias-rosa"],"jetpack_featured_media_url":"","jetpack_sharing_enabled":true,"_links":{"self":[{"href":"https:\/\/www.granadablogs.com\/pateandoelmundo\/wp-json\/wp\/v2\/posts\/28731","targetHints":{"allow":["GET"]}}],"collection":[{"href":"https:\/\/www.granadablogs.com\/pateandoelmundo\/wp-json\/wp\/v2\/posts"}],"about":[{"href":"https:\/\/www.granadablogs.com\/pateandoelmundo\/wp-json\/wp\/v2\/types\/post"}],"author":[{"embeddable":true,"href":"https:\/\/www.granadablogs.com\/pateandoelmundo\/wp-json\/wp\/v2\/users\/1"}],"replies":[{"embeddable":true,"href":"https:\/\/www.granadablogs.com\/pateandoelmundo\/wp-json\/wp\/v2\/comments?post=28731"}],"version-history":[{"count":1,"href":"https:\/\/www.granadablogs.com\/pateandoelmundo\/wp-json\/wp\/v2\/posts\/28731\/revisions"}],"predecessor-version":[{"id":28734,"href":"https:\/\/www.granadablogs.com\/pateandoelmundo\/wp-json\/wp\/v2\/posts\/28731\/revisions\/28734"}],"wp:attachment":[{"href":"https:\/\/www.granadablogs.com\/pateandoelmundo\/wp-json\/wp\/v2\/media?parent=28731"}],"wp:term":[{"taxonomy":"category","embeddable":true,"href":"https:\/\/www.granadablogs.com\/pateandoelmundo\/wp-json\/wp\/v2\/categories?post=28731"},{"taxonomy":"post_tag","embeddable":true,"href":"https:\/\/www.granadablogs.com\/pateandoelmundo\/wp-json\/wp\/v2\/tags?post=28731"}],"curies":[{"name":"wp","href":"https:\/\/api.w.org\/{rel}","templated":true}]}}