{"id":28718,"date":"2020-02-19T09:12:07","date_gmt":"2020-02-19T08:12:07","guid":{"rendered":"https:\/\/www.granadablogs.com\/pateandoelmundo\/?p=28718"},"modified":"2020-02-19T09:12:07","modified_gmt":"2020-02-19T08:12:07","slug":"adu","status":"publish","type":"post","link":"https:\/\/www.granadablogs.com\/pateandoelmundo\/adu\/","title":{"rendered":"Ad\u00fa"},"content":{"rendered":"<p>Estoy muy contento por haber visto \u2018Par\u00e1sitos\u2019 en su momento. As\u00ed, mientras decenas de amigos andan como locos entre Kinepolis y Filmin, disfrutando y sufriendo con la familia protagonista de la oscarizada pel\u00edcula de Bong Joon-ho; he aprovechado para ver un par de estrenos espa\u00f1oles en pantalla grande.<\/p>\n<p><a href=\"https:\/\/www.granadablogs.com\/pateandoelmundo\/adu\/adu\/\" rel=\"attachment wp-att-28719\"><img loading=\"lazy\" decoding=\"async\" class=\"aligncenter size-full wp-image-28719\" src=\"https:\/\/www.granadablogs.com\/pateandoelmundo\/wp-content\/uploads\/2020\/02\/Ad\u00fa.jpg\" alt=\"\" width=\"188\" height=\"268\" \/><\/a><\/p>\n<p>Vaya por delante que la comedia es uno de mis g\u00e9neros favoritos. Y que me parece el m\u00e1s dif\u00edcil de todos. Mucho m\u00e1s complicado arrancarle una carcajada al espectador que una l\u00e1grima o un suspiro. As\u00ed, \u2018Hasta que la boda nos separe\u2019 se me ha quedado escasa. Me gust\u00f3 el planteamiento de la historia y la presentaci\u00f3n de los personajes. A partir de ah\u00ed, decae. La cinta de Dani de la Orden va tan de m\u00e1s a menos que termin\u00e9 pidi\u00e9ndole la hora a un \u00e1rbitro imaginario.<\/p>\n<p>Mucho m\u00e1s interesante es \u2018Ad\u00fa\u2019, la pel\u00edcula espa\u00f1ola m\u00e1s vista en lo que va de a\u00f1o. 90 minutos de cine comprometido, exigente y actual. Terriblemente actual. \u00bfEst\u00e1n siguiendo ustedes los avatares pol\u00edticos y jur\u00eddicos sobre las llamadas \u2018devoluciones en caliente\u2019 de los inmigrantes que cruzan la valla de Melilla? Pues de eso va \u2018Adu\u2019. Entre otras cosas.<\/p>\n<p><a href=\"https:\/\/www.granadablogs.com\/pateandoelmundo\/adu\/adu-nino\/\" rel=\"attachment wp-att-28720\"><img loading=\"lazy\" decoding=\"async\" class=\"aligncenter size-full wp-image-28720\" src=\"https:\/\/www.granadablogs.com\/pateandoelmundo\/wp-content\/uploads\/2020\/02\/Ad\u00fa-ni\u00f1o.jpg\" alt=\"\" width=\"201\" height=\"251\" \/><\/a><\/p>\n<p>Tres historias paralelas que terminan trenz\u00e1ndose conforman un guion ponderado, ajustado, depurado y destilado hasta su quintaesencia. Tres historias protagonizadas por guardias civiles, ni\u00f1os obligados a emigrar y voluntarios comprometidos con la defensa de la naturaleza. Personajes con sus luces y sus sombras.<\/p>\n<p>Lo que se cuenta en \u2018Ad\u00fa\u2019, no por conocido, deja de ser duro. Muy duro. Conmueve. Impacta. Emociona. La elegancia, la sutileza y la sensibilidad de la c\u00e1mara de Salvador Calvo nos hacen permanecer imantados a la pantalla. No hay trazo grueso. No hay manique\u00edsmo. No hay inveros\u00edmiles piruetas de guion. No hay manipulaci\u00f3n emocional, excepci\u00f3n hecha de una banda sonora demasiado evidente, obvia y perceptible.<\/p>\n<p><a href=\"https:\/\/www.granadablogs.com\/pateandoelmundo\/adu\/adu-en-caliente\/\" rel=\"attachment wp-att-28721\"><img loading=\"lazy\" decoding=\"async\" class=\"aligncenter size-full wp-image-28721\" src=\"https:\/\/www.granadablogs.com\/pateandoelmundo\/wp-content\/uploads\/2020\/02\/Ad\u00fa-en-caliente.jpg\" alt=\"\" width=\"275\" height=\"183\" \/><\/a><\/p>\n<p>Viendo \u2018Ad\u00fa\u2019, la pantalla de cine se convierte en un espejo que nos devuelve nuestro propio reflejo, oblig\u00e1ndonos a reflexionar y a tomar partido en cuestiones como las concertinas, los menores inmigrantes, el racismo y la desigualdad que obliga a emigrar a millones de personas cada a\u00f1o.<\/p>\n<p>Jes\u00fas Lens<\/p>\n<p><a href=\"https:\/\/twitter.com\/Jesus_Lens\" target=\"_blank\" rel=\"attachment noopener wp-att-27689\"><img loading=\"lazy\" decoding=\"async\" class=\"size-full wp-image-27689 alignleft\" src=\"https:\/\/www.granadablogs.com\/pateandoelmundo\/wp-content\/uploads\/2019\/09\/0Twitter.jpg\" alt=\"\" width=\"196\" height=\"47\" \/><\/a><\/p>\n","protected":false},"excerpt":{"rendered":"<p>Estoy muy contento por haber visto \u2018Par\u00e1sitos\u2019 en su momento. As\u00ed, mientras decenas de amigos andan como locos entre Kinepolis y Filmin, disfrutando y sufriendo con la familia protagonista de la oscarizada pel\u00edcula de Bong Joon-ho; he aprovechado para ver un par de estrenos espa\u00f1oles en pantalla grande. Vaya por delante que la comedia es [&hellip;]<\/p>\n","protected":false},"author":1,"featured_media":0,"comment_status":"open","ping_status":"open","sticky":false,"template":"","format":"standard","meta":{"jetpack_post_was_ever_published":false,"_jetpack_newsletter_access":"","_jetpack_dont_email_post_to_subs":false,"_jetpack_newsletter_tier_id":0,"_jetpack_memberships_contains_paywalled_content":false,"_jetpack_memberships_contains_paid_content":false,"footnotes":""},"categories":[10,6],"tags":[18844,18845,18846,18847,18849,122,65,18848],"class_list":["post-28718","post","type-post","status-publish","format-standard","hentry","category-cine","category-opinion","tag-adu","tag-adu-pelicula","tag-cine-e-inmigracion","tag-concertinas","tag-hasta-que-la-boda-nos-separe","tag-inmigracion","tag-luis-tosar","tag-simon-calvo"],"jetpack_featured_media_url":"","jetpack_sharing_enabled":true,"_links":{"self":[{"href":"https:\/\/www.granadablogs.com\/pateandoelmundo\/wp-json\/wp\/v2\/posts\/28718","targetHints":{"allow":["GET"]}}],"collection":[{"href":"https:\/\/www.granadablogs.com\/pateandoelmundo\/wp-json\/wp\/v2\/posts"}],"about":[{"href":"https:\/\/www.granadablogs.com\/pateandoelmundo\/wp-json\/wp\/v2\/types\/post"}],"author":[{"embeddable":true,"href":"https:\/\/www.granadablogs.com\/pateandoelmundo\/wp-json\/wp\/v2\/users\/1"}],"replies":[{"embeddable":true,"href":"https:\/\/www.granadablogs.com\/pateandoelmundo\/wp-json\/wp\/v2\/comments?post=28718"}],"version-history":[{"count":2,"href":"https:\/\/www.granadablogs.com\/pateandoelmundo\/wp-json\/wp\/v2\/posts\/28718\/revisions"}],"predecessor-version":[{"id":28723,"href":"https:\/\/www.granadablogs.com\/pateandoelmundo\/wp-json\/wp\/v2\/posts\/28718\/revisions\/28723"}],"wp:attachment":[{"href":"https:\/\/www.granadablogs.com\/pateandoelmundo\/wp-json\/wp\/v2\/media?parent=28718"}],"wp:term":[{"taxonomy":"category","embeddable":true,"href":"https:\/\/www.granadablogs.com\/pateandoelmundo\/wp-json\/wp\/v2\/categories?post=28718"},{"taxonomy":"post_tag","embeddable":true,"href":"https:\/\/www.granadablogs.com\/pateandoelmundo\/wp-json\/wp\/v2\/tags?post=28718"}],"curies":[{"name":"wp","href":"https:\/\/api.w.org\/{rel}","templated":true}]}}