{"id":28623,"date":"2020-02-05T11:58:00","date_gmt":"2020-02-05T10:58:00","guid":{"rendered":"https:\/\/www.granadablogs.com\/pateandoelmundo\/?p=28623"},"modified":"2020-02-05T11:58:00","modified_gmt":"2020-02-05T10:58:00","slug":"escribir-de-viajes","status":"publish","type":"post","link":"https:\/\/www.granadablogs.com\/pateandoelmundo\/escribir-de-viajes\/","title":{"rendered":"Escribir de viajes"},"content":{"rendered":"<p>Este a\u00f1o, la Candelaria ha hecho maravillosamente su viaje en el tiempo, arranc\u00e1ndonos de la oscuridad de los d\u00edas grises, brumosos y nublados para iluminarnos con la luz del sol y el azul del cielo.<\/p>\n<p><a href=\"https:\/\/www.granadablogs.com\/pateandoelmundo\/escribir-de-viajes\/0-escribir-de-viajes\/\" rel=\"attachment wp-att-28624\"><img loading=\"lazy\" decoding=\"async\" class=\"aligncenter size-medium wp-image-28624\" src=\"https:\/\/www.granadablogs.com\/pateandoelmundo\/wp-content\/uploads\/2020\/02\/0-Escribir-de-viajes-202x300.jpg\" alt=\"\" width=\"202\" height=\"300\" srcset=\"https:\/\/www.granadablogs.com\/pateandoelmundo\/wp-content\/uploads\/2020\/02\/0-Escribir-de-viajes-202x300.jpg 202w, https:\/\/www.granadablogs.com\/pateandoelmundo\/wp-content\/uploads\/2020\/02\/0-Escribir-de-viajes-768x1138.jpg 768w, https:\/\/www.granadablogs.com\/pateandoelmundo\/wp-content\/uploads\/2020\/02\/0-Escribir-de-viajes-644x954.jpg 644w, https:\/\/www.granadablogs.com\/pateandoelmundo\/wp-content\/uploads\/2020\/02\/0-Escribir-de-viajes.jpg 1125w\" sizes=\"auto, (max-width: 202px) 100vw, 202px\" \/><\/a><\/p>\n<p>Cuando nos planteamos las mejores fechas para el festival Gravite, dado que quer\u00edamos hacerlo en temporada baja, pensamos que la fiesta de la Candelaria le daba todo el sentido, no en vano, coincide con el famoso D\u00eda de la Marmota que se encuentra en la base de \u2018Atrapado en el tiempo\u2019, una de nuestras pel\u00edculas de culto.<\/p>\n<p>D\u00edas de sol y calor que, obviando por un instante la emergencia clim\u00e1tica, nos animan a salir a las calles y a m\u00ed, personalmente, me provocan ese picorcillo en la planta de los pies que invita a ponernos en movimiento y a viajar. Hasta hace un par de a\u00f1os, viajar era sin\u00f3nimo de irme lejos. Muy lejos. Cuanto m\u00e1s lejos, mejor. Tambi\u00e9n me gustaba el viaje cercano, pero si pod\u00eda, me iba a la otra punta del mundo. Gracias a la propuesta de IDEAL para los dos \u00faltimos meses de agosto, sin embargo, he aprendido a disfrutar mucho m\u00e1s del viaje dom\u00e9stico, \u00edntimo, reflexivo y so\u00f1ador.<\/p>\n<p>Esos dos \u2018Veranos en Bermudas\u2019 me han permitido el reencuentro con paisajes de Granada largamente olvidados y el descubrimiento de otros que, a mis (casi) cincuenta palos, todav\u00eda no conoc\u00eda. \u00a1Y lo que te rondar\u00e9! Pero, sobre todo, me han permitido desarrollar dos herramientas creativas, dos instintos necesarios a la hora de escribir: afilar la mirada para ver m\u00e1s all\u00e1 de lo aparente y buscar historias que contar.<\/p>\n<p>El pr\u00f3ximo s\u00e1bado, a las 10 de la ma\u00f1ana, la Escuela de Escritura me ha invitado a impartir un taller de literatura de viajes en la Corrala de Santiago y aqu\u00ed me tienen, d\u00e1ndole vueltas a qu\u00e9 es y c\u00f3mo ha cambiado el g\u00e9nero en pleno siglo XXI; a c\u00f3mo escribir de viajes en los tiempos de Instagram.<\/p>\n<p><a href=\"https:\/\/www.granadablogs.com\/pateandoelmundo\/escribir-de-viajes\/0-escribir-de-viajes-lens\/\" rel=\"attachment wp-att-28625\"><img loading=\"lazy\" decoding=\"async\" class=\"aligncenter size-medium wp-image-28625\" src=\"https:\/\/www.granadablogs.com\/pateandoelmundo\/wp-content\/uploads\/2020\/02\/0-Escribir-de-viajes-Lens-152x300.jpg\" alt=\"\" width=\"152\" height=\"300\" srcset=\"https:\/\/www.granadablogs.com\/pateandoelmundo\/wp-content\/uploads\/2020\/02\/0-Escribir-de-viajes-Lens-152x300.jpg 152w, https:\/\/www.granadablogs.com\/pateandoelmundo\/wp-content\/uploads\/2020\/02\/0-Escribir-de-viajes-Lens-768x1520.jpg 768w, https:\/\/www.granadablogs.com\/pateandoelmundo\/wp-content\/uploads\/2020\/02\/0-Escribir-de-viajes-Lens-644x1275.jpg 644w, https:\/\/www.granadablogs.com\/pateandoelmundo\/wp-content\/uploads\/2020\/02\/0-Escribir-de-viajes-Lens.jpg 1125w\" sizes=\"auto, (max-width: 152px) 100vw, 152px\" \/><\/a><\/p>\n<p>Me gustan estas propuestas que, de vez en cuando, nos obligan a detenernos para reflexionar sobre lo que hacemos. A sistematizarlo m\u00e1s all\u00e1 de la pr\u00e1ctica diaria. A echarle una pensada, como popularmente se dice. Las conclusiones, a vuelta del fin de semana.<\/p>\n<p>Jes\u00fas Lens<\/p>\n<p><a href=\"https:\/\/twitter.com\/Jesus_Lens\" target=\"_blank\" rel=\"attachment noopener wp-att-27689\"><img loading=\"lazy\" decoding=\"async\" class=\"size-full wp-image-27689 alignleft\" src=\"https:\/\/www.granadablogs.com\/pateandoelmundo\/wp-content\/uploads\/2019\/09\/0Twitter.jpg\" alt=\"\" width=\"196\" height=\"47\" \/><\/a><\/p>\n","protected":false},"excerpt":{"rendered":"<p>Este a\u00f1o, la Candelaria ha hecho maravillosamente su viaje en el tiempo, arranc\u00e1ndonos de la oscuridad de los d\u00edas grises, brumosos y nublados para iluminarnos con la luz del sol y el azul del cielo. Cuando nos planteamos las mejores fechas para el festival Gravite, dado que quer\u00edamos hacerlo en temporada baja, pensamos que la [&hellip;]<\/p>\n","protected":false},"author":1,"featured_media":0,"comment_status":"open","ping_status":"open","sticky":false,"template":"","format":"standard","meta":{"jetpack_post_was_ever_published":false,"_jetpack_newsletter_access":"","_jetpack_dont_email_post_to_subs":false,"_jetpack_newsletter_tier_id":0,"_jetpack_memberships_contains_paywalled_content":false,"_jetpack_memberships_contains_paid_content":false,"footnotes":""},"categories":[6,24],"tags":[18782,18780,18781,14348],"class_list":["post-28623","post","type-post","status-publish","format-standard","hentry","category-opinion","category-viajes","tag-corrala-de-santiago","tag-escribir-de-viajes","tag-escuela-de-escritura","tag-viajes-jesus-lens"],"jetpack_featured_media_url":"","jetpack_sharing_enabled":true,"_links":{"self":[{"href":"https:\/\/www.granadablogs.com\/pateandoelmundo\/wp-json\/wp\/v2\/posts\/28623","targetHints":{"allow":["GET"]}}],"collection":[{"href":"https:\/\/www.granadablogs.com\/pateandoelmundo\/wp-json\/wp\/v2\/posts"}],"about":[{"href":"https:\/\/www.granadablogs.com\/pateandoelmundo\/wp-json\/wp\/v2\/types\/post"}],"author":[{"embeddable":true,"href":"https:\/\/www.granadablogs.com\/pateandoelmundo\/wp-json\/wp\/v2\/users\/1"}],"replies":[{"embeddable":true,"href":"https:\/\/www.granadablogs.com\/pateandoelmundo\/wp-json\/wp\/v2\/comments?post=28623"}],"version-history":[{"count":2,"href":"https:\/\/www.granadablogs.com\/pateandoelmundo\/wp-json\/wp\/v2\/posts\/28623\/revisions"}],"predecessor-version":[{"id":28627,"href":"https:\/\/www.granadablogs.com\/pateandoelmundo\/wp-json\/wp\/v2\/posts\/28623\/revisions\/28627"}],"wp:attachment":[{"href":"https:\/\/www.granadablogs.com\/pateandoelmundo\/wp-json\/wp\/v2\/media?parent=28623"}],"wp:term":[{"taxonomy":"category","embeddable":true,"href":"https:\/\/www.granadablogs.com\/pateandoelmundo\/wp-json\/wp\/v2\/categories?post=28623"},{"taxonomy":"post_tag","embeddable":true,"href":"https:\/\/www.granadablogs.com\/pateandoelmundo\/wp-json\/wp\/v2\/tags?post=28623"}],"curies":[{"name":"wp","href":"https:\/\/api.w.org\/{rel}","templated":true}]}}