{"id":286,"date":"2008-06-11T10:42:00","date_gmt":"2008-06-11T09:42:00","guid":{"rendered":"http:\/\/www.granadablogs.com\/pateandoelmundo\/?p=286"},"modified":"2008-06-11T10:42:00","modified_gmt":"2008-06-11T09:42:00","slug":"media-maraton-de-montana-de-la-ragua","status":"publish","type":"post","link":"https:\/\/www.granadablogs.com\/pateandoelmundo\/media-maraton-de-montana-de-la-ragua\/","title":{"rendered":"MEDIA MARAT\u00d3N DE MONTA\u00d1A DE LA RAGUA"},"content":{"rendered":"<p>Decir que estoy asustado es faltar a la verdad. Porque, en realidad, estoy total y absolutamente aterrorizado, atemorizado y aterrado. Acojonado vivo, en una palabra.<\/p>\n<p>Preguntas que me hago en alta voz, estos d\u00edas: \u00bfQui\u00e9n me mandar\u00eda a m\u00ed&#8230;?<\/p>\n<p>\u00bfQMM apuntarme a una carrera que va a ser una locura? \u00bfQMM dedicarme a esto de medio correr, con lo bien que viv\u00eda yo siendo un jamelgo vago y trot\u00f3n? \u00bfQMM convertirme en Verde?<\/p>\n<p><img decoding=\"async\" id=\"BLOGGER_PHOTO_ID_5210557595253505234\" style=\"DISPLAY: block; MARGIN: 0px auto 10px; CURSOR: hand; TEXT-ALIGN: center\" alt=\"\" src=\"http:\/\/bp3.blogger.com\/_r6VY1mvj3jk\/SE-ehrLMfNI\/AAAAAAAACPs\/-9WaYeyrFmc\/s400\/_035.jpg\" border=\"0\" \/> <\/p>\n<p align=\"justify\">Sacai lo vio antes que yo. Cuando empez\u00f3 a ver que tonteaba con esto de las carreras, ya lo anticip\u00f3: \u201cTe vas a hacer de ellos\u201d. Y yo: \u201c-Que no, mujer. Que yo seguir\u00e9 corriendo mi horeja diaria, a mi aire, y ya est\u00e1.\u201d<\/p>\n<p>Pero no. No est\u00e1.<\/p>\n<p>Pase que nos apunt\u00e1ramos al Premio de Fondo de la Diputaci\u00f3n, con los amigos de Las Verdes, con \u00c1lvaro, con Javi, etc. Pase que no hayamos faltado a ninguna cita del referido premio hasta la fecha. Pase que espor\u00e1dicamente hagamos algo parecido al Fartlek y que hasta nos gusten las medias maratones. Pero lo de apuntarse a La Ragua&#8230; eso ya no tiene pase alguno.<\/p>\n<p>Veinti\u00fan kil\u00f3metros y noventa y siete metros que parten de La Calahora, a 1.180 metros y culminan en lo alto del Puerto de La Ragua, a 2.030 metros. Bestiales desniveles y un largo kilometraje que me tienen la moral comida, lo reconozco. <\/p>\n<p align=\"justify\"><\/p>\n<p><img decoding=\"async\" id=\"BLOGGER_PHOTO_ID_5210557592174714066\" style=\"DISPLAY: block; MARGIN: 0px auto 10px; CURSOR: hand; TEXT-ALIGN: center\" alt=\"\" src=\"http:\/\/bp3.blogger.com\/_r6VY1mvj3jk\/SE-ehftJ3NI\/AAAAAAAACPc\/i0HIjJvtkvU\/s400\/_033.jpg\" border=\"0\" \/> <\/p>\n<p align=\"justify\">De mi \u00e9poca como monta\u00f1ero recuerdo con gran cari\u00f1o toda esa zona, los pinos, la vegetaci\u00f3n, los valles, el alto del Chullo, el refugio del Postero Alto, el Pic\u00f3n de J\u00e9rez, el r\u00edo Alhor\u00ed&#8230; Cierto que, en este caso, uno de los alicientes para hacer esta Media Marat\u00f3n ha sido volver a disfrutar de unos paisajes que tantas satisfacciones nos dieron anta\u00f1o y tantas sensaciones nos provocaron. <\/p>\n<p align=\"justify\"><\/p>\n<p><img decoding=\"async\" id=\"BLOGGER_PHOTO_ID_5210557586246079474\" style=\"DISPLAY: block; MARGIN: 0px auto 10px; CURSOR: hand; TEXT-ALIGN: center\" alt=\"\" src=\"http:\/\/bp3.blogger.com\/_r6VY1mvj3jk\/SE-ehJnqE_I\/AAAAAAAACPU\/VzQ8bIbdUIo\/s400\/_001.gif\" border=\"0\" \/> <\/p>\n<p align=\"justify\">Pero bueno.<\/p>\n<p>A lo hecho, pecho. <\/p>\n<p align=\"justify\"><\/p>\n<p align=\"justify\"><img decoding=\"async\" id=\"BLOGGER_PHOTO_ID_5210557599464052850\" style=\"DISPLAY: block; MARGIN: 0px auto 10px; CURSOR: hand; TEXT-ALIGN: center\" alt=\"\" src=\"http:\/\/bp0.blogger.com\/_r6VY1mvj3jk\/SE-eh63EWHI\/AAAAAAAACP0\/Akdofone5hw\/s400\/_036.jpg\" border=\"0\" \/><br \/>Este domingo ser\u00e1 un d\u00eda memorable. S\u00e9 que, a lo largo de las cerca de tres horas que invertir\u00e9 en intentar llegar a la cima, me cuestionar\u00e9 eso de \u201cQui\u00e9n me manda a m\u00ed\u201d y, sobre todo, lo que Bruce Chatwin tantas veces se pregunt\u00f3 a s\u00ed mismo: \u201c\u00bfQu\u00e9 hago yo aqu\u00ed?\u201d M\u00e1xime, despu\u00e9s de ver algunas de las fotos con que nuestro amigo Gregorio nos ha asustado, m\u00e1s a\u00fan, <a href=\"http:\/\/estoyquenopuedo.blogspot.com\/2008\/05\/por-los-senderos-de-la-ragua.html\"><span style=\"color:#ff0000;\"><strong>desde su bit\u00e1cora<\/strong><\/span><\/a>. <\/p>\n<p><\/p>\n<p><img decoding=\"async\" id=\"BLOGGER_PHOTO_ID_5210557593809085202\" style=\"DISPLAY: block; MARGIN: 0px auto 10px; CURSOR: hand; TEXT-ALIGN: center\" alt=\"\" src=\"http:\/\/bp3.blogger.com\/_r6VY1mvj3jk\/SE-ehly0YxI\/AAAAAAAACPk\/T2MeKIIvWkE\/s400\/_034.jpg\" border=\"0\" \/> <\/p>\n<p align=\"justify\">Espero llegar a la cima y terminar la carrera. No s\u00e9 si lo conseguir\u00e9. Ahora mismo, procuro no pensarlo. Pero, a ratos, me asaltan las dudas, claro. Leo a los amigos de Las Verdes, <a href=\"http:\/\/diariodeuncorredor.blogspot.com\/2008\/06\/lo-impredecible-en-el-deporte-en-la.html\"><span style=\"color:#ff0000;\"><strong>en la bit\u00e1cora de mi Alter Ego<\/strong><\/span><\/a>, el inalcanzable Jose Antonio Flores, y me da depresi\u00f3n. Van a subir a deg\u00fcello, con el cuchillo entre los dientes. Yo los ver\u00e9 abajo y, horas despu\u00e9s, con suerte, en el autob\u00fas que nos bajar\u00e1 de lo alto de La Ragua a La Calahorra. O, directamente, de vuelta en el pueblo, prestos a comer ese arroz popular que nos van a preparar. O en \u201cEl Manj\u00f3n\u201d, donde procuraremos ponernos p\u00faos de comer, en un merecido homenaje a esta temeridad no suficientemente ponderada, la verdad.<\/p>\n<div align=\"justify\">Jes\u00fas Lens. <\/div>\n<div align=\"justify\">Etiquetas: <a href=\"http:\/\/bitacoras.com\/canales\/media+maraton\" rel=\"tag\">media maraton<\/a>, <a href=\"http:\/\/bitacoras.com\/canales\/ragua\" rel=\"tag\">ragua<\/a>, <a href=\"http:\/\/bitacoras.com\/canales\/la+calahorra\" rel=\"tag\">la calahorra<\/a>, <a href=\"http:\/\/bitacoras.com\/canales\/chullo\" rel=\"tag\">chullo<\/a>, <a href=\"http:\/\/bitacoras.com\/canales\/granada\" rel=\"tag\">granada<\/a>, <a href=\"http:\/\/bitacoras.com\/canales\/verdes\" rel=\"tag\">verdes<\/a>, <a href=\"http:\/\/bitacoras.com\/canales\/florens\" rel=\"tag\">florens<\/a><\/div>\n<div align=\"justify\"> <\/div>\n","protected":false},"excerpt":{"rendered":"<p>Decir que estoy asustado es faltar a la verdad. Porque, en realidad, estoy total y absolutamente aterrorizado, atemorizado y aterrado. Acojonado vivo, en una palabra. Preguntas que me hago en alta voz, estos d\u00edas: \u00bfQui\u00e9n me mandar\u00eda a m\u00ed&#8230;? \u00bfQMM apuntarme a una carrera que va a ser una locura? \u00bfQMM dedicarme a esto de [&hellip;]<\/p>\n","protected":false},"author":1,"featured_media":0,"comment_status":"open","ping_status":"open","sticky":false,"template":"","format":"standard","meta":{"jetpack_post_was_ever_published":false,"_jetpack_newsletter_access":"","_jetpack_dont_email_post_to_subs":false,"_jetpack_newsletter_tier_id":0,"_jetpack_memberships_contains_paywalled_content":false,"_jetpack_memberships_contains_paid_content":false,"footnotes":""},"categories":[8],"tags":[],"class_list":["post-286","post","type-post","status-publish","format-standard","hentry","category-deportes"],"jetpack_featured_media_url":"","jetpack_sharing_enabled":true,"_links":{"self":[{"href":"https:\/\/www.granadablogs.com\/pateandoelmundo\/wp-json\/wp\/v2\/posts\/286","targetHints":{"allow":["GET"]}}],"collection":[{"href":"https:\/\/www.granadablogs.com\/pateandoelmundo\/wp-json\/wp\/v2\/posts"}],"about":[{"href":"https:\/\/www.granadablogs.com\/pateandoelmundo\/wp-json\/wp\/v2\/types\/post"}],"author":[{"embeddable":true,"href":"https:\/\/www.granadablogs.com\/pateandoelmundo\/wp-json\/wp\/v2\/users\/1"}],"replies":[{"embeddable":true,"href":"https:\/\/www.granadablogs.com\/pateandoelmundo\/wp-json\/wp\/v2\/comments?post=286"}],"version-history":[{"count":0,"href":"https:\/\/www.granadablogs.com\/pateandoelmundo\/wp-json\/wp\/v2\/posts\/286\/revisions"}],"wp:attachment":[{"href":"https:\/\/www.granadablogs.com\/pateandoelmundo\/wp-json\/wp\/v2\/media?parent=286"}],"wp:term":[{"taxonomy":"category","embeddable":true,"href":"https:\/\/www.granadablogs.com\/pateandoelmundo\/wp-json\/wp\/v2\/categories?post=286"},{"taxonomy":"post_tag","embeddable":true,"href":"https:\/\/www.granadablogs.com\/pateandoelmundo\/wp-json\/wp\/v2\/tags?post=286"}],"curies":[{"name":"wp","href":"https:\/\/api.w.org\/{rel}","templated":true}]}}