{"id":285,"date":"2008-06-10T20:59:00","date_gmt":"2008-06-10T19:59:00","guid":{"rendered":"http:\/\/www.granadablogs.com\/pateandoelmundo\/?p=285"},"modified":"2008-06-10T20:59:00","modified_gmt":"2008-06-10T19:59:00","slug":"los-calcetines-rojos","status":"publish","type":"post","link":"https:\/\/www.granadablogs.com\/pateandoelmundo\/los-calcetines-rojos\/","title":{"rendered":"LOS CALCETINES ROJOS"},"content":{"rendered":"<table id=\"HB_Mail_Container\" height=\"100%\" cellspacing=\"0\" cellpadding=\"0\" width=\"100%\" border=\"0\" unselectable=\"on\">\n<tbody>\n<tr height=\"100%\" width=\"100%\" unselectable=\"on\">\n<td id=\"HB_Focus_Element\" valign=\"top\" width=\"100%\" background=\"\" height=\"250\" unselectable=\"off\">\n<div align=\"justify\">Hoy tengo puestos los calcetines rojos. Unos calcetines rojos. Gruesos. Grandes. Anchos. C\u00f3modos. Agradables. O, al menos, yo los siento as\u00ed. <\/div>\n<div align=\"justify\"><\/div>\n<p><img decoding=\"async\" id=\"BLOGGER_PHOTO_ID_5210345394218337762\" style=\"DISPLAY: block; MARGIN: 0px auto 10px; CURSOR: hand; TEXT-ALIGN: center\" alt=\"\" src=\"http:\/\/bp1.blogger.com\/_r6VY1mvj3jk\/SE7dh8t6BeI\/AAAAAAAACOs\/FMLJ6D-7_6o\/s400\/_0.jpg\" border=\"0\" \/> <\/p>\n<p align=\"justify\">Vestir los calcetines rojos es toda una declaraci\u00f3n de intenciones. Sacai ya lo sabe. Cuando me ve con ellos puestos, ya da por supuesto que no hay Mercadona, cine, ca\u00f1as o paseos que valgan. Porque cuando me pongo los calcetines rojos es que tengo intenci\u00f3n de atrincherarme en casa, con un buen pu\u00f1ado de horas \u201cproductivas\u201d por delante, y no pisar la calle.<\/p>\n<p>La vida que nos hemos impuesto parece obligarnos a estar todos los d\u00edas atendiendo compromisos, citas, reuniones, eventos, etc\u00e9tera. Cada vez somos menos due\u00f1os de nuestro tiempo. Y, por eso, de cuando en vez, a las tres de la tarde, o a las cinco, cuando vuelvo de correr, me pongo mis calcetines rojos. <\/p>\n<p align=\"justify\"><\/p>\n<p><img decoding=\"async\" id=\"BLOGGER_PHOTO_ID_5210345615020783282\" style=\"DISPLAY: block; MARGIN: 0px auto 10px; CURSOR: hand; TEXT-ALIGN: center\" alt=\"\" src=\"http:\/\/bp2.blogger.com\/_r6VY1mvj3jk\/SE7duzRT9rI\/AAAAAAAACPM\/Ts72rnUNerw\/s400\/_03.bmp\" border=\"0\" \/> <\/p>\n<p align=\"justify\">Porque esas horas van a ser m\u00edas y me las voy a administrar como me d\u00e9 la gana. Es un acto de \u00edntima rebeld\u00eda contra nosotros mismos y nuestra ansia por hacer cosas, ir a sitios, participar de actividades.<\/p>\n<p>En esta vida occidental nuestra, el tiempo es un lujo. Cu\u00e1ntas m\u00e1s horas diarias eres capaz de administrarte libremente, m\u00e1s rico eres. Y, en esa administraci\u00f3n del tiempo, hay una modalidad que adquiere una especial relevancia: el tiempo espont\u00e1neo. <\/p>\n<p align=\"justify\"><\/p>\n<p><img decoding=\"async\" id=\"BLOGGER_PHOTO_ID_5210345399885293074\" style=\"DISPLAY: block; MARGIN: 0px auto 10px; CURSOR: hand; TEXT-ALIGN: center\" alt=\"\" src=\"http:\/\/bp1.blogger.com\/_r6VY1mvj3jk\/SE7diR1A5hI\/AAAAAAAACPE\/ly49qn7af5Q\/s400\/_001.JPG\" border=\"0\" \/> <\/p>\n<p align=\"justify\">Porque quedar con los amigos para ir al cine o para echar unas canastas, por supuesto, es placentero, necesario, delicioso. Pero, a veces, tener un pu\u00f1ado de horas por delante para hacer lo que, literalmente, te de la gana; sin planes preconcebidos, provoca una relajaci\u00f3n mental y un bienestar espiritual que no tiene precio.<\/p>\n<p>Al final, por supuesto, terminamos invirtiendo el tiempo espont\u00e1neo en esas cosas que tanto nos gustan: leer, escribir, dormir, ver una peli, una serie&#8230; pero a tu aire. Sin horarios, sin dependencias, sin obligaciones.<\/p>\n<p>El cuerpo se relaja, disminuyen las pulsaciones y el tiempo transcurre m\u00e1s lentamente. Y, por eso, de cuando en vez, como esta tarde, me gusta estar tirado en casa, con los calcetines rojos puestos, sabiendo que nada ni nadie me esperan hasta las 8 am de ma\u00f1ana. \u00a1Un bot\u00edn de horas! \u00a1Un tesoro de tiempo! \u00a1Un placer inigualable! <\/p>\n<p align=\"justify\"><\/p>\n<p><img decoding=\"async\" id=\"BLOGGER_PHOTO_ID_5210345395673751826\" style=\"DISPLAY: block; MARGIN: 0px auto 10px; CURSOR: hand; TEXT-ALIGN: center\" alt=\"\" src=\"http:\/\/bp1.blogger.com\/_r6VY1mvj3jk\/SE7diCI54RI\/AAAAAAAACO8\/1cACjgl6UEU\/s400\/_027.jpg\" border=\"0\" \/> <\/p>\n<p align=\"justify\">Y, por eso, la frustraci\u00f3n del pasado domingo, que contamos en <a href=\"http:\/\/pateando-el-mundo.blogspot.com\/2008\/06\/no-es-bueno-que-hombre-est-solo.html\"><span style=\"color:#ff0000;\"><strong>\u201cNo es bueno que el hombre est\u00e9 solo\u201d.<\/strong><\/span><\/a><\/p>\n<p>Jes\u00fas Lens, hoy, gnomo colorao. <\/p>\n<\/td>\n<\/tr>\n<tr unselectable=\"on\" hb_tag=\"1\">\n<td style=\"FONT-SIZE: 1pt\" height=\"1\" unselectable=\"on\">\n<div id=\"hotbar_promo\"><\/div>\n<\/td>\n<\/tr>\n<\/tbody>\n<\/table>\n<p>Etiquetas: <a href=\"http:\/\/bitacoras.com\/canales\/banco+de+tiempo\" rel=\"tag\">banco de tiempo<\/a>, <a href=\"http:\/\/bitacoras.com\/canales\/tiempo\" rel=\"tag\">tiempo<\/a>, <a href=\"http:\/\/bitacoras.com\/canales\/calcetines+rojos\" rel=\"tag\">calcetines rojos<\/a>, <a href=\"http:\/\/bitacoras.com\/canales\/tiempo+espont\u00e1neo\" rel=\"tag\">tiempo espont\u00e1neo<\/a><\/p>\n","protected":false},"excerpt":{"rendered":"<p>Hoy tengo puestos los calcetines rojos. Unos calcetines rojos. Gruesos. Grandes. Anchos. C\u00f3modos. Agradables. O, al menos, yo los siento as\u00ed. Vestir los calcetines rojos es toda una declaraci\u00f3n de intenciones. Sacai ya lo sabe. Cuando me ve con ellos puestos, ya da por supuesto que no hay Mercadona, cine, ca\u00f1as o paseos que valgan. [&hellip;]<\/p>\n","protected":false},"author":1,"featured_media":0,"comment_status":"open","ping_status":"open","sticky":false,"template":"","format":"standard","meta":{"jetpack_post_was_ever_published":false,"_jetpack_newsletter_access":"","_jetpack_dont_email_post_to_subs":false,"_jetpack_newsletter_tier_id":0,"_jetpack_memberships_contains_paywalled_content":false,"_jetpack_memberships_contains_paid_content":false,"footnotes":""},"categories":[3],"tags":[],"class_list":["post-285","post","type-post","status-publish","format-standard","hentry","category-miscelanea"],"jetpack_featured_media_url":"","jetpack_sharing_enabled":true,"_links":{"self":[{"href":"https:\/\/www.granadablogs.com\/pateandoelmundo\/wp-json\/wp\/v2\/posts\/285","targetHints":{"allow":["GET"]}}],"collection":[{"href":"https:\/\/www.granadablogs.com\/pateandoelmundo\/wp-json\/wp\/v2\/posts"}],"about":[{"href":"https:\/\/www.granadablogs.com\/pateandoelmundo\/wp-json\/wp\/v2\/types\/post"}],"author":[{"embeddable":true,"href":"https:\/\/www.granadablogs.com\/pateandoelmundo\/wp-json\/wp\/v2\/users\/1"}],"replies":[{"embeddable":true,"href":"https:\/\/www.granadablogs.com\/pateandoelmundo\/wp-json\/wp\/v2\/comments?post=285"}],"version-history":[{"count":0,"href":"https:\/\/www.granadablogs.com\/pateandoelmundo\/wp-json\/wp\/v2\/posts\/285\/revisions"}],"wp:attachment":[{"href":"https:\/\/www.granadablogs.com\/pateandoelmundo\/wp-json\/wp\/v2\/media?parent=285"}],"wp:term":[{"taxonomy":"category","embeddable":true,"href":"https:\/\/www.granadablogs.com\/pateandoelmundo\/wp-json\/wp\/v2\/categories?post=285"},{"taxonomy":"post_tag","embeddable":true,"href":"https:\/\/www.granadablogs.com\/pateandoelmundo\/wp-json\/wp\/v2\/tags?post=285"}],"curies":[{"name":"wp","href":"https:\/\/api.w.org\/{rel}","templated":true}]}}