{"id":28456,"date":"2020-01-07T10:30:35","date_gmt":"2020-01-07T09:30:35","guid":{"rendered":"https:\/\/www.granadablogs.com\/pateandoelmundo\/?p=28456"},"modified":"2020-01-07T10:30:35","modified_gmt":"2020-01-07T09:30:35","slug":"hoy-comienza-el-2020","status":"publish","type":"post","link":"https:\/\/www.granadablogs.com\/pateandoelmundo\/hoy-comienza-el-2020\/","title":{"rendered":"Hoy comienza el 2020"},"content":{"rendered":"<p>En realidad, el 2020 comienza hoy. Al de verdad, me refiero. Al aut\u00e9ntico y real a\u00f1o dos-mil-veinte, que a la RAE le sale sarpullido cuando nos escucha decir el acomodaticio y facil\u00f3n \u2018veinte, veinte\u2019. No quiero imaginar lo que habr\u00e1n pensado los acad\u00e9micos al escuchar a Brad Pitt llamar \u2018Eledec\u00e9\u2019 a su compa\u00f1ero Leonardo DiCaprio cuando recogi\u00f3 su flamante y merecido Globo de Oro.<\/p>\n<p><a href=\"https:\/\/www.granadablogs.com\/pateandoelmundo\/hoy-comienza-el-2020\/attachment\/2020\/\" rel=\"attachment wp-att-28457\"><img loading=\"lazy\" decoding=\"async\" class=\"aligncenter size-medium wp-image-28457\" src=\"https:\/\/www.granadablogs.com\/pateandoelmundo\/wp-content\/uploads\/2020\/01\/2020-300x169.jpg\" alt=\"\" width=\"300\" height=\"169\" srcset=\"https:\/\/www.granadablogs.com\/pateandoelmundo\/wp-content\/uploads\/2020\/01\/2020-300x169.jpg 300w, https:\/\/www.granadablogs.com\/pateandoelmundo\/wp-content\/uploads\/2020\/01\/2020.jpg 640w\" sizes=\"auto, (max-width: 300px) 100vw, 300px\" \/><\/a><\/p>\n<p>\u00bfEs el lenguaje cada vez m\u00e1s reduccionista, abusando de los acr\u00f3nimos y de las iniciales? Por no hablar de los emojis, palabra del a\u00f1o para la Fund\u00e9u. Ser\u00e1 por eso que al cabeza visible de Vox en el Ayuntamiento de Granada, el alcalde le llame cari\u00f1osamente por el nombre de una compa\u00f1\u00eda de telefon\u00eda m\u00f3vil.<\/p>\n<p>Dec\u00edamos que el 2020 empieza hoy, en realidad. Hoy es el primer d\u00eda aut\u00e9nticamente laborable del a\u00f1o para miles de trabajadores y, adem\u00e1s, hoy deber\u00edamos tener gobierno. Si no se produce ning\u00fan bochornoso tamayazo, claro.<\/p>\n<p>Pensar en todo un a\u00f1o sin elecciones se me antoja extra\u00f1o. Sin campa\u00f1as ni debates electorales. Sin promesas m\u00e1s falsas que la falsa moneda. \u00bfSin mociones de censura? Eso todav\u00eda estar por ver. Comienza un nuevo ejercicio que se prev\u00e9 tenso y complicado, a todos los niveles, con Trump agitando el avispero de Oriente Medio y Pedro S\u00e1nchez convertido en el presidente surgido de la fant\u00e1stica imaginaci\u00f3n de Mary Shelley, seg\u00fan los comentaristas m\u00e1s aficionados al g\u00f3tico tremendista.<\/p>\n<p>En Andaluc\u00eda, el gobierno del \u00bfcambio? cumple un a\u00f1o en San Telmo, estrena sus propios presupuestos y empieza a no valerle el mantra de la herencia recibida. El pifostio de la Sanidad resulta cada d\u00eda m\u00e1s inmanejable y en Educaci\u00f3n tambi\u00e9n hay marejada tendiendo a fuerte marejada.<\/p>\n<p><a href=\"https:\/\/www.granadablogs.com\/pateandoelmundo\/hoy-comienza-el-2020\/2020-granada-sin-campanadas\/\" rel=\"attachment wp-att-28458\"><img loading=\"lazy\" decoding=\"async\" class=\"aligncenter size-medium wp-image-28458\" src=\"https:\/\/www.granadablogs.com\/pateandoelmundo\/wp-content\/uploads\/2020\/01\/2020-Granada-sin-campanadas--300x185.jpg\" alt=\"\" width=\"300\" height=\"185\" srcset=\"https:\/\/www.granadablogs.com\/pateandoelmundo\/wp-content\/uploads\/2020\/01\/2020-Granada-sin-campanadas--300x185.jpg 300w, https:\/\/www.granadablogs.com\/pateandoelmundo\/wp-content\/uploads\/2020\/01\/2020-Granada-sin-campanadas-.jpg 624w\" sizes=\"auto, (max-width: 300px) 100vw, 300px\" \/><\/a><\/p>\n<p>Y nos queda Granada, donde el doble fiasco de las campanadas, las de la Plaza del Carmen y las de la Torre de la Vela, no son el mejor augurio. Los optimistas dir\u00e1n que, desde entonces, todo ha ido bien, al margen de algunos\u00a0 rocambolescos atracos y varios empotramientos de coches. Que lo mejor de los malos comienzos es que la cosa s\u00f3lo puede remontar. Toquemos madera.<\/p>\n<p>Jes\u00fas Lens<\/p>\n<p><a href=\"https:\/\/twitter.com\/Jesus_Lens\" target=\"_blank\" rel=\"attachment noopener wp-att-27689\"><img loading=\"lazy\" decoding=\"async\" class=\"size-full wp-image-27689 alignleft\" src=\"https:\/\/www.granadablogs.com\/pateandoelmundo\/wp-content\/uploads\/2019\/09\/0Twitter.jpg\" alt=\"\" width=\"196\" height=\"47\" \/><\/a><\/p>\n","protected":false},"excerpt":{"rendered":"<p>En realidad, el 2020 comienza hoy. Al de verdad, me refiero. Al aut\u00e9ntico y real a\u00f1o dos-mil-veinte, que a la RAE le sale sarpullido cuando nos escucha decir el acomodaticio y facil\u00f3n \u2018veinte, veinte\u2019. No quiero imaginar lo que habr\u00e1n pensado los acad\u00e9micos al escuchar a Brad Pitt llamar \u2018Eledec\u00e9\u2019 a su compa\u00f1ero Leonardo DiCaprio [&hellip;]<\/p>\n","protected":false},"author":1,"featured_media":0,"comment_status":"open","ping_status":"open","sticky":false,"template":"","format":"standard","meta":{"jetpack_post_was_ever_published":false,"_jetpack_newsletter_access":"","_jetpack_dont_email_post_to_subs":false,"_jetpack_newsletter_tier_id":0,"_jetpack_memberships_contains_paywalled_content":false,"_jetpack_memberships_contains_paid_content":false,"footnotes":""},"categories":[6],"tags":[18663,18662,18665,18666,18664],"class_list":["post-28456","post","type-post","status-publish","format-standard","hentry","category-opinion","tag-18663","tag-2020-comienza-hoy","tag-dos-mil-veinte","tag-granada-sin-campanadas","tag-veinte-veinte"],"jetpack_featured_media_url":"","jetpack_sharing_enabled":true,"_links":{"self":[{"href":"https:\/\/www.granadablogs.com\/pateandoelmundo\/wp-json\/wp\/v2\/posts\/28456","targetHints":{"allow":["GET"]}}],"collection":[{"href":"https:\/\/www.granadablogs.com\/pateandoelmundo\/wp-json\/wp\/v2\/posts"}],"about":[{"href":"https:\/\/www.granadablogs.com\/pateandoelmundo\/wp-json\/wp\/v2\/types\/post"}],"author":[{"embeddable":true,"href":"https:\/\/www.granadablogs.com\/pateandoelmundo\/wp-json\/wp\/v2\/users\/1"}],"replies":[{"embeddable":true,"href":"https:\/\/www.granadablogs.com\/pateandoelmundo\/wp-json\/wp\/v2\/comments?post=28456"}],"version-history":[{"count":2,"href":"https:\/\/www.granadablogs.com\/pateandoelmundo\/wp-json\/wp\/v2\/posts\/28456\/revisions"}],"predecessor-version":[{"id":28460,"href":"https:\/\/www.granadablogs.com\/pateandoelmundo\/wp-json\/wp\/v2\/posts\/28456\/revisions\/28460"}],"wp:attachment":[{"href":"https:\/\/www.granadablogs.com\/pateandoelmundo\/wp-json\/wp\/v2\/media?parent=28456"}],"wp:term":[{"taxonomy":"category","embeddable":true,"href":"https:\/\/www.granadablogs.com\/pateandoelmundo\/wp-json\/wp\/v2\/categories?post=28456"},{"taxonomy":"post_tag","embeddable":true,"href":"https:\/\/www.granadablogs.com\/pateandoelmundo\/wp-json\/wp\/v2\/tags?post=28456"}],"curies":[{"name":"wp","href":"https:\/\/api.w.org\/{rel}","templated":true}]}}