{"id":28446,"date":"2020-01-02T20:28:14","date_gmt":"2020-01-02T19:28:14","guid":{"rendered":"https:\/\/www.granadablogs.com\/pateandoelmundo\/?p=28446"},"modified":"2020-01-05T20:37:05","modified_gmt":"2020-01-05T19:37:05","slug":"balance-del-ano-negro-y-criminal","status":"publish","type":"post","link":"https:\/\/www.granadablogs.com\/pateandoelmundo\/balance-del-ano-negro-y-criminal\/","title":{"rendered":"Balance del a\u00f1o negro y criminal"},"content":{"rendered":"<p>Terminado otro a\u00f1o y a la espera de ir comprobando qu\u00e9 nos deparar\u00e1 este 2020, es buen momento para hacer repaso a la feraz cosecha noir que nos dej\u00f3 un 2019 con grandes momentos, tanto literarios como cinematogr\u00e1ficos.<\/p>\n<p><a href=\"https:\/\/www.granadablogs.com\/pateandoelmundo\/balance-del-ano-negro-y-criminal\/balance-del-ano-negro-y-criminal\/\" rel=\"attachment wp-att-28447\"><img loading=\"lazy\" decoding=\"async\" class=\"aligncenter size-medium wp-image-28447\" src=\"https:\/\/www.granadablogs.com\/pateandoelmundo\/wp-content\/uploads\/2020\/01\/Balance-del-a\u00f1o-negro-y-criminal-297x300.jpg\" alt=\"\" width=\"297\" height=\"300\" srcset=\"https:\/\/www.granadablogs.com\/pateandoelmundo\/wp-content\/uploads\/2020\/01\/Balance-del-a\u00f1o-negro-y-criminal-297x300.jpg 297w, https:\/\/www.granadablogs.com\/pateandoelmundo\/wp-content\/uploads\/2020\/01\/Balance-del-a\u00f1o-negro-y-criminal-768x777.jpg 768w, https:\/\/www.granadablogs.com\/pateandoelmundo\/wp-content\/uploads\/2020\/01\/Balance-del-a\u00f1o-negro-y-criminal-644x652.jpg 644w, https:\/\/www.granadablogs.com\/pateandoelmundo\/wp-content\/uploads\/2020\/01\/Balance-del-a\u00f1o-negro-y-criminal.jpg 1536w\" sizes=\"auto, (max-width: 297px) 100vw, 297px\" \/><\/a><\/p>\n<p>Comencemos recordando que hemos tenido el privilegio de asistir al renacimiento de Pepe Carvalho, uno de los personajes fundacionales del polic\u00edaco espa\u00f1ol. De manos de Carlos Zan\u00f3n, disfrutamos de la vuelta a la vida del m\u00edtico detective y de sus garbeos por el Madrid y la Barcelona contempor\u00e1neos, tanta tensi\u00f3n, tanta distancia, tanta separaci\u00f3n. Y otro esperado retorno: el de Domingo Villar y su inspector Leo Caldas, extraordinario.<\/p>\n<p><a href=\"https:\/\/www.granadablogs.com\/pateandoelmundo\/balance-del-ano-negro-y-criminal\/balance-domingo-villar\/\" rel=\"attachment wp-att-28448\"><img loading=\"lazy\" decoding=\"async\" class=\"aligncenter size-medium wp-image-28448\" src=\"https:\/\/www.granadablogs.com\/pateandoelmundo\/wp-content\/uploads\/2020\/01\/Balance-Domingo-Villar-300x185.jpg\" alt=\"\" width=\"300\" height=\"185\" srcset=\"https:\/\/www.granadablogs.com\/pateandoelmundo\/wp-content\/uploads\/2020\/01\/Balance-Domingo-Villar-300x185.jpg 300w, https:\/\/www.granadablogs.com\/pateandoelmundo\/wp-content\/uploads\/2020\/01\/Balance-Domingo-Villar.jpg 624w\" sizes=\"auto, (max-width: 300px) 100vw, 300px\" \/><\/a><\/p>\n<p>Dos de las mejoras novelas negras espa\u00f1olas del a\u00f1o se centraron en la problem\u00e1tica de las personas que viven en las calles, en las que nadie se fija y cuya suerte trae sin cuidado a una inmensa mayor\u00eda. \u2018El desfile de los malditos\u2019, de nuestro querido y llorado Antonio Lozano; e \u2018Invisibles\u2019, de Graziella Moreno, quien tambi\u00e9n puso el acento en la gente con problemas psiqui\u00e1tricos. Ambas novelas est\u00e1n publicadas por Alrev\u00e9s, un a\u00f1o m\u00e1s, la editorial que m\u00e1s y mejor noir espa\u00f1ol ha publicado.<\/p>\n<p>Mucha de la gente que vive en cajeros autom\u00e1ticos o bajo las marquesinas de los autobuses adolecen de trastornos mentales que les impiden llevar una vida normalizada. O lo que habitualmente se entiende como tal. Graziella Moreno, en una novela rebosante de la mejor literatura y repleta de poderosas im\u00e1genes, nos pone en su piel.<\/p>\n<p><a href=\"https:\/\/www.granadablogs.com\/pateandoelmundo\/balance-del-ano-negro-y-criminal\/balance-graziella\/\" rel=\"attachment wp-att-28449\"><img loading=\"lazy\" decoding=\"async\" class=\"aligncenter size-medium wp-image-28449\" src=\"https:\/\/www.granadablogs.com\/pateandoelmundo\/wp-content\/uploads\/2020\/01\/Balance-Graziella-196x300.jpg\" alt=\"\" width=\"196\" height=\"300\" srcset=\"https:\/\/www.granadablogs.com\/pateandoelmundo\/wp-content\/uploads\/2020\/01\/Balance-Graziella-196x300.jpg 196w, https:\/\/www.granadablogs.com\/pateandoelmundo\/wp-content\/uploads\/2020\/01\/Balance-Graziella.jpg 290w\" sizes=\"auto, (max-width: 196px) 100vw, 196px\" \/><\/a><\/p>\n<p>He le\u00eddo muchas m\u00e1s novelas espa\u00f1olas que extranjeras. Es lo que tiene organizar un festival como Granada Noir: exige estar al cabo de la calle de lo que se publica en nuestro pa\u00eds para ofrecer al p\u00fablico la mejor selecci\u00f3n posible de autoras y autores. En este sentido, debo destacar la excelente n\u00f3mina de periodistas que, adem\u00e1s, han publicado novelas este a\u00f1o: Marta Robles, Berna Gonz\u00e1lez Harbour, Tom\u00e1s B\u00e1rbulo, Jer\u00f3nimo Andreu o \u00cd\u00f1igo Dominguez.<\/p>\n<p>Tambi\u00e9n le\u00edmos, de forma compulsiva, \u2018El c\u00e1rtel\u2019. El portentoso cierre de la Trilog\u00eda del Narco que nos regal\u00f3 Don Winslow es pura adrenalina. Y descubrimos al autor galo Marin Ledun, cuyas novelas son una excelente radiograf\u00eda de la Francia contempor\u00e1nea. Y un pedazo de sorpresa: \u2018Carreteras de oto\u00f1o\u2019, de Lou Berney.<\/p>\n<p><a href=\"https:\/\/www.granadablogs.com\/pateandoelmundo\/balance-del-ano-negro-y-criminal\/balance-el-cartel\/\" rel=\"attachment wp-att-28450\"><img loading=\"lazy\" decoding=\"async\" class=\"aligncenter size-medium wp-image-28450\" src=\"https:\/\/www.granadablogs.com\/pateandoelmundo\/wp-content\/uploads\/2020\/01\/Balance-el-c\u00e1rtel-201x300.jpg\" alt=\"\" width=\"201\" height=\"300\" srcset=\"https:\/\/www.granadablogs.com\/pateandoelmundo\/wp-content\/uploads\/2020\/01\/Balance-el-c\u00e1rtel-201x300.jpg 201w, https:\/\/www.granadablogs.com\/pateandoelmundo\/wp-content\/uploads\/2020\/01\/Balance-el-c\u00e1rtel-768x1147.jpg 768w, https:\/\/www.granadablogs.com\/pateandoelmundo\/wp-content\/uploads\/2020\/01\/Balance-el-c\u00e1rtel-644x962.jpg 644w, https:\/\/www.granadablogs.com\/pateandoelmundo\/wp-content\/uploads\/2020\/01\/Balance-el-c\u00e1rtel.jpg 1883w\" sizes=\"auto, (max-width: 201px) 100vw, 201px\" \/><\/a><\/p>\n<p>En el mundo del c\u00f3mic y a la espera de la vuelta de \u2018Blacksad\u2019, cuyos creadores fueron galardonados con el V Premio Granada Noir, alucinamos con la picaresca que preside \u2018El Busc\u00f3n en las Indias\u2019, de Juanjo Guarnido y Alain Ayroles. La granadina Bel\u00e9n Ortega cerr\u00f3 su trilog\u00eda dedicada a la saga Millenium y nos hemos hartado \u2014que no cansado\u2014 de leer historias del Joker, el perturbado m\u00e1s noir de los supervillanos, impulsado por el \u00e9xito de la pel\u00edcula interpretada por Joaquim Phoenix. Ojo, tambi\u00e9n, a las adaptaciones al mundo de la vi\u00f1eta que Hern\u00e1n Migoya y Bartolom\u00e9 Segu\u00ed est\u00e1n haciendo de las primeras novelas de Carvalho.<\/p>\n<p>Cinematogr\u00e1ficamente, y al margen de otros estrenos, hay que destacar \u2018El Camino\u2019, la vuelta de Vince Gilligan al universo expandido de \u2018Breaking Bad\u2019, un pelicul\u00f3n en el que conoceremos el destino \u00bffinal? de Jesse Pinkman y, sobre todo, ese monumento f\u00edlmico, ese legado inconmensurable que es \u2018El irland\u00e9s\u2019.<\/p>\n<p>Resulta parad\u00f3jico que, en el siglo de las series y cuando se ha hecho popular pegarse atracones \u2014maratones, les llaman\u2014 de varios cap\u00edtulos seguidos, una de las pegas que se le ha puesto a la magna obra de Martin Scorsese es que sea \u2018demasiado larga\u2019. Otras cr\u00edticas se\u00f1alan que los venerables ancianos que protagonizan \u2018El irland\u00e9s\u2019 no resultan cre\u00edbles. Que son demasiado mayores para pegar palizas. Espero que los sustentadores de esta tesis no crean que John Wayne era una m\u00e1quina de matar indios, dotado de una proverbial punter\u00eda, o que los diminutos James Cagney y Humphrey Bogart eran, de verdad, unos malotes de tomo y lomo.<\/p>\n<p><a href=\"https:\/\/www.granadablogs.com\/pateandoelmundo\/balance-del-ano-negro-y-criminal\/balance-el-irlandes\/\" rel=\"attachment wp-att-28451\"><img loading=\"lazy\" decoding=\"async\" class=\"aligncenter size-medium wp-image-28451\" src=\"https:\/\/www.granadablogs.com\/pateandoelmundo\/wp-content\/uploads\/2020\/01\/Balance-El-Irland\u00e9s-205x300.jpg\" alt=\"\" width=\"205\" height=\"300\" srcset=\"https:\/\/www.granadablogs.com\/pateandoelmundo\/wp-content\/uploads\/2020\/01\/Balance-El-Irland\u00e9s-205x300.jpg 205w, https:\/\/www.granadablogs.com\/pateandoelmundo\/wp-content\/uploads\/2020\/01\/Balance-El-Irland\u00e9s-768x1125.jpg 768w, https:\/\/www.granadablogs.com\/pateandoelmundo\/wp-content\/uploads\/2020\/01\/Balance-El-Irland\u00e9s-644x944.jpg 644w, https:\/\/www.granadablogs.com\/pateandoelmundo\/wp-content\/uploads\/2020\/01\/Balance-El-Irland\u00e9s.jpg 819w\" sizes=\"auto, (max-width: 205px) 100vw, 205px\" \/><\/a><\/p>\n<p>\u2018El irland\u00e9s\u2019 es una pel\u00edcula tot\u00e9mica que juega con todo lo que ya hemos visto en el cine de Scorsese. El que sus protagonistas sean Pesci y De Niro no es gratuito. Ni casual. Las palizas, los asesinatos, la brutalidad\u2026 todo eso ya estaba en \u2018Uno de los nuestros\u2019 y \u2018Casino\u2019. Ahora, lo que toca es reflexionar sobre el paso \u2014y el peso\u2014 del tiempo. Sobre los estragos de la edad. Sobre las consecuencias de haber dedicado la vida a ejercer la violencia. Una reflexi\u00f3n sobre los c\u00f3digos de la lealtad y la servidumbre. Y a d\u00f3nde conducen.<\/p>\n<p>Termino este repaso a algunos de los destellos del 2019 con V\u00edctor del \u00c1rbol, cuya novela \u2018Antes de los a\u00f1os terribles\u2019 nos conmovi\u00f3 hasta las entra\u00f1as, contando la tragedia de los ni\u00f1os soldado de \u00c1frica; y con Rosa Montero y su inaudita trilog\u00eda sobre la replicante Bruna Husky.<\/p>\n<p><a href=\"https:\/\/www.granadablogs.com\/pateandoelmundo\/balance-del-ano-negro-y-criminal\/balance-rosa-montero\/\" rel=\"attachment wp-att-28452\"><img loading=\"lazy\" decoding=\"async\" class=\"aligncenter size-medium wp-image-28452\" src=\"https:\/\/www.granadablogs.com\/pateandoelmundo\/wp-content\/uploads\/2020\/01\/Balance-rosa-montero-176x300.jpg\" alt=\"\" width=\"176\" height=\"300\" srcset=\"https:\/\/www.granadablogs.com\/pateandoelmundo\/wp-content\/uploads\/2020\/01\/Balance-rosa-montero-176x300.jpg 176w, https:\/\/www.granadablogs.com\/pateandoelmundo\/wp-content\/uploads\/2020\/01\/Balance-rosa-montero.jpg 251w\" sizes=\"auto, (max-width: 176px) 100vw, 176px\" \/><\/a><\/p>\n<p>Porque ambos van a estar en Granada pr\u00f3ximamente, participando en la segunda edici\u00f3n de Gravite que, patrocinado por Bankia, abrir\u00e1 la temporada cultural-festivalera en nuestra tierra. Novelas de tinte polic\u00edaco que nos permiten viajar en el tiempo y sumergirnos en universos literarios y cinematogr\u00e1ficos s\u00f3lo aparentemente lejanos y alejados.<\/p>\n<p>Jes\u00fas Lens<\/p>\n<p><a href=\"https:\/\/twitter.com\/Jesus_Lens\" target=\"_blank\" rel=\"attachment noopener wp-att-27689\"><img loading=\"lazy\" decoding=\"async\" class=\"size-full wp-image-27689 alignleft\" src=\"https:\/\/www.granadablogs.com\/pateandoelmundo\/wp-content\/uploads\/2019\/09\/0Twitter.jpg\" alt=\"\" width=\"196\" height=\"47\" \/><\/a><\/p>\n","protected":false},"excerpt":{"rendered":"<p>Terminado otro a\u00f1o y a la espera de ir comprobando qu\u00e9 nos deparar\u00e1 este 2020, es buen momento para hacer repaso a la feraz cosecha noir que nos dej\u00f3 un 2019 con grandes momentos, tanto literarios como cinematogr\u00e1ficos. Comencemos recordando que hemos tenido el privilegio de asistir al renacimiento de Pepe Carvalho, uno de los [&hellip;]<\/p>\n","protected":false},"author":1,"featured_media":0,"comment_status":"open","ping_status":"open","sticky":false,"template":"","format":"standard","meta":{"jetpack_post_was_ever_published":false,"_jetpack_newsletter_access":"","_jetpack_dont_email_post_to_subs":false,"_jetpack_newsletter_tier_id":0,"_jetpack_memberships_contains_paywalled_content":false,"_jetpack_memberships_contains_paid_content":false,"footnotes":""},"categories":[11144,16444,11774],"tags":[18658,18660,18659,16294,18661,18103],"class_list":["post-28446","post","type-post","status-publish","format-standard","hentry","category-granada-noir","category-gravite","category-rincon-oscuro","tag-balance-negro-y-criminal-2019","tag-granada-noir-6","tag-gravite-festival","tag-graziella-moreno","tag-programa-gravite-2","tag-rosa-montero"],"jetpack_featured_media_url":"","jetpack_sharing_enabled":true,"_links":{"self":[{"href":"https:\/\/www.granadablogs.com\/pateandoelmundo\/wp-json\/wp\/v2\/posts\/28446","targetHints":{"allow":["GET"]}}],"collection":[{"href":"https:\/\/www.granadablogs.com\/pateandoelmundo\/wp-json\/wp\/v2\/posts"}],"about":[{"href":"https:\/\/www.granadablogs.com\/pateandoelmundo\/wp-json\/wp\/v2\/types\/post"}],"author":[{"embeddable":true,"href":"https:\/\/www.granadablogs.com\/pateandoelmundo\/wp-json\/wp\/v2\/users\/1"}],"replies":[{"embeddable":true,"href":"https:\/\/www.granadablogs.com\/pateandoelmundo\/wp-json\/wp\/v2\/comments?post=28446"}],"version-history":[{"count":2,"href":"https:\/\/www.granadablogs.com\/pateandoelmundo\/wp-json\/wp\/v2\/posts\/28446\/revisions"}],"predecessor-version":[{"id":28454,"href":"https:\/\/www.granadablogs.com\/pateandoelmundo\/wp-json\/wp\/v2\/posts\/28446\/revisions\/28454"}],"wp:attachment":[{"href":"https:\/\/www.granadablogs.com\/pateandoelmundo\/wp-json\/wp\/v2\/media?parent=28446"}],"wp:term":[{"taxonomy":"category","embeddable":true,"href":"https:\/\/www.granadablogs.com\/pateandoelmundo\/wp-json\/wp\/v2\/categories?post=28446"},{"taxonomy":"post_tag","embeddable":true,"href":"https:\/\/www.granadablogs.com\/pateandoelmundo\/wp-json\/wp\/v2\/tags?post=28446"}],"curies":[{"name":"wp","href":"https:\/\/api.w.org\/{rel}","templated":true}]}}