{"id":28364,"date":"2019-12-20T10:21:06","date_gmt":"2019-12-20T09:21:06","guid":{"rendered":"https:\/\/www.granadablogs.com\/pateandoelmundo\/?p=28364"},"modified":"2019-12-20T10:21:07","modified_gmt":"2019-12-20T09:21:07","slug":"denuncia-a-un-profesor","status":"publish","type":"post","link":"https:\/\/www.granadablogs.com\/pateandoelmundo\/denuncia-a-un-profesor\/","title":{"rendered":"Denuncia a un profesor"},"content":{"rendered":"<p>Ayer jueves impart\u00eda mi \u00faltima clase del trimestre a los alumnos de 4\u00ba de Pr\u00e1ctica Period\u00edstica de ESCO. Les insist\u00ed en uno de mis temas favoritos: la importancia del lenguaje. El valor de las palabras. Porque ni el lenguaje ni las palabras son neutros o inocentes.<\/p>\n<p><a href=\"https:\/\/www.granadablogs.com\/pateandoelmundo\/denuncia-a-un-profesor\/sin-palabras\/\" rel=\"attachment wp-att-28365\"><img loading=\"lazy\" decoding=\"async\" class=\"aligncenter size-medium wp-image-28365\" src=\"https:\/\/www.granadablogs.com\/pateandoelmundo\/wp-content\/uploads\/2019\/12\/Sin-palabras-270x300.jpg\" alt=\"\" width=\"270\" height=\"300\" srcset=\"https:\/\/www.granadablogs.com\/pateandoelmundo\/wp-content\/uploads\/2019\/12\/Sin-palabras-270x300.jpg 270w, https:\/\/www.granadablogs.com\/pateandoelmundo\/wp-content\/uploads\/2019\/12\/Sin-palabras-768x852.jpg 768w, https:\/\/www.granadablogs.com\/pateandoelmundo\/wp-content\/uploads\/2019\/12\/Sin-palabras-644x715.jpg 644w, https:\/\/www.granadablogs.com\/pateandoelmundo\/wp-content\/uploads\/2019\/12\/Sin-palabras.jpg 1960w\" sizes=\"auto, (max-width: 270px) 100vw, 270px\" \/><\/a><\/p>\n<p>Tomemos como ejemplo una expresi\u00f3n como \u2018pin parental\u2019. As\u00ed a botepronto, no suena mal: dada la cantidad de amenazas que acechan a los menores en el entorno digital, que los padres tengan un control sobre lo que ven, c\u00f3mo, cu\u00e1ndo y d\u00f3nde; no parece una mala idea.<\/p>\n<p>Sin embargo, cuando lo de \u2018pin parental\u2019 se aplica a los contenidos lectivos que el alumnado recibe en un aula, la cosa cambia de medio a medio. Que unos padres puedan decidir qu\u00e9 puede o qu\u00e9 no puede explicar un profesor me parece algo terrible y aterrador.<\/p>\n<p>Lo de Baena, por ejemplo, con un profesor denunciado y prestando declaraci\u00f3n en un juzgado por proyectar un v\u00eddeo sobre Ana Orantes en una actividad escolar para concienciar contra la violencia machista. A la Junta le honra su apoyo al profesor, pero no podemos olvidar que PP y Cs gobiernan en Andaluc\u00eda con el apoyo de la ultraderecha que cuestiona esa modalidad de violencia contra las mujeres.<\/p>\n<p><a href=\"https:\/\/www.granadablogs.com\/pateandoelmundo\/denuncia-a-un-profesor\/ana-orantes\/\" rel=\"attachment wp-att-28366\"><img loading=\"lazy\" decoding=\"async\" class=\"aligncenter size-medium wp-image-28366\" src=\"https:\/\/www.granadablogs.com\/pateandoelmundo\/wp-content\/uploads\/2019\/12\/Ana-Orantes-300x185.jpg\" alt=\"\" width=\"300\" height=\"185\" srcset=\"https:\/\/www.granadablogs.com\/pateandoelmundo\/wp-content\/uploads\/2019\/12\/Ana-Orantes-300x185.jpg 300w, https:\/\/www.granadablogs.com\/pateandoelmundo\/wp-content\/uploads\/2019\/12\/Ana-Orantes.jpg 624w\" sizes=\"auto, (max-width: 300px) 100vw, 300px\" \/><\/a><\/p>\n<p>Ayer tambi\u00e9n le\u00edamos que se ha detectado un importante incremento de la violencia machista entre menores. Seg\u00fan datos del Observatorio contra la Violencia de G\u00e9nero, se ha producido un incremento generalizado en denuncias interpuestas, medidas cautelares dictadas y condenas a maltratadores y que, en concreto, destacan las cifras relativas a menores.<\/p>\n<p>Ante una informaci\u00f3n as\u00ed podemos hacer dos cosas: cuestionar los datos, la metodolog\u00eda del informe y\/o la legitimidad del referido Observatorio o preocuparnos seriamente sobre el tema y trabajar en la consecuci\u00f3n de medidas efectivas que contribuyan a revertir la situaci\u00f3n.<\/p>\n<p>En este sentido, el trabajo en centros escolares es b\u00e1sico. Y resulta intolerable que, ampar\u00e1ndose en una expresi\u00f3n tan aparentemente inocua como \u2018pin parental\u2019, los sectores m\u00e1s reaccionarios de la sociedad se sientan legitimados para cuestionar los contenidos que se ense\u00f1an en colegios e institutos. Sobre el #Spexit hablamos otro d\u00eda.<\/p>\n<p>Jes\u00fas Lens<\/p>\n<p><a href=\"https:\/\/twitter.com\/Jesus_Lens\" target=\"_blank\" rel=\"attachment noopener wp-att-27689\"><img loading=\"lazy\" decoding=\"async\" class=\"size-full wp-image-27689 alignleft\" src=\"https:\/\/www.granadablogs.com\/pateandoelmundo\/wp-content\/uploads\/2019\/09\/0Twitter.jpg\" alt=\"\" width=\"196\" height=\"47\" \/><\/a><\/p>\n","protected":false},"excerpt":{"rendered":"<p>Ayer jueves impart\u00eda mi \u00faltima clase del trimestre a los alumnos de 4\u00ba de Pr\u00e1ctica Period\u00edstica de ESCO. Les insist\u00ed en uno de mis temas favoritos: la importancia del lenguaje. El valor de las palabras. Porque ni el lenguaje ni las palabras son neutros o inocentes. Tomemos como ejemplo una expresi\u00f3n como \u2018pin parental\u2019. As\u00ed [&hellip;]<\/p>\n","protected":false},"author":1,"featured_media":0,"comment_status":"open","ping_status":"open","sticky":false,"template":"","format":"standard","meta":{"jetpack_post_was_ever_published":false,"_jetpack_newsletter_access":"","_jetpack_dont_email_post_to_subs":false,"_jetpack_newsletter_tier_id":0,"_jetpack_memberships_contains_paywalled_content":false,"_jetpack_memberships_contains_paid_content":false,"footnotes":""},"categories":[6],"tags":[18599,16883,18602,18601,18600,12861],"class_list":["post-28364","post","type-post","status-publish","format-standard","hentry","category-opinion","tag-ana-orantes","tag-extrema-derecha","tag-maltrato-machista","tag-observatorio-violencia-de-genero","tag-pin-parental","tag-violencia-machista"],"jetpack_featured_media_url":"","jetpack_sharing_enabled":true,"_links":{"self":[{"href":"https:\/\/www.granadablogs.com\/pateandoelmundo\/wp-json\/wp\/v2\/posts\/28364","targetHints":{"allow":["GET"]}}],"collection":[{"href":"https:\/\/www.granadablogs.com\/pateandoelmundo\/wp-json\/wp\/v2\/posts"}],"about":[{"href":"https:\/\/www.granadablogs.com\/pateandoelmundo\/wp-json\/wp\/v2\/types\/post"}],"author":[{"embeddable":true,"href":"https:\/\/www.granadablogs.com\/pateandoelmundo\/wp-json\/wp\/v2\/users\/1"}],"replies":[{"embeddable":true,"href":"https:\/\/www.granadablogs.com\/pateandoelmundo\/wp-json\/wp\/v2\/comments?post=28364"}],"version-history":[{"count":2,"href":"https:\/\/www.granadablogs.com\/pateandoelmundo\/wp-json\/wp\/v2\/posts\/28364\/revisions"}],"predecessor-version":[{"id":28368,"href":"https:\/\/www.granadablogs.com\/pateandoelmundo\/wp-json\/wp\/v2\/posts\/28364\/revisions\/28368"}],"wp:attachment":[{"href":"https:\/\/www.granadablogs.com\/pateandoelmundo\/wp-json\/wp\/v2\/media?parent=28364"}],"wp:term":[{"taxonomy":"category","embeddable":true,"href":"https:\/\/www.granadablogs.com\/pateandoelmundo\/wp-json\/wp\/v2\/categories?post=28364"},{"taxonomy":"post_tag","embeddable":true,"href":"https:\/\/www.granadablogs.com\/pateandoelmundo\/wp-json\/wp\/v2\/tags?post=28364"}],"curies":[{"name":"wp","href":"https:\/\/api.w.org\/{rel}","templated":true}]}}