{"id":28349,"date":"2019-12-19T15:04:34","date_gmt":"2019-12-19T14:04:34","guid":{"rendered":"https:\/\/www.granadablogs.com\/pateandoelmundo\/?p=28349"},"modified":"2019-12-19T15:04:34","modified_gmt":"2019-12-19T14:04:34","slug":"berlin-era-una-fiesta","status":"publish","type":"post","link":"https:\/\/www.granadablogs.com\/pateandoelmundo\/berlin-era-una-fiesta\/","title":{"rendered":"Berl\u00edn era una fiesta"},"content":{"rendered":"<p>Cuando viajo, me gusta llevar conmigo libros cuya acci\u00f3n transcurre en el lugar que voy a visitar. M\u00e1s all\u00e1 de las gu\u00edas de viajes y los temibles foros de internet, asomarme a ensayos hist\u00f3ricos y tramas de ficci\u00f3n me ayuda a contextualizar lo que veo, a ubicar en el tiempo y en el espacio las calles por las que camino, las plazas que recorro, los bares y caf\u00e9s en cuyas barras o terrazas me siento.<\/p>\n<p><a href=\"https:\/\/www.granadablogs.com\/pateandoelmundo\/berlin-era-una-fiesta\/berlin-json-lutes\/\" rel=\"attachment wp-att-28350\"><img loading=\"lazy\" decoding=\"async\" class=\"aligncenter size-medium wp-image-28350\" src=\"https:\/\/www.granadablogs.com\/pateandoelmundo\/wp-content\/uploads\/2019\/12\/Berl\u00edn-Json-Lutes-300x157.jpg\" alt=\"\" width=\"300\" height=\"157\" srcset=\"https:\/\/www.granadablogs.com\/pateandoelmundo\/wp-content\/uploads\/2019\/12\/Berl\u00edn-Json-Lutes-300x157.jpg 300w, https:\/\/www.granadablogs.com\/pateandoelmundo\/wp-content\/uploads\/2019\/12\/Berl\u00edn-Json-Lutes.jpg 600w\" sizes=\"auto, (max-width: 300px) 100vw, 300px\" \/><\/a><\/p>\n<p>Hace un par de meses estuve en Berl\u00edn, inspirado e impulsado por una m\u00edtica serie de televisi\u00f3n: \u2018Berlin Alexanderplatz\u2019, adaptaci\u00f3n de la novela escrita por Alfred D\u00f6blin en 1928. Para contextualizar el viaje, esta vez opt\u00e9 por un c\u00f3mic monumental, una arriesgada decisi\u00f3n\u2026 de la que no me arrepiento en absoluto.<\/p>\n<p>Los c\u00f3mics no suelen ser buen compa\u00f1eros de viaje. Son grandes, pesados y muy delicados. Soy de los que, antes de leer un tebeo, se lava las manos para que sus vi\u00f1etas no se queden siquiera impregnadas de una descuidada mancha de grasa. Y no me pongo guantes de forense de CSI para pasar sus p\u00e1ginas porque no quiero parecer el monje asesino de \u2018El nombre de la rosa\u2019.<\/p>\n<p><a href=\"https:\/\/www.granadablogs.com\/pateandoelmundo\/berlin-era-una-fiesta\/berlin-jesus-lens\/\" rel=\"attachment wp-att-28351\"><img loading=\"lazy\" decoding=\"async\" class=\"aligncenter size-medium wp-image-28351\" src=\"https:\/\/www.granadablogs.com\/pateandoelmundo\/wp-content\/uploads\/2019\/12\/Berl\u00edn-Jes\u00fas-Lens-95x300.jpg\" alt=\"\" width=\"95\" height=\"300\" srcset=\"https:\/\/www.granadablogs.com\/pateandoelmundo\/wp-content\/uploads\/2019\/12\/Berl\u00edn-Jes\u00fas-Lens-95x300.jpg 95w, https:\/\/www.granadablogs.com\/pateandoelmundo\/wp-content\/uploads\/2019\/12\/Berl\u00edn-Jes\u00fas-Lens.jpg 323w\" sizes=\"auto, (max-width: 95px) 100vw, 95px\" \/><\/a><\/p>\n<p>A la capital alemana, sin embargo, me llev\u00e9 los tres vol\u00famenes que componen una excepcional trilog\u00eda: \u2018Berl\u00edn\u2019, de Jason Lutes. Se trata de un monumento gr\u00e1fico de 500 p\u00e1ginas que su autor tard\u00f3 m\u00e1s de 20 a\u00f1os en completar. Publicados por la editorial Astiberri, los tres tomos de \u2018Berl\u00edn\u2019 son un abigarrado fresco dedicado a la Rep\u00fablica de Weimar, mostrando sus luces y sus sombras.<\/p>\n<p>La primera parte de la trilog\u00eda, \u2018Ciudad de piedras\u2019, cuenta el casual y afortunado encuentro en un tren, protagonizado por una chica joven que llega a Berl\u00edn, huyendo del rigorismo de su Colonia natal y de una familia convencional e intransigente; con un periodista de extracci\u00f3n trotskista que se encuentra en plena investigaci\u00f3n del rearme de Alemania.<\/p>\n<p><a href=\"https:\/\/www.granadablogs.com\/pateandoelmundo\/berlin-era-una-fiesta\/berlin-hitler\/\" rel=\"attachment wp-att-28352\"><img loading=\"lazy\" decoding=\"async\" class=\"aligncenter size-medium wp-image-28352\" src=\"https:\/\/www.granadablogs.com\/pateandoelmundo\/wp-content\/uploads\/2019\/12\/Berlin-Hitler-300x260.jpg\" alt=\"\" width=\"300\" height=\"260\" srcset=\"https:\/\/www.granadablogs.com\/pateandoelmundo\/wp-content\/uploads\/2019\/12\/Berlin-Hitler-300x260.jpg 300w, https:\/\/www.granadablogs.com\/pateandoelmundo\/wp-content\/uploads\/2019\/12\/Berlin-Hitler-768x666.jpg 768w, https:\/\/www.granadablogs.com\/pateandoelmundo\/wp-content\/uploads\/2019\/12\/Berlin-Hitler-644x558.jpg 644w, https:\/\/www.granadablogs.com\/pateandoelmundo\/wp-content\/uploads\/2019\/12\/Berlin-Hitler.jpg 1024w\" sizes=\"auto, (max-width: 300px) 100vw, 300px\" \/><\/a><\/p>\n<p>Aunque Marthe y Kurt son las piezas angulares sobre las que se construye \u2018Berl\u00edn\u2019, lo mejor de la trilog\u00eda de Lutes es el protagonismo coral de varias decenas de personajes, desde los compa\u00f1eros y compa\u00f1eras de Marthe en la escuela de arte en la que ingresa a los m\u00fasicos de jazz norteamericanos que andan de gira por el Viejo Continente.<\/p>\n<p>O esa familia que, alegor\u00eda de la propia Alemania, est\u00e1 compuesta por una madre que se inclina hacia el comunismo y un padre cuyas veleidades ideol\u00f3gicas le llevan hacia el nacional-socialismo. Una fractura que sufrir\u00e1n en sus carnes sus propios hijos, en una de las derivas m\u00e1s dram\u00e1ticas de esta prodigiosa novela gr\u00e1fica.<\/p>\n<p>El primer tomo de \u2018Berl\u00edn\u2019 se cierra con la manifestaci\u00f3n del 1 de mayo de 1929 en la que la polic\u00eda de la Rep\u00fablica carg\u00f3 contra los manifestantes, dejando a su paso un reguero de sangre y muerte. Este episodio, que tambi\u00e9n ten\u00eda enorme protagonismo en la serie \u2018Babylon Berl\u00edn\u2019, marc\u00f3 un antes y un despu\u00e9s en la trayectoria pol\u00edtica de Alemania y Lutes le concede la importancia que se merece.<\/p>\n<p><a href=\"https:\/\/www.granadablogs.com\/pateandoelmundo\/berlin-era-una-fiesta\/berlin-comunista\/\" rel=\"attachment wp-att-28353\"><img loading=\"lazy\" decoding=\"async\" class=\"aligncenter size-medium wp-image-28353\" src=\"https:\/\/www.granadablogs.com\/pateandoelmundo\/wp-content\/uploads\/2019\/12\/Berl\u00edn-comunista-225x300.jpg\" alt=\"\" width=\"225\" height=\"300\" srcset=\"https:\/\/www.granadablogs.com\/pateandoelmundo\/wp-content\/uploads\/2019\/12\/Berl\u00edn-comunista-225x300.jpg 225w, https:\/\/www.granadablogs.com\/pateandoelmundo\/wp-content\/uploads\/2019\/12\/Berl\u00edn-comunista-768x1026.jpg 768w, https:\/\/www.granadablogs.com\/pateandoelmundo\/wp-content\/uploads\/2019\/12\/Berl\u00edn-comunista-644x861.jpg 644w, https:\/\/www.granadablogs.com\/pateandoelmundo\/wp-content\/uploads\/2019\/12\/Berl\u00edn-comunista.jpg 898w\" sizes=\"auto, (max-width: 225px) 100vw, 225px\" \/><\/a><\/p>\n<p>Adem\u00e1s de los grandes momentos hist\u00f3ricos, Lutes describe un sinf\u00edn de aspectos de la intrahistoria del Berl\u00edn de Weimar, desde los ambientes bohemios y creativos y los encuentros clandestinos en clubes de transformismo a las fiestas de la jet set, repletas de drogas y org\u00edas sexuales. La vida de los barrios, la interacci\u00f3n de la comunidad, el pulso de la calle, los patios de las viviendas\u2026<\/p>\n<p><a href=\"https:\/\/www.granadablogs.com\/pateandoelmundo\/berlin-era-una-fiesta\/berlin-lutes\/\" rel=\"attachment wp-att-28356\"><img loading=\"lazy\" decoding=\"async\" class=\"aligncenter size-medium wp-image-28356\" src=\"https:\/\/www.granadablogs.com\/pateandoelmundo\/wp-content\/uploads\/2019\/12\/Berl\u00edn-Lutes-300x224.jpg\" alt=\"\" width=\"300\" height=\"224\" srcset=\"https:\/\/www.granadablogs.com\/pateandoelmundo\/wp-content\/uploads\/2019\/12\/Berl\u00edn-Lutes-300x224.jpg 300w, https:\/\/www.granadablogs.com\/pateandoelmundo\/wp-content\/uploads\/2019\/12\/Berl\u00edn-Lutes-768x574.jpg 768w, https:\/\/www.granadablogs.com\/pateandoelmundo\/wp-content\/uploads\/2019\/12\/Berl\u00edn-Lutes-644x482.jpg 644w, https:\/\/www.granadablogs.com\/pateandoelmundo\/wp-content\/uploads\/2019\/12\/Berl\u00edn-Lutes.jpg 984w\" sizes=\"auto, (max-width: 300px) 100vw, 300px\" \/><\/a><\/p>\n<p>Conoceremos el despertar sexual de Marthe y sufriremos con la espiral autodestructiva en la que entra Kurt, al ver c\u00f3mo sus ideales pol\u00edticos se van derrumbando poco a poco. La libertad de prensa libre enfrentada al poder de la oligarqu\u00eda y, siempre, la cada vez menos sutil amenaza de la extrema derecha, con las esv\u00e1sticas empezando a asomar en los brazos de lo que parecen unos pobres diablos.<\/p>\n<p>\u2018Ciudad de humo\u2019, el segundo tomo de la trilog\u00eda, arranca de nuevo en un tren, esta vez a ritmo jazz. Mucho jazz. Pero tambi\u00e9n mucha confusi\u00f3n, miedo y nihilismo. Porque la amenaza de lo que est\u00e1 por ocurrir en Berl\u00edn cada vez resulta m\u00e1s palmaria. De ser una fiesta, Berl\u00edn empieza a ser una tragedia.<\/p>\n<p><a href=\"https:\/\/www.granadablogs.com\/pateandoelmundo\/berlin-era-una-fiesta\/berlin-cabaret\/\" rel=\"attachment wp-att-28354\"><img loading=\"lazy\" decoding=\"async\" class=\"aligncenter size-medium wp-image-28354\" src=\"https:\/\/www.granadablogs.com\/pateandoelmundo\/wp-content\/uploads\/2019\/12\/Berl\u00edn-cabaret-300x200.jpg\" alt=\"\" width=\"300\" height=\"200\" srcset=\"https:\/\/www.granadablogs.com\/pateandoelmundo\/wp-content\/uploads\/2019\/12\/Berl\u00edn-cabaret-300x200.jpg 300w, https:\/\/www.granadablogs.com\/pateandoelmundo\/wp-content\/uploads\/2019\/12\/Berl\u00edn-cabaret.jpg 540w\" sizes=\"auto, (max-width: 300px) 100vw, 300px\" \/><\/a><\/p>\n<p>Diez a\u00f1os m\u00e1s tard\u00f3 Lutes, complet\u00f3 su trilog\u00eda. En total, un proceso creativo de m\u00e1s de dos d\u00e9cadas. En 2018 aparec\u00eda \u2018Ciudad de luz\u2019. En este caso, el que viaja en tren es un tipo enclenque, de cabellos morenos y rid\u00edculo bigotito. El sol inunda Alexanderplatz, pero nada bueno se atisba en el horizonte. Comienza la persecuci\u00f3n de los jud\u00edos, con un anticuario al que ya conocimos antes, situado en el ojo del hurac\u00e1n. La persecuci\u00f3n de los comunistas, tambi\u00e9n. Y de los homosexuales. Y de los artistas.<\/p>\n<p><a href=\"https:\/\/www.granadablogs.com\/pateandoelmundo\/berlin-era-una-fiesta\/berlin-hitler-2\/\" rel=\"attachment wp-att-28355\"><img loading=\"lazy\" decoding=\"async\" class=\"aligncenter size-medium wp-image-28355\" src=\"https:\/\/www.granadablogs.com\/pateandoelmundo\/wp-content\/uploads\/2019\/12\/Berl\u00edn-Hitler-233x300.jpg\" alt=\"\" width=\"233\" height=\"300\" srcset=\"https:\/\/www.granadablogs.com\/pateandoelmundo\/wp-content\/uploads\/2019\/12\/Berl\u00edn-Hitler-233x300.jpg 233w, https:\/\/www.granadablogs.com\/pateandoelmundo\/wp-content\/uploads\/2019\/12\/Berl\u00edn-Hitler-768x988.jpg 768w, https:\/\/www.granadablogs.com\/pateandoelmundo\/wp-content\/uploads\/2019\/12\/Berl\u00edn-Hitler-644x828.jpg 644w, https:\/\/www.granadablogs.com\/pateandoelmundo\/wp-content\/uploads\/2019\/12\/Berl\u00edn-Hitler.jpg 1592w\" sizes=\"auto, (max-width: 233px) 100vw, 233px\" \/><\/a><\/p>\n<p>La vida de Kurt y Marthe se ver\u00e1 sacudida, esta vez de forma definitiva. El alcoholismo, la desesperanza, la rendici\u00f3n, la humillaci\u00f3n, el dolor\u2026 Conoceremos a gente que vive en las calles y a las pandillas de nazis que, ya sin disimulo, hostigan a todo el que es diferente. Entonces, Hindenburg encarga a Hitler la formaci\u00f3n de gobierno y \u2018Berl\u00edn\u2019 se termina, marcando el aut\u00e9ntico comienzo del fin.<\/p>\n<p>Jes\u00fas Lens<\/p>\n<p><a href=\"https:\/\/twitter.com\/Jesus_Lens\" target=\"_blank\" rel=\"attachment noopener wp-att-27689\"><img loading=\"lazy\" decoding=\"async\" class=\"size-full wp-image-27689 alignleft\" src=\"https:\/\/www.granadablogs.com\/pateandoelmundo\/wp-content\/uploads\/2019\/09\/0Twitter.jpg\" alt=\"\" width=\"196\" height=\"47\" \/><\/a><\/p>\n","protected":false},"excerpt":{"rendered":"<p>Cuando viajo, me gusta llevar conmigo libros cuya acci\u00f3n transcurre en el lugar que voy a visitar. M\u00e1s all\u00e1 de las gu\u00edas de viajes y los temibles foros de internet, asomarme a ensayos hist\u00f3ricos y tramas de ficci\u00f3n me ayuda a contextualizar lo que veo, a ubicar en el tiempo y en el espacio las [&hellip;]<\/p>\n","protected":false},"author":1,"featured_media":0,"comment_status":"open","ping_status":"open","sticky":false,"template":"","format":"standard","meta":{"jetpack_post_was_ever_published":false,"_jetpack_newsletter_access":"","_jetpack_dont_email_post_to_subs":false,"_jetpack_newsletter_tier_id":0,"_jetpack_memberships_contains_paywalled_content":false,"_jetpack_memberships_contains_paid_content":false,"footnotes":""},"categories":[11774,19],"tags":[3076,15617,1979,18595,18596,18594,11776,18593,14348],"class_list":["post-28349","post","type-post","status-publish","format-standard","hentry","category-rincon-oscuro","category-tebeos","tag-astiberri","tag-babylon-berlin","tag-berlin","tag-berlin-astiberri","tag-berlin-lens","tag-berlin-lutes","tag-el-rincon-oscuro","tag-jason-lutes","tag-viajes-jesus-lens"],"jetpack_featured_media_url":"","jetpack_sharing_enabled":true,"_links":{"self":[{"href":"https:\/\/www.granadablogs.com\/pateandoelmundo\/wp-json\/wp\/v2\/posts\/28349","targetHints":{"allow":["GET"]}}],"collection":[{"href":"https:\/\/www.granadablogs.com\/pateandoelmundo\/wp-json\/wp\/v2\/posts"}],"about":[{"href":"https:\/\/www.granadablogs.com\/pateandoelmundo\/wp-json\/wp\/v2\/types\/post"}],"author":[{"embeddable":true,"href":"https:\/\/www.granadablogs.com\/pateandoelmundo\/wp-json\/wp\/v2\/users\/1"}],"replies":[{"embeddable":true,"href":"https:\/\/www.granadablogs.com\/pateandoelmundo\/wp-json\/wp\/v2\/comments?post=28349"}],"version-history":[{"count":2,"href":"https:\/\/www.granadablogs.com\/pateandoelmundo\/wp-json\/wp\/v2\/posts\/28349\/revisions"}],"predecessor-version":[{"id":28358,"href":"https:\/\/www.granadablogs.com\/pateandoelmundo\/wp-json\/wp\/v2\/posts\/28349\/revisions\/28358"}],"wp:attachment":[{"href":"https:\/\/www.granadablogs.com\/pateandoelmundo\/wp-json\/wp\/v2\/media?parent=28349"}],"wp:term":[{"taxonomy":"category","embeddable":true,"href":"https:\/\/www.granadablogs.com\/pateandoelmundo\/wp-json\/wp\/v2\/categories?post=28349"},{"taxonomy":"post_tag","embeddable":true,"href":"https:\/\/www.granadablogs.com\/pateandoelmundo\/wp-json\/wp\/v2\/tags?post=28349"}],"curies":[{"name":"wp","href":"https:\/\/api.w.org\/{rel}","templated":true}]}}