{"id":28337,"date":"2019-12-16T06:24:43","date_gmt":"2019-12-16T05:24:43","guid":{"rendered":"https:\/\/www.granadablogs.com\/pateandoelmundo\/?p=28337"},"modified":"2019-12-15T20:30:46","modified_gmt":"2019-12-15T19:30:46","slug":"ceipso-como-cerrar-institutos","status":"publish","type":"post","link":"https:\/\/www.granadablogs.com\/pateandoelmundo\/ceipso-como-cerrar-institutos\/","title":{"rendered":"CEIPSO: C\u00f3mo cerrar institutos"},"content":{"rendered":"<p>A Puri Manzano la conoc\u00ed en una charla que organiz\u00f3 la Feria del Libro, no recuerdo si hablando del Ripley de Patricia Highsmith o de la \u2018Canci\u00f3n dulce\u2019 de Leila Slimani. Fue una de las primeras en apuntarse al club de lectura que tenemos en Granada Noir y no ha fallado ni a una sesi\u00f3n.<\/p>\n<p><a href=\"https:\/\/www.granadablogs.com\/pateandoelmundo\/?attachment_id=28338\" rel=\"attachment wp-att-28338\"><img loading=\"lazy\" decoding=\"async\" class=\"aligncenter size-medium wp-image-28338\" src=\"https:\/\/www.granadablogs.com\/pateandoelmundo\/wp-content\/uploads\/2019\/12\/CEIPSO-300x185.jpg\" alt=\"\" width=\"300\" height=\"185\" srcset=\"https:\/\/www.granadablogs.com\/pateandoelmundo\/wp-content\/uploads\/2019\/12\/CEIPSO-300x185.jpg 300w, https:\/\/www.granadablogs.com\/pateandoelmundo\/wp-content\/uploads\/2019\/12\/CEIPSO-768x474.jpg 768w, https:\/\/www.granadablogs.com\/pateandoelmundo\/wp-content\/uploads\/2019\/12\/CEIPSO-644x397.jpg 644w, https:\/\/www.granadablogs.com\/pateandoelmundo\/wp-content\/uploads\/2019\/12\/CEIPSO.jpg 1248w\" sizes=\"auto, (max-width: 300px) 100vw, 300px\" \/><\/a><\/p>\n<p>El a\u00f1o pasado, volviendo al Zaid\u00edn en el 4, coincid\u00ed con Puri. Regresaba a su instituto, el Veleta, con la chavalada a la que da clase. Los \u2018hab\u00eda sacado por ah\u00ed\u2019, como a ella le gusta decir. Siempre que hemos tramado diferentes aventuras culturales hemos podido contar con el alumnado de Puri, que lo mismo asete\u00f3 a preguntas a Fernando Mar\u00edas, hablando sobre el libro de relatos para la igualdad que coordin\u00f3 para Anaya, que flip\u00f3 con la exposici\u00f3n dedicada a Blacksad.<\/p>\n<p>El pasado jueves, en la reuni\u00f3n mensual de nuestro club de lectura, Puri estaba distra\u00edda. Hab\u00eda llegado indignada a nuestra sede, en el 4U Hostel, y no intervino excesivamente en la tertulia literaria: acababa de saber que cierran su instituto.<\/p>\n<p><a href=\"https:\/\/www.granadablogs.com\/pateandoelmundo\/?attachment_id=28339\" rel=\"attachment wp-att-28339\"><img loading=\"lazy\" decoding=\"async\" class=\"aligncenter size-medium wp-image-28339\" src=\"https:\/\/www.granadablogs.com\/pateandoelmundo\/wp-content\/uploads\/2019\/12\/IES-Veleta-300x300.jpg\" alt=\"\" width=\"300\" height=\"300\" srcset=\"https:\/\/www.granadablogs.com\/pateandoelmundo\/wp-content\/uploads\/2019\/12\/IES-Veleta-300x300.jpg 300w, https:\/\/www.granadablogs.com\/pateandoelmundo\/wp-content\/uploads\/2019\/12\/IES-Veleta-150x150.jpg 150w, https:\/\/www.granadablogs.com\/pateandoelmundo\/wp-content\/uploads\/2019\/12\/IES-Veleta-768x768.jpg 768w, https:\/\/www.granadablogs.com\/pateandoelmundo\/wp-content\/uploads\/2019\/12\/IES-Veleta-644x644.jpg 644w, https:\/\/www.granadablogs.com\/pateandoelmundo\/wp-content\/uploads\/2019\/12\/IES-Veleta.jpg 1200w\" sizes=\"auto, (max-width: 300px) 100vw, 300px\" \/><\/a><\/p>\n<p>Me est\u00e1 costando trabajo entender el tinglado de Imbroda con lo de la reordenaci\u00f3n de la ense\u00f1anza. Cuando a los nuevos centros escolares refundidos se les pone un nombre como CEIPSO, la cosa resulta poco prometedora, la verdad. Y cuando los docentes se quejan de desinformaci\u00f3n, ocultismo, falta de transparencia o, en determinados casos, acusan a la administraci\u00f3n de mentirles a la cara; pinta peor a\u00fan.<\/p>\n<p>De momento, no se sabe c\u00f3mo se har\u00e1 la fusi\u00f3n en los CEIPSO ni c\u00f3mo afectar\u00e1 a los respectivos profesorados, equipos directivos y personal laboral. Por no hablar del futuro de los diferentes programas culturales implementados en los centros que se ver\u00e1n obligados a cerrar sus puertas.<\/p>\n<p>El pasado verano, el plan de refuerzo escolar impulsado por la consejer\u00eda de Educaci\u00f3n fue un fracaso: se ofertaron 100.000 plazas en Andaluc\u00eda y s\u00f3lo se inscribieron 2.144 alumnos. Imbroda adujo \u201cerrores de comunicaci\u00f3n\u201d. No parece que con esto de los CEIPSO la cosa haya mejorado un \u00e1pice. No podemos ser inmovilistas, cierto es. Pero en antiguo BUP aprendimos que algunos experimentos, mejor hacerlos con gaseosa.<\/p>\n<p>Jes\u00fas Lens<\/p>\n<p><a href=\"https:\/\/twitter.com\/Jesus_Lens\" target=\"_blank\" rel=\"attachment noopener wp-att-27689\"><img loading=\"lazy\" decoding=\"async\" class=\"size-full wp-image-27689 alignleft\" src=\"https:\/\/www.granadablogs.com\/pateandoelmundo\/wp-content\/uploads\/2019\/09\/0Twitter.jpg\" alt=\"\" width=\"196\" height=\"47\" \/><\/a><\/p>\n","protected":false},"excerpt":{"rendered":"<p>A Puri Manzano la conoc\u00ed en una charla que organiz\u00f3 la Feria del Libro, no recuerdo si hablando del Ripley de Patricia Highsmith o de la \u2018Canci\u00f3n dulce\u2019 de Leila Slimani. Fue una de las primeras en apuntarse al club de lectura que tenemos en Granada Noir y no ha fallado ni a una sesi\u00f3n. [&hellip;]<\/p>\n","protected":false},"author":1,"featured_media":0,"comment_status":"open","ping_status":"open","sticky":false,"template":"","format":"standard","meta":{"jetpack_post_was_ever_published":false,"_jetpack_newsletter_access":"","_jetpack_dont_email_post_to_subs":false,"_jetpack_newsletter_tier_id":0,"_jetpack_memberships_contains_paywalled_content":false,"_jetpack_memberships_contains_paid_content":false,"footnotes":""},"categories":[6],"tags":[18578,18577,18580,18579,18227],"class_list":["post-28337","post","type-post","status-publish","format-standard","hentry","category-opinion","tag-ceipso","tag-ensenanza","tag-ies-veleta","tag-institutos-cerrados","tag-puri-manzano"],"jetpack_featured_media_url":"","jetpack_sharing_enabled":true,"_links":{"self":[{"href":"https:\/\/www.granadablogs.com\/pateandoelmundo\/wp-json\/wp\/v2\/posts\/28337","targetHints":{"allow":["GET"]}}],"collection":[{"href":"https:\/\/www.granadablogs.com\/pateandoelmundo\/wp-json\/wp\/v2\/posts"}],"about":[{"href":"https:\/\/www.granadablogs.com\/pateandoelmundo\/wp-json\/wp\/v2\/types\/post"}],"author":[{"embeddable":true,"href":"https:\/\/www.granadablogs.com\/pateandoelmundo\/wp-json\/wp\/v2\/users\/1"}],"replies":[{"embeddable":true,"href":"https:\/\/www.granadablogs.com\/pateandoelmundo\/wp-json\/wp\/v2\/comments?post=28337"}],"version-history":[{"count":1,"href":"https:\/\/www.granadablogs.com\/pateandoelmundo\/wp-json\/wp\/v2\/posts\/28337\/revisions"}],"predecessor-version":[{"id":28340,"href":"https:\/\/www.granadablogs.com\/pateandoelmundo\/wp-json\/wp\/v2\/posts\/28337\/revisions\/28340"}],"wp:attachment":[{"href":"https:\/\/www.granadablogs.com\/pateandoelmundo\/wp-json\/wp\/v2\/media?parent=28337"}],"wp:term":[{"taxonomy":"category","embeddable":true,"href":"https:\/\/www.granadablogs.com\/pateandoelmundo\/wp-json\/wp\/v2\/categories?post=28337"},{"taxonomy":"post_tag","embeddable":true,"href":"https:\/\/www.granadablogs.com\/pateandoelmundo\/wp-json\/wp\/v2\/tags?post=28337"}],"curies":[{"name":"wp","href":"https:\/\/api.w.org\/{rel}","templated":true}]}}