{"id":28332,"date":"2019-12-15T20:22:38","date_gmt":"2019-12-15T19:22:38","guid":{"rendered":"https:\/\/www.granadablogs.com\/pateandoelmundo\/?p=28332"},"modified":"2019-12-15T20:22:38","modified_gmt":"2019-12-15T19:22:38","slug":"de-toda-la-vida","status":"publish","type":"post","link":"https:\/\/www.granadablogs.com\/pateandoelmundo\/de-toda-la-vida\/","title":{"rendered":"De toda la vida"},"content":{"rendered":"<p>Iba caminando por el Zaid\u00edn, pensando en mis cosas y ajeno a la realidad, cuando me sobresalt\u00f3 una presencia extra\u00f1a en la acera. Una chica iba a bordo de un patinete el\u00e9ctrico, sorteando viandantes. Lo que me llam\u00f3 la atenci\u00f3n, una vez repuesto del susto, es que el patinete llevaba asiento y la conductora iba sentada. Tuve una extra\u00f1a sensaci\u00f3n de <i>deja vu<\/i>. \u00bfD\u00f3nde hab\u00eda visto yo aquello antes? Me devan\u00e9 los sesos hasta que ca\u00ed en la cuenta: \u00a1una moto! Aquel artefacto infernal era muy parecido a una moto de las de toda la vida. Tanta evoluci\u00f3n y tanta modernidad para redescubrir el pasado.<\/p>\n<p><a href=\"https:\/\/www.granadablogs.com\/pateandoelmundo\/de-toda-la-vida\/de-toda-la-vida\/\" rel=\"attachment wp-att-28333\"><img loading=\"lazy\" decoding=\"async\" class=\"aligncenter size-medium wp-image-28333\" src=\"https:\/\/www.granadablogs.com\/pateandoelmundo\/wp-content\/uploads\/2019\/12\/De-toda-la-vida-186x300.jpg\" alt=\"\" width=\"186\" height=\"300\" srcset=\"https:\/\/www.granadablogs.com\/pateandoelmundo\/wp-content\/uploads\/2019\/12\/De-toda-la-vida-186x300.jpg 186w, https:\/\/www.granadablogs.com\/pateandoelmundo\/wp-content\/uploads\/2019\/12\/De-toda-la-vida-768x1239.jpg 768w, https:\/\/www.granadablogs.com\/pateandoelmundo\/wp-content\/uploads\/2019\/12\/De-toda-la-vida-644x1039.jpg 644w\" sizes=\"auto, (max-width: 186px) 100vw, 186px\" \/><\/a><\/p>\n<p>A aquellas alturas de mi caminata hab\u00eda llegado a los aleda\u00f1os de la antigua H\u00edpica. En este caso fue el sonido de una campana el que me sac\u00f3 de mis cuitas: se trataba de nuestro Metro en superficie, que se acercaba a la parada. Hay que reconocerle el m\u00e9rito al equipo de gobierno de Torres Hurtado. Gracias a su empe\u00f1o en soterrarlo a la altura del Camino de Ronda, podemos llamarle Metro, en propiedad, a lo que no es sino un tranv\u00eda. De los de toda la vida, tambi\u00e9n. Otro invento del pasado que ha vuelto con energ\u00edas renovadas.<\/p>\n<p>Llegu\u00e9 a casa, cog\u00ed el mando de la tele y puse Netflix, que estaba a mitad de una serie. Miniserie, en realidad. \u2018El esp\u00eda\u2019. Seis episodios de 45 minutos. Cada vez me gusta m\u00e1s ese formato de series cortas y autoconclusivas. En total, menos de 5 horas de metraje, algo muy de agradecer, que resulta complicado sacar tiempo para ver decenas de episodios de series con varias temporadas.<\/p>\n<p><a href=\"https:\/\/www.granadablogs.com\/pateandoelmundo\/de-toda-la-vida\/miniseries\/\" rel=\"attachment wp-att-28334\"><img loading=\"lazy\" decoding=\"async\" class=\"aligncenter size-medium wp-image-28334\" src=\"https:\/\/www.granadablogs.com\/pateandoelmundo\/wp-content\/uploads\/2019\/12\/Miniseries-300x176.jpg\" alt=\"\" width=\"300\" height=\"176\" srcset=\"https:\/\/www.granadablogs.com\/pateandoelmundo\/wp-content\/uploads\/2019\/12\/Miniseries-300x176.jpg 300w, https:\/\/www.granadablogs.com\/pateandoelmundo\/wp-content\/uploads\/2019\/12\/Miniseries-768x450.jpg 768w, https:\/\/www.granadablogs.com\/pateandoelmundo\/wp-content\/uploads\/2019\/12\/Miniseries-644x377.jpg 644w, https:\/\/www.granadablogs.com\/pateandoelmundo\/wp-content\/uploads\/2019\/12\/Miniseries.jpg 990w\" sizes=\"auto, (max-width: 300px) 100vw, 300px\" \/><\/a><\/p>\n<p>En la ducha, d\u00e1ndole vueltas al tema, conclu\u00ed que lo ideal ser\u00edan microseries de 4 episodios de 30 minutos de duraci\u00f3n, para poder hacer un marat\u00f3n asumible y verlas del tir\u00f3n.<\/p>\n<p>Euf\u00f3rico con mi hallazgo, se lo coment\u00e9 a Mar\u00eda Jes\u00fas durante la cena. Su reacci\u00f3n matem\u00e1tica me dej\u00f3 desconcertado:<\/p>\n<p>\u2014Cuatro episodios de media hora son dos horas, \u00bfno?<\/p>\n<p>\u2014\u00a1Eso es! \u00bfNo es una duraci\u00f3n magn\u00edfica?<\/p>\n<p>\u2014Claro. B\u00e1sicamente, la duraci\u00f3n est\u00e1ndar de las pel\u00edculas. De toda la vida.<\/p>\n<p>Jes\u00fas Lens<\/p>\n<p><a href=\"https:\/\/twitter.com\/Jesus_Lens\" target=\"_blank\" rel=\"attachment noopener wp-att-27689\"><img loading=\"lazy\" decoding=\"async\" class=\"size-full wp-image-27689 alignleft\" src=\"https:\/\/www.granadablogs.com\/pateandoelmundo\/wp-content\/uploads\/2019\/09\/0Twitter.jpg\" alt=\"\" width=\"196\" height=\"47\" \/><\/a><\/p>\n","protected":false},"excerpt":{"rendered":"<p>Iba caminando por el Zaid\u00edn, pensando en mis cosas y ajeno a la realidad, cuando me sobresalt\u00f3 una presencia extra\u00f1a en la acera. Una chica iba a bordo de un patinete el\u00e9ctrico, sorteando viandantes. Lo que me llam\u00f3 la atenci\u00f3n, una vez repuesto del susto, es que el patinete llevaba asiento y la conductora iba [&hellip;]<\/p>\n","protected":false},"author":1,"featured_media":0,"comment_status":"open","ping_status":"open","sticky":false,"template":"","format":"standard","meta":{"jetpack_post_was_ever_published":false,"_jetpack_newsletter_access":"","_jetpack_dont_email_post_to_subs":false,"_jetpack_newsletter_tier_id":0,"_jetpack_memberships_contains_paywalled_content":false,"_jetpack_memberships_contains_paid_content":false,"footnotes":""},"categories":[6],"tags":[18574,18575,18572,18573,66,18576],"class_list":["post-28332","post","type-post","status-publish","format-standard","hentry","category-opinion","tag-de-toda-la-vida","tag-la-vida-la-misma","tag-miniseries","tag-patinetes","tag-peliculas","tag-verdad-maria-jesus"],"jetpack_featured_media_url":"","jetpack_sharing_enabled":true,"_links":{"self":[{"href":"https:\/\/www.granadablogs.com\/pateandoelmundo\/wp-json\/wp\/v2\/posts\/28332","targetHints":{"allow":["GET"]}}],"collection":[{"href":"https:\/\/www.granadablogs.com\/pateandoelmundo\/wp-json\/wp\/v2\/posts"}],"about":[{"href":"https:\/\/www.granadablogs.com\/pateandoelmundo\/wp-json\/wp\/v2\/types\/post"}],"author":[{"embeddable":true,"href":"https:\/\/www.granadablogs.com\/pateandoelmundo\/wp-json\/wp\/v2\/users\/1"}],"replies":[{"embeddable":true,"href":"https:\/\/www.granadablogs.com\/pateandoelmundo\/wp-json\/wp\/v2\/comments?post=28332"}],"version-history":[{"count":2,"href":"https:\/\/www.granadablogs.com\/pateandoelmundo\/wp-json\/wp\/v2\/posts\/28332\/revisions"}],"predecessor-version":[{"id":28336,"href":"https:\/\/www.granadablogs.com\/pateandoelmundo\/wp-json\/wp\/v2\/posts\/28332\/revisions\/28336"}],"wp:attachment":[{"href":"https:\/\/www.granadablogs.com\/pateandoelmundo\/wp-json\/wp\/v2\/media?parent=28332"}],"wp:term":[{"taxonomy":"category","embeddable":true,"href":"https:\/\/www.granadablogs.com\/pateandoelmundo\/wp-json\/wp\/v2\/categories?post=28332"},{"taxonomy":"post_tag","embeddable":true,"href":"https:\/\/www.granadablogs.com\/pateandoelmundo\/wp-json\/wp\/v2\/tags?post=28332"}],"curies":[{"name":"wp","href":"https:\/\/api.w.org\/{rel}","templated":true}]}}