{"id":28277,"date":"2019-12-10T06:15:29","date_gmt":"2019-12-10T05:15:29","guid":{"rendered":"https:\/\/www.granadablogs.com\/pateandoelmundo\/?p=28277"},"modified":"2019-12-09T18:18:50","modified_gmt":"2019-12-09T17:18:50","slug":"la-torre-del-pisa","status":"publish","type":"post","link":"https:\/\/www.granadablogs.com\/pateandoelmundo\/la-torre-del-pisa\/","title":{"rendered":"La Torre del PISA"},"content":{"rendered":"<p>Han salido los resultados del PISA y esa torre que es la educaci\u00f3n de nuestros j\u00f3venes se muestra m\u00e1s tambaleante que nunca, sobre todo en Andaluc\u00eda, donde los alumnos muestran una tendencia a la baja en matem\u00e1ticas y en ciencia. Teniendo en cuenta que Espa\u00f1a est\u00e1 por debajo de la media de los pa\u00edses de la OCDE, lo de Andaluc\u00eda resulta especialmente preocupante.<\/p>\n<p><a href=\"https:\/\/www.granadablogs.com\/pateandoelmundo\/?attachment_id=28278\" rel=\"attachment wp-att-28278\"><img loading=\"lazy\" decoding=\"async\" class=\"aligncenter size-medium wp-image-28278\" src=\"https:\/\/www.granadablogs.com\/pateandoelmundo\/wp-content\/uploads\/2019\/12\/Informe-PISA-300x169.jpg\" alt=\"\" width=\"300\" height=\"169\" srcset=\"https:\/\/www.granadablogs.com\/pateandoelmundo\/wp-content\/uploads\/2019\/12\/Informe-PISA-300x169.jpg 300w, https:\/\/www.granadablogs.com\/pateandoelmundo\/wp-content\/uploads\/2019\/12\/Informe-PISA.jpg 574w\" sizes=\"auto, (max-width: 300px) 100vw, 300px\" \/><\/a><\/p>\n<p>Estos \u00faltimos d\u00edas, decenas de opinadores han mostrado su honda preocupaci\u00f3n por los problemas de escolarizaci\u00f3n de una ni\u00f1a sueca de cuyo nombre no quiero acordarme. \u00bfQu\u00e9 tal si, una vez mediada la Cumbre del Clima, empezamos a preocuparnos, de verdad, por los acuciantes problemas escolares de nuestro entorno?<\/p>\n<p>Por ejemplo, la pamema del biling\u00fcismo. El nivel de ingl\u00e9s de los profesores y alumnos de nuestros centros escolares es muy bajo. Y con el supuesto biling\u00fcismo, se resiente el aprendizaje de las matem\u00e1ticas, las ciencias y otras asignaturas impartidas en el lenguaje de Shakespeare.<\/p>\n<p>\u00bfDe verdad le preocupa a usted el nivel de ingl\u00e9s y franc\u00e9s de sus hijos? Pues apl\u00edquese el cuento y, en casa, ponga Netflix en versi\u00f3n original con subt\u00edtulos. Por sistema. D\u00e9jelo as\u00ed programado. Ver las series en su idioma original es lo mejor que har\u00e1 usted por la educaci\u00f3n de sus hijos. Al menos, en lo que a los idiomas se refiere. \u00bfQue le resulta inc\u00f3modo o molesto tener que leer en pantalla? Mala suerte. Es un peaje no excesivamente costoso para que sus v\u00e1stagos dominen otras lenguas.<\/p>\n<p><a href=\"https:\/\/www.granadablogs.com\/pateandoelmundo\/?attachment_id=28279\" rel=\"attachment wp-att-28279\"><img loading=\"lazy\" decoding=\"async\" class=\"aligncenter size-medium wp-image-28279\" src=\"https:\/\/www.granadablogs.com\/pateandoelmundo\/wp-content\/uploads\/2019\/12\/Netflix-versi\u00f3n-original-300x182.jpg\" alt=\"\" width=\"300\" height=\"182\" srcset=\"https:\/\/www.granadablogs.com\/pateandoelmundo\/wp-content\/uploads\/2019\/12\/Netflix-versi\u00f3n-original-300x182.jpg 300w, https:\/\/www.granadablogs.com\/pateandoelmundo\/wp-content\/uploads\/2019\/12\/Netflix-versi\u00f3n-original-644x390.jpg 644w, https:\/\/www.granadablogs.com\/pateandoelmundo\/wp-content\/uploads\/2019\/12\/Netflix-versi\u00f3n-original.jpg 660w\" sizes=\"auto, (max-width: 300px) 100vw, 300px\" \/><\/a><\/p>\n<p>En esto del biling\u00fcismo, Netflix puede ser de mucha m\u00e1s utilidad que a\u00f1os y a\u00f1os de fallidos programas docentes cogidos con pinzas y m\u00e1s forzados que las felicitaciones navide\u00f1as a esos madrugadores vecinos tan propensos al bricolaje de fin de semana.<\/p>\n<p>El consejero de Educaci\u00f3n de la Junta de Andaluc\u00eda, Javier Imbroda, ha reconocido que tenemos un problema en nuestro sistema educativo. Que se acometer\u00e1n reformas, cambios para revertir estos resultados. Imbroda se\u00f1ala que ya se han sentado las bases para mejorar las marcas de los alumnos. Habr\u00e1 que ser pacientes, a la espera de que esas bases sostengan la nueva Torre del PISA andaluz de forma menos vacilante que las pasadas.<\/p>\n<p>Jes\u00fas Lens<\/p>\n<p><a href=\"https:\/\/twitter.com\/Jesus_Lens\" target=\"_blank\" rel=\"attachment noopener wp-att-27689\"><img loading=\"lazy\" decoding=\"async\" class=\"size-full wp-image-27689 alignleft\" src=\"https:\/\/www.granadablogs.com\/pateandoelmundo\/wp-content\/uploads\/2019\/09\/0Twitter.jpg\" alt=\"\" width=\"196\" height=\"47\" \/><\/a><\/p>\n","protected":false},"excerpt":{"rendered":"<p>Han salido los resultados del PISA y esa torre que es la educaci\u00f3n de nuestros j\u00f3venes se muestra m\u00e1s tambaleante que nunca, sobre todo en Andaluc\u00eda, donde los alumnos muestran una tendencia a la baja en matem\u00e1ticas y en ciencia. Teniendo en cuenta que Espa\u00f1a est\u00e1 por debajo de la media de los pa\u00edses de [&hellip;]<\/p>\n","protected":false},"author":1,"featured_media":0,"comment_status":"open","ping_status":"open","sticky":false,"template":"","format":"standard","meta":{"jetpack_post_was_ever_published":false,"_jetpack_newsletter_access":"","_jetpack_dont_email_post_to_subs":false,"_jetpack_newsletter_tier_id":0,"_jetpack_memberships_contains_paywalled_content":false,"_jetpack_memberships_contains_paid_content":false,"footnotes":""},"categories":[6],"tags":[18531,9259,13591,18529,18530,18528],"class_list":["post-28277","post","type-post","status-publish","format-standard","hentry","category-opinion","tag-ensenanza-bilingue","tag-informe-pisa","tag-informe-pisa-andalucia","tag-netflix-version-original","tag-torre-del-pisa","tag-version-original"],"jetpack_featured_media_url":"","jetpack_sharing_enabled":true,"_links":{"self":[{"href":"https:\/\/www.granadablogs.com\/pateandoelmundo\/wp-json\/wp\/v2\/posts\/28277","targetHints":{"allow":["GET"]}}],"collection":[{"href":"https:\/\/www.granadablogs.com\/pateandoelmundo\/wp-json\/wp\/v2\/posts"}],"about":[{"href":"https:\/\/www.granadablogs.com\/pateandoelmundo\/wp-json\/wp\/v2\/types\/post"}],"author":[{"embeddable":true,"href":"https:\/\/www.granadablogs.com\/pateandoelmundo\/wp-json\/wp\/v2\/users\/1"}],"replies":[{"embeddable":true,"href":"https:\/\/www.granadablogs.com\/pateandoelmundo\/wp-json\/wp\/v2\/comments?post=28277"}],"version-history":[{"count":1,"href":"https:\/\/www.granadablogs.com\/pateandoelmundo\/wp-json\/wp\/v2\/posts\/28277\/revisions"}],"predecessor-version":[{"id":28280,"href":"https:\/\/www.granadablogs.com\/pateandoelmundo\/wp-json\/wp\/v2\/posts\/28277\/revisions\/28280"}],"wp:attachment":[{"href":"https:\/\/www.granadablogs.com\/pateandoelmundo\/wp-json\/wp\/v2\/media?parent=28277"}],"wp:term":[{"taxonomy":"category","embeddable":true,"href":"https:\/\/www.granadablogs.com\/pateandoelmundo\/wp-json\/wp\/v2\/categories?post=28277"},{"taxonomy":"post_tag","embeddable":true,"href":"https:\/\/www.granadablogs.com\/pateandoelmundo\/wp-json\/wp\/v2\/tags?post=28277"}],"curies":[{"name":"wp","href":"https:\/\/api.w.org\/{rel}","templated":true}]}}