{"id":28271,"date":"2019-12-08T18:13:06","date_gmt":"2019-12-08T17:13:06","guid":{"rendered":"https:\/\/www.granadablogs.com\/pateandoelmundo\/?p=28271"},"modified":"2019-12-09T18:13:26","modified_gmt":"2019-12-09T17:13:26","slug":"el-amor-lorquiano","status":"publish","type":"post","link":"https:\/\/www.granadablogs.com\/pateandoelmundo\/el-amor-lorquiano\/","title":{"rendered":"El amor lorquiano"},"content":{"rendered":"<p>El pasado mi\u00e9rcoles, disfrutando con el periodista y novelista V\u00edctor Amela de los proverbiales croquetones de \u2018Los Manueles\u2019, hablamos sobre la exposici\u00f3n del Centro Lorca dedicada al amor en la vida y en la obra del universal autor granadino. V\u00edctor ha venido a presentar la edici\u00f3n de bolsillo de \u2018Yo pude salvar a Lorca\u2019 y, como tiene una agenda complicada, que anda de gira por La Alpujarra; me preguntaba si merec\u00eda la pena.<\/p>\n<p><a href=\"https:\/\/www.granadablogs.com\/pateandoelmundo\/el-amor-lorquiano\/lorca-y-el-amor\/\" rel=\"attachment wp-att-28272\"><img loading=\"lazy\" decoding=\"async\" class=\"aligncenter size-medium wp-image-28272\" src=\"https:\/\/www.granadablogs.com\/pateandoelmundo\/wp-content\/uploads\/2019\/12\/Lorca-y-el-amor-300x208.jpg\" alt=\"\" width=\"300\" height=\"208\" srcset=\"https:\/\/www.granadablogs.com\/pateandoelmundo\/wp-content\/uploads\/2019\/12\/Lorca-y-el-amor-300x208.jpg 300w, https:\/\/www.granadablogs.com\/pateandoelmundo\/wp-content\/uploads\/2019\/12\/Lorca-y-el-amor.jpg 530w\" sizes=\"auto, (max-width: 300px) 100vw, 300px\" \/><\/a><\/p>\n<p>\u201cTotal y absolutamente\u201d, le dije. \u201cEs maravillosa. Est\u00e1 inmejorablemente concebida y la parte final, con la carta enviada a su \u00faltimo amor, Juan Ram\u00edrez de Lucas, El Rubio de Albacete, es sobrecogedora y emocionante. No te la pierdas\u201d.<\/p>\n<p>Estoy seguro de que V\u00edctor se las habr\u00e1 ingeniado para ver \u2018Jard\u00edn deshecho. Lorca y el amor\u2019, la muestra comisariada por Christopher Maurer. Como lo estoy de que le tiene que haber gustado, s\u00ed o tambi\u00e9n.<\/p>\n<p>\u00bfHan pasado ustedes por el Centro Lorca y se han sumergido en el universo amoroso de Federico? Miren que apenas queda un mes para que termine la muestra\u2026 Ojo: no se trata de una exposici\u00f3n espectacular, repleta de brillantes instalaciones y apabullantes audiovisuales. Es una muestra \u00edntima en la que hay cartas, libros, dedicatorias, fotograf\u00edas, dibujos y fragmentos de la obra de Lorca en la que el amor \u2014y el desamor\u2014 es el gran protagonista. Del amor plat\u00f3nico al rom\u00e1ntico. Y el deseo, ese deseo carnal y t\u00f3rrido sobre el que tantas veces se pasa de puntillas.<\/p>\n<p><a href=\"https:\/\/www.granadablogs.com\/pateandoelmundo\/el-amor-lorquiano\/lorca-y-el-amor-dibujo\/\" rel=\"attachment wp-att-28273\"><img loading=\"lazy\" decoding=\"async\" class=\"aligncenter size-medium wp-image-28273\" src=\"https:\/\/www.granadablogs.com\/pateandoelmundo\/wp-content\/uploads\/2019\/12\/Lorca-y-el-amor-dibujo-225x300.jpg\" alt=\"\" width=\"225\" height=\"300\" srcset=\"https:\/\/www.granadablogs.com\/pateandoelmundo\/wp-content\/uploads\/2019\/12\/Lorca-y-el-amor-dibujo-225x300.jpg 225w, https:\/\/www.granadablogs.com\/pateandoelmundo\/wp-content\/uploads\/2019\/12\/Lorca-y-el-amor-dibujo.jpg 623w\" sizes=\"auto, (max-width: 225px) 100vw, 225px\" \/><\/a><\/p>\n<p>A finales del a\u00f1o pasado, cuando trabaj\u00e1bamos en la propuesta para el espect\u00e1culo veraniego del Generalife, comenzamos con una frase que, a la postre, fue afortunada: \u201cFederico am\u00f3 durante toda su vida. Am\u00f3 mucho, a muchas personas y de maneras muy diferentes. Am\u00f3 torrencialmente y am\u00f3 sin l\u00edmites ni mesura. Federico tambi\u00e9n busc\u00f3 que le amasen, que le quisiesen. Por todo ello, el amor es uno de los temas esenciales en su obra y representar el amor lorquiano es devolverle la vida Federico, una y otra vez, hacer que siga habitando en nuestros corazones\u201d. <a href=\"https:\/\/www.granadablogs.com\/pateandoelmundo\/lorca-un-mar-de-suenos\/\" target=\"_blank\" rel=\"noopener\">Aqu\u00ed<\/a> lo contamos.<\/p>\n<p><a href=\"https:\/\/www.granadablogs.com\/pateandoelmundo\/el-amor-lorquiano\/lorca-y-la-pasion\/\" rel=\"attachment wp-att-28274\"><img loading=\"lazy\" decoding=\"async\" class=\"aligncenter size-medium wp-image-28274\" src=\"https:\/\/www.granadablogs.com\/pateandoelmundo\/wp-content\/uploads\/2019\/12\/Lorca-y-la-pasi\u00f3n-211x300.jpg\" alt=\"\" width=\"211\" height=\"300\" srcset=\"https:\/\/www.granadablogs.com\/pateandoelmundo\/wp-content\/uploads\/2019\/12\/Lorca-y-la-pasi\u00f3n-211x300.jpg 211w, https:\/\/www.granadablogs.com\/pateandoelmundo\/wp-content\/uploads\/2019\/12\/Lorca-y-la-pasi\u00f3n-644x914.jpg 644w, https:\/\/www.granadablogs.com\/pateandoelmundo\/wp-content\/uploads\/2019\/12\/Lorca-y-la-pasi\u00f3n.jpg 724w\" sizes=\"auto, (max-width: 211px) 100vw, 211px\" \/><\/a><\/p>\n<p>2019 pasar\u00e1 a la historia por ser el de la pasi\u00f3n y el amor lorquianos. Disfruten de ello en la exposici\u00f3n del Centro de la Romanilla. Es una gozada.<\/p>\n<p>Jes\u00fas Lens<\/p>\n<p><a href=\"https:\/\/twitter.com\/Jesus_Lens\" target=\"_blank\" rel=\"attachment noopener wp-att-27689\"><img loading=\"lazy\" decoding=\"async\" class=\"size-full wp-image-27689 alignleft\" src=\"https:\/\/www.granadablogs.com\/pateandoelmundo\/wp-content\/uploads\/2019\/09\/0Twitter.jpg\" alt=\"\" width=\"196\" height=\"47\" \/><\/a><\/p>\n","protected":false},"excerpt":{"rendered":"<p>El pasado mi\u00e9rcoles, disfrutando con el periodista y novelista V\u00edctor Amela de los proverbiales croquetones de \u2018Los Manueles\u2019, hablamos sobre la exposici\u00f3n del Centro Lorca dedicada al amor en la vida y en la obra del universal autor granadino. V\u00edctor ha venido a presentar la edici\u00f3n de bolsillo de \u2018Yo pude salvar a Lorca\u2019 y, [&hellip;]<\/p>\n","protected":false},"author":1,"featured_media":0,"comment_status":"open","ping_status":"open","sticky":false,"template":"","format":"standard","meta":{"jetpack_post_was_ever_published":false,"_jetpack_newsletter_access":"","_jetpack_dont_email_post_to_subs":false,"_jetpack_newsletter_tier_id":0,"_jetpack_memberships_contains_paywalled_content":false,"_jetpack_memberships_contains_paid_content":false,"footnotes":""},"categories":[6],"tags":[18526,18525,18527,17725,17204],"class_list":["post-28271","post","type-post","status-publish","format-standard","hentry","category-opinion","tag-amor-de-lorca","tag-amor-lorquiano","tag-lorca-y-el-rubio","tag-lorca-y-la-pasion","tag-victor-amela"],"jetpack_featured_media_url":"","jetpack_sharing_enabled":true,"_links":{"self":[{"href":"https:\/\/www.granadablogs.com\/pateandoelmundo\/wp-json\/wp\/v2\/posts\/28271","targetHints":{"allow":["GET"]}}],"collection":[{"href":"https:\/\/www.granadablogs.com\/pateandoelmundo\/wp-json\/wp\/v2\/posts"}],"about":[{"href":"https:\/\/www.granadablogs.com\/pateandoelmundo\/wp-json\/wp\/v2\/types\/post"}],"author":[{"embeddable":true,"href":"https:\/\/www.granadablogs.com\/pateandoelmundo\/wp-json\/wp\/v2\/users\/1"}],"replies":[{"embeddable":true,"href":"https:\/\/www.granadablogs.com\/pateandoelmundo\/wp-json\/wp\/v2\/comments?post=28271"}],"version-history":[{"count":2,"href":"https:\/\/www.granadablogs.com\/pateandoelmundo\/wp-json\/wp\/v2\/posts\/28271\/revisions"}],"predecessor-version":[{"id":28276,"href":"https:\/\/www.granadablogs.com\/pateandoelmundo\/wp-json\/wp\/v2\/posts\/28271\/revisions\/28276"}],"wp:attachment":[{"href":"https:\/\/www.granadablogs.com\/pateandoelmundo\/wp-json\/wp\/v2\/media?parent=28271"}],"wp:term":[{"taxonomy":"category","embeddable":true,"href":"https:\/\/www.granadablogs.com\/pateandoelmundo\/wp-json\/wp\/v2\/categories?post=28271"},{"taxonomy":"post_tag","embeddable":true,"href":"https:\/\/www.granadablogs.com\/pateandoelmundo\/wp-json\/wp\/v2\/tags?post=28271"}],"curies":[{"name":"wp","href":"https:\/\/api.w.org\/{rel}","templated":true}]}}