{"id":28147,"date":"2019-11-17T18:30:32","date_gmt":"2019-11-17T17:30:32","guid":{"rendered":"https:\/\/www.granadablogs.com\/pateandoelmundo\/?p=28147"},"modified":"2019-11-24T18:33:04","modified_gmt":"2019-11-24T17:33:04","slug":"el-genio-de-sergio-garcia","status":"publish","type":"post","link":"https:\/\/www.granadablogs.com\/pateandoelmundo\/el-genio-de-sergio-garcia\/","title":{"rendered":"El genio de Sergio Garc\u00eda"},"content":{"rendered":"<p>Seguir las cuentas en redes sociales de Sergio Garc\u00eda, excepcional dibujante e ilustrador granadino y profesor de la UGR, es un no parar. Un no parar de felicitaciones, que a mitad de octubre ganaba el premio NH de ilustraci\u00f3n y un mes despu\u00e9s se ha hecho con el premio APIM 2019. La Asociaci\u00f3n Profesional de Ilustradores de Madrid le ha concedido su galard\u00f3n de ilustraci\u00f3n a la categor\u00eda nacional, nada menos.<\/p>\n<p><a href=\"https:\/\/www.granadablogs.com\/pateandoelmundo\/el-genio-de-sergio-garcia\/sergio-garcia-moby-dick\/\" rel=\"attachment wp-att-28148\"><img loading=\"lazy\" decoding=\"async\" class=\"aligncenter size-medium wp-image-28148\" src=\"https:\/\/www.granadablogs.com\/pateandoelmundo\/wp-content\/uploads\/2019\/11\/Sergio-garc\u00eda-moby-dick-300x300.jpg\" alt=\"\" width=\"300\" height=\"300\" srcset=\"https:\/\/www.granadablogs.com\/pateandoelmundo\/wp-content\/uploads\/2019\/11\/Sergio-garc\u00eda-moby-dick-300x300.jpg 300w, https:\/\/www.granadablogs.com\/pateandoelmundo\/wp-content\/uploads\/2019\/11\/Sergio-garc\u00eda-moby-dick-150x150.jpg 150w, https:\/\/www.granadablogs.com\/pateandoelmundo\/wp-content\/uploads\/2019\/11\/Sergio-garc\u00eda-moby-dick-768x768.jpg 768w, https:\/\/www.granadablogs.com\/pateandoelmundo\/wp-content\/uploads\/2019\/11\/Sergio-garc\u00eda-moby-dick-644x644.jpg 644w, https:\/\/www.granadablogs.com\/pateandoelmundo\/wp-content\/uploads\/2019\/11\/Sergio-garc\u00eda-moby-dick.jpg 980w\" sizes=\"auto, (max-width: 300px) 100vw, 300px\" \/><\/a><\/p>\n<p>Me acordaba de Sergio hace unos d\u00edas, durante una visita guiada a la reci\u00e9n terminada exposici\u00f3n de Blacksad. Les iba contando a un grupo de estudiantes del IES Veleta alguna cosillas sobre la magna obra de Juan D\u00edaz Canales y Juanjo Guarnido cuando Puri Manzano, su inquieta profesora, me coment\u00f3 que una de sus alumnas, Rokhaya Vilane, es una excelente dibujante. Hablando con ella, me dijo que su objetivo es cursar estudios en Bellas Artes. Autom\u00e1ticamente pens\u00e9 que ojal\u00e1 tenga como profesor a Sergio, uno de los dibujantes m\u00e1s revolucionarios de Europa.<\/p>\n<p>Hace unos meses, con \u2018Vi\u00f1etas desbordadas\u2019, su pionera y visionaria exposici\u00f3n compartida con Max y Ana Merino en el Centro Jos\u00e9 Guerrero, arras\u00f3. Y su obra, que se publica en el suplemento literario del prestigios\u00edsimo The New York Times, es revolucionaria, diferente y novedosa. Busquen en las redes, por ejemplo, su compilaci\u00f3n de Alicia en el pa\u00eds de las maravillas o de Moby Dick. Pero h\u00e1ganlo cuando tengan tiempo por delante para disfrutar con detenimiento de cada uno de sus detalles, que cuenta las historias completas en abigarradas ilustraciones compresivas.<\/p>\n<p><a href=\"https:\/\/www.granadablogs.com\/pateandoelmundo\/el-genio-de-sergio-garcia\/sergio-garcia-cuerpo\/\" rel=\"attachment wp-att-28149\"><img loading=\"lazy\" decoding=\"async\" class=\"aligncenter size-medium wp-image-28149\" src=\"https:\/\/www.granadablogs.com\/pateandoelmundo\/wp-content\/uploads\/2019\/11\/Sergio-Garc\u00eda-Cuerpo-300x213.jpg\" alt=\"\" width=\"300\" height=\"213\" srcset=\"https:\/\/www.granadablogs.com\/pateandoelmundo\/wp-content\/uploads\/2019\/11\/Sergio-Garc\u00eda-Cuerpo-300x213.jpg 300w, https:\/\/www.granadablogs.com\/pateandoelmundo\/wp-content\/uploads\/2019\/11\/Sergio-Garc\u00eda-Cuerpo.jpg 580w\" sizes=\"auto, (max-width: 300px) 100vw, 300px\" \/><\/a><\/p>\n<p>Ver trabajar a Sergio con su iPad es un disfrute, que hablamos de uno de los dibujantes m\u00e1s r\u00e1pidos al oeste del Pecos. O del Genil, que para algo estamos en Granada. Y si quieren tener el objeto f\u00edsico en sus manos, compren \u2018Cuerpos del delito. Por el humo se sabe d\u00f3nde est\u00e1 el fuego\u2019, al alim\u00f3n con Antonio Altarriba y publicada por Dibbuks. Se trata de una genialidad basada en el sitio de Sarajevo que form\u00f3 parte de la exposici\u00f3n \u2018Rueda de reconocimiento\u2019, organizada por Granada Noir y La Madraza de la UGR.<\/p>\n<p>Jes\u00fas Lens<\/p>\n<p><a href=\"https:\/\/twitter.com\/Jesus_Lens\" target=\"_blank\" rel=\"attachment noopener wp-att-27689\"><img loading=\"lazy\" decoding=\"async\" class=\"size-full wp-image-27689 alignleft\" src=\"https:\/\/www.granadablogs.com\/pateandoelmundo\/wp-content\/uploads\/2019\/09\/0Twitter.jpg\" alt=\"\" width=\"196\" height=\"47\" \/><\/a><\/p>\n<p>&nbsp;<\/p>\n","protected":false},"excerpt":{"rendered":"<p>Seguir las cuentas en redes sociales de Sergio Garc\u00eda, excepcional dibujante e ilustrador granadino y profesor de la UGR, es un no parar. Un no parar de felicitaciones, que a mitad de octubre ganaba el premio NH de ilustraci\u00f3n y un mes despu\u00e9s se ha hecho con el premio APIM 2019. La Asociaci\u00f3n Profesional de [&hellip;]<\/p>\n","protected":false},"author":1,"featured_media":0,"comment_status":"open","ping_status":"open","sticky":false,"template":"","format":"standard","meta":{"jetpack_post_was_ever_published":false,"_jetpack_newsletter_access":"","_jetpack_dont_email_post_to_subs":false,"_jetpack_newsletter_tier_id":0,"_jetpack_memberships_contains_paywalled_content":false,"_jetpack_memberships_contains_paid_content":false,"footnotes":""},"categories":[6,19],"tags":[15576,16860,18443,18442],"class_list":["post-28147","post","type-post","status-publish","format-standard","hentry","category-opinion","category-tebeos","tag-la-madraza-ugr","tag-ricardo-anguita","tag-sergio-garcia-comic","tag-sergio-garcia-dibujante"],"jetpack_featured_media_url":"","jetpack_sharing_enabled":true,"_links":{"self":[{"href":"https:\/\/www.granadablogs.com\/pateandoelmundo\/wp-json\/wp\/v2\/posts\/28147","targetHints":{"allow":["GET"]}}],"collection":[{"href":"https:\/\/www.granadablogs.com\/pateandoelmundo\/wp-json\/wp\/v2\/posts"}],"about":[{"href":"https:\/\/www.granadablogs.com\/pateandoelmundo\/wp-json\/wp\/v2\/types\/post"}],"author":[{"embeddable":true,"href":"https:\/\/www.granadablogs.com\/pateandoelmundo\/wp-json\/wp\/v2\/users\/1"}],"replies":[{"embeddable":true,"href":"https:\/\/www.granadablogs.com\/pateandoelmundo\/wp-json\/wp\/v2\/comments?post=28147"}],"version-history":[{"count":2,"href":"https:\/\/www.granadablogs.com\/pateandoelmundo\/wp-json\/wp\/v2\/posts\/28147\/revisions"}],"predecessor-version":[{"id":28151,"href":"https:\/\/www.granadablogs.com\/pateandoelmundo\/wp-json\/wp\/v2\/posts\/28147\/revisions\/28151"}],"wp:attachment":[{"href":"https:\/\/www.granadablogs.com\/pateandoelmundo\/wp-json\/wp\/v2\/media?parent=28147"}],"wp:term":[{"taxonomy":"category","embeddable":true,"href":"https:\/\/www.granadablogs.com\/pateandoelmundo\/wp-json\/wp\/v2\/categories?post=28147"},{"taxonomy":"post_tag","embeddable":true,"href":"https:\/\/www.granadablogs.com\/pateandoelmundo\/wp-json\/wp\/v2\/tags?post=28147"}],"curies":[{"name":"wp","href":"https:\/\/api.w.org\/{rel}","templated":true}]}}