{"id":28015,"date":"2019-11-03T14:39:15","date_gmt":"2019-11-03T13:39:15","guid":{"rendered":"https:\/\/www.granadablogs.com\/pateandoelmundo\/?p=28015"},"modified":"2019-11-03T14:39:15","modified_gmt":"2019-11-03T13:39:15","slug":"blacksad-y-el-buscon","status":"publish","type":"post","link":"https:\/\/www.granadablogs.com\/pateandoelmundo\/blacksad-y-el-buscon\/","title":{"rendered":"Blacksad y el Busc\u00f3n"},"content":{"rendered":"<p>Estoy aprovechando este fin de semana largo para entregarme a ese yo cultureta que, con el jaleo del d\u00eda a d\u00eda, tengo aletargado. Jornadas tranquilas y morosas para disfrutar del Festival de Jazz, de tantos libros y tebeos acumulados, del cine pendiente y de la oferta expositiva de Granada.<\/p>\n<p><a href=\"https:\/\/www.granadablogs.com\/pateandoelmundo\/blacksad-y-el-buscon\/blacksad-y-el-buscon\/\" rel=\"attachment wp-att-28016\"><img loading=\"lazy\" decoding=\"async\" class=\"aligncenter size-medium wp-image-28016\" src=\"https:\/\/www.granadablogs.com\/pateandoelmundo\/wp-content\/uploads\/2019\/11\/Blacksad-y-el-Busc\u00f3n-157x300.jpg\" alt=\"\" width=\"157\" height=\"300\" srcset=\"https:\/\/www.granadablogs.com\/pateandoelmundo\/wp-content\/uploads\/2019\/11\/Blacksad-y-el-Busc\u00f3n-157x300.jpg 157w, https:\/\/www.granadablogs.com\/pateandoelmundo\/wp-content\/uploads\/2019\/11\/Blacksad-y-el-Busc\u00f3n-768x1471.jpg 768w, https:\/\/www.granadablogs.com\/pateandoelmundo\/wp-content\/uploads\/2019\/11\/Blacksad-y-el-Busc\u00f3n-644x1233.jpg 644w, https:\/\/www.granadablogs.com\/pateandoelmundo\/wp-content\/uploads\/2019\/11\/Blacksad-y-el-Busc\u00f3n.jpg 1536w\" sizes=\"auto, (max-width: 157px) 100vw, 157px\" \/><\/a><\/p>\n<p>Les tengo que hablar de la exposici\u00f3n del Centro Lorca dedicada al amor en la vida y la obra de nuestro poeta m\u00e1s universal, pero hoy quiero recomendarles la exuberancia, el lujo de exposici\u00f3n dedicada a Blacksad, icono del c\u00f3mic internacional, que tenemos en cartel en el Centro Cultural de CajaGranada en Puerta Real y que volv\u00ed a ver ayer s\u00e1bado, sin prisas. Con atenci\u00f3n, tiempo y delectaci\u00f3n.<\/p>\n<p>Hablo en plural porque la exposici\u00f3n se encuadra en el marco de Granada Noir, tras varios meses de conversaciones con Juanjo Guarnido, uno de los padres de la criatura. Al principio nos planteamos seleccionar 20 o 25 p\u00e1ginas de la serie noir del gato detective y trabajar sobre su proceso creativo: guiones, bocetos, esbozos, trabajo de documentaci\u00f3n y resultado final.<\/p>\n<p><a href=\"https:\/\/www.granadablogs.com\/pateandoelmundo\/blacksad-y-el-buscon\/blacksad-proceso-creativo\/\" rel=\"attachment wp-att-28017\"><img loading=\"lazy\" decoding=\"async\" class=\"aligncenter size-medium wp-image-28017\" src=\"https:\/\/www.granadablogs.com\/pateandoelmundo\/wp-content\/uploads\/2019\/11\/Blacksad-proceso-creativo-225x300.jpg\" alt=\"\" width=\"225\" height=\"300\" srcset=\"https:\/\/www.granadablogs.com\/pateandoelmundo\/wp-content\/uploads\/2019\/11\/Blacksad-proceso-creativo-225x300.jpg 225w, https:\/\/www.granadablogs.com\/pateandoelmundo\/wp-content\/uploads\/2019\/11\/Blacksad-proceso-creativo-768x1024.jpg 768w, https:\/\/www.granadablogs.com\/pateandoelmundo\/wp-content\/uploads\/2019\/11\/Blacksad-proceso-creativo-644x859.jpg 644w\" sizes=\"auto, (max-width: 225px) 100vw, 225px\" \/><\/a><\/p>\n<p>Pero Juanjo estaba en plena efervescencia creativa, ultimando su \u00e1lbum sobre la historia del Busc\u00f3n en la Indias, y optamos por darle visibilidad al trabajo realizado por la inquieta empresa granadina Contempor\u00e1nea, que estaba girando una exposici\u00f3n dedicada a Blacksad por diversas ciudades espa\u00f1olas.<\/p>\n<p>\u2018Juanjo Guarnido. Blacksad. Alg\u00fan lugar entre las sombras\u2019 es una gozada, de principio a fin. Adem\u00e1s de algunas de las mejores p\u00e1ginas originales del tebeo, tambi\u00e9n hay mucho sobre el proceso creativo de las vi\u00f1etas y los personajes, algo que, para m\u00ed, tiene un valor incalculable.<\/p>\n<p><a href=\"https:\/\/www.granadablogs.com\/pateandoelmundo\/blacksad-y-el-buscon\/buscon-indias\/\" rel=\"attachment wp-att-28018\"><img loading=\"lazy\" decoding=\"async\" class=\"aligncenter size-medium wp-image-28018\" src=\"https:\/\/www.granadablogs.com\/pateandoelmundo\/wp-content\/uploads\/2019\/11\/Busc\u00f3n-Indias-300x134.jpg\" alt=\"\" width=\"300\" height=\"134\" srcset=\"https:\/\/www.granadablogs.com\/pateandoelmundo\/wp-content\/uploads\/2019\/11\/Busc\u00f3n-Indias-300x134.jpg 300w, https:\/\/www.granadablogs.com\/pateandoelmundo\/wp-content\/uploads\/2019\/11\/Busc\u00f3n-Indias-768x342.jpg 768w, https:\/\/www.granadablogs.com\/pateandoelmundo\/wp-content\/uploads\/2019\/11\/Busc\u00f3n-Indias-644x287.jpg 644w\" sizes=\"auto, (max-width: 300px) 100vw, 300px\" \/><\/a><\/p>\n<p>Pero es que, adem\u00e1s, y esto es un estreno mundial, tenemos expuestas diez p\u00e1ginas completas de esa obra maestra que es \u2018El Busc\u00f3n en las Indias\u2019, \u00e1lbum que ver\u00e1 la luz el pr\u00f3ximo 22 de noviembre en Espa\u00f1a, publicado por Norma.<\/p>\n<p><a href=\"https:\/\/www.granadablogs.com\/pateandoelmundo\/blacksad-y-el-buscon\/el-buscon-guarnido-2\/\" rel=\"attachment wp-att-28020\"><img loading=\"lazy\" decoding=\"async\" class=\"aligncenter size-medium wp-image-28020\" src=\"https:\/\/www.granadablogs.com\/pateandoelmundo\/wp-content\/uploads\/2019\/11\/El-Busc\u00f3n-Guarnido-1-250x300.jpg\" alt=\"\" width=\"250\" height=\"300\" srcset=\"https:\/\/www.granadablogs.com\/pateandoelmundo\/wp-content\/uploads\/2019\/11\/El-Busc\u00f3n-Guarnido-1-250x300.jpg 250w, https:\/\/www.granadablogs.com\/pateandoelmundo\/wp-content\/uploads\/2019\/11\/El-Busc\u00f3n-Guarnido-1-768x923.jpg 768w, https:\/\/www.granadablogs.com\/pateandoelmundo\/wp-content\/uploads\/2019\/11\/El-Busc\u00f3n-Guarnido-1-644x774.jpg 644w, https:\/\/www.granadablogs.com\/pateandoelmundo\/wp-content\/uploads\/2019\/11\/El-Busc\u00f3n-Guarnido-1.jpg 1703w\" sizes=\"auto, (max-width: 250px) 100vw, 250px\" \/><\/a><\/p>\n<p>Y cuando les digo que es una obra maestra no hablo por hablar ni de o\u00eddas. Ah\u00ed lo dejo\u2026 de momento. Vean la exposici\u00f3n de Blacksad y el Busc\u00f3n. Es de lo mejor y m\u00e1s excitante del a\u00f1o art\u00edstico granadino.<\/p>\n<p>Jes\u00fas Lens<\/p>\n<p><a href=\"https:\/\/twitter.com\/jesus_lens\" target=\"_blank\" rel=\"attachment noopener wp-att-27689\"><img loading=\"lazy\" decoding=\"async\" class=\"size-full wp-image-27689 alignleft\" src=\"https:\/\/www.granadablogs.com\/pateandoelmundo\/wp-content\/uploads\/2019\/09\/0Twitter.jpg\" alt=\"\" width=\"196\" height=\"47\" \/><\/a><\/p>\n","protected":false},"excerpt":{"rendered":"<p>Estoy aprovechando este fin de semana largo para entregarme a ese yo cultureta que, con el jaleo del d\u00eda a d\u00eda, tengo aletargado. Jornadas tranquilas y morosas para disfrutar del Festival de Jazz, de tantos libros y tebeos acumulados, del cine pendiente y de la oferta expositiva de Granada. Les tengo que hablar de la [&hellip;]<\/p>\n","protected":false},"author":1,"featured_media":0,"comment_status":"open","ping_status":"open","sticky":false,"template":"","format":"standard","meta":{"jetpack_post_was_ever_published":false,"_jetpack_newsletter_access":"","_jetpack_dont_email_post_to_subs":false,"_jetpack_newsletter_tier_id":0,"_jetpack_memberships_contains_paywalled_content":false,"_jetpack_memberships_contains_paid_content":false,"footnotes":""},"categories":[11144,19],"tags":[18352,2788,18355,18353,18354,10664,18322,3526],"class_list":["post-28015","post","type-post","status-publish","format-standard","hentry","category-granada-noir","category-tebeos","tag-blacjsad-guarnido","tag-blacksad","tag-blacksad-granada-noir","tag-buscon-en-las-indias","tag-buscon-guarnido","tag-cajagranada-fundacion","tag-centro-cultural-puerta-real","tag-norma-editorial"],"jetpack_featured_media_url":"","jetpack_sharing_enabled":true,"_links":{"self":[{"href":"https:\/\/www.granadablogs.com\/pateandoelmundo\/wp-json\/wp\/v2\/posts\/28015","targetHints":{"allow":["GET"]}}],"collection":[{"href":"https:\/\/www.granadablogs.com\/pateandoelmundo\/wp-json\/wp\/v2\/posts"}],"about":[{"href":"https:\/\/www.granadablogs.com\/pateandoelmundo\/wp-json\/wp\/v2\/types\/post"}],"author":[{"embeddable":true,"href":"https:\/\/www.granadablogs.com\/pateandoelmundo\/wp-json\/wp\/v2\/users\/1"}],"replies":[{"embeddable":true,"href":"https:\/\/www.granadablogs.com\/pateandoelmundo\/wp-json\/wp\/v2\/comments?post=28015"}],"version-history":[{"count":2,"href":"https:\/\/www.granadablogs.com\/pateandoelmundo\/wp-json\/wp\/v2\/posts\/28015\/revisions"}],"predecessor-version":[{"id":28022,"href":"https:\/\/www.granadablogs.com\/pateandoelmundo\/wp-json\/wp\/v2\/posts\/28015\/revisions\/28022"}],"wp:attachment":[{"href":"https:\/\/www.granadablogs.com\/pateandoelmundo\/wp-json\/wp\/v2\/media?parent=28015"}],"wp:term":[{"taxonomy":"category","embeddable":true,"href":"https:\/\/www.granadablogs.com\/pateandoelmundo\/wp-json\/wp\/v2\/categories?post=28015"},{"taxonomy":"post_tag","embeddable":true,"href":"https:\/\/www.granadablogs.com\/pateandoelmundo\/wp-json\/wp\/v2\/tags?post=28015"}],"curies":[{"name":"wp","href":"https:\/\/api.w.org\/{rel}","templated":true}]}}