{"id":27941,"date":"2019-10-23T05:09:50","date_gmt":"2019-10-23T04:09:50","guid":{"rendered":"https:\/\/www.granadablogs.com\/pateandoelmundo\/?p=27941"},"modified":"2019-10-22T19:13:31","modified_gmt":"2019-10-22T18:13:31","slug":"madrigal-crack","status":"publish","type":"post","link":"https:\/\/www.granadablogs.com\/pateandoelmundo\/madrigal-crack\/","title":{"rendered":"Madrigal Crack"},"content":{"rendered":"<p>Vean \u2018El crack cero\u2019 en el cine Madrigal. Vayan a verla al \u00fanico cine que, en Granada, sigue siendo un cine como los de antes, a la antigua usanza. Vayan a verla y disfruten de las maravillosas imperfecciones de una proyecci\u00f3n anal\u00f3gica, con sus chisporroteos de imagen y sonido.<\/p>\n<p><a href=\"https:\/\/www.granadablogs.com\/pateandoelmundo\/?attachment_id=27942\" rel=\"attachment wp-att-27942\"><img loading=\"lazy\" decoding=\"async\" class=\"aligncenter size-medium wp-image-27942\" src=\"https:\/\/www.granadablogs.com\/pateandoelmundo\/wp-content\/uploads\/2019\/10\/El-crack-cero-poster-300x275.jpg\" alt=\"\" width=\"300\" height=\"275\" srcset=\"https:\/\/www.granadablogs.com\/pateandoelmundo\/wp-content\/uploads\/2019\/10\/El-crack-cero-poster-300x275.jpg 300w, https:\/\/www.granadablogs.com\/pateandoelmundo\/wp-content\/uploads\/2019\/10\/El-crack-cero-poster-768x705.jpg 768w, https:\/\/www.granadablogs.com\/pateandoelmundo\/wp-content\/uploads\/2019\/10\/El-crack-cero-poster-644x591.jpg 644w, https:\/\/www.granadablogs.com\/pateandoelmundo\/wp-content\/uploads\/2019\/10\/El-crack-cero-poster.jpg 800w\" sizes=\"auto, (max-width: 300px) 100vw, 300px\" \/><\/a><\/p>\n<p>A Jos\u00e9 Luis Garci, que vuelve al cine por la puerta grande, le encantar\u00eda disfrutar de la proyecci\u00f3n en una sala emblem\u00e1tica como es el Madrigal, en pleno centro de la ciudad, con sus enormes cartelones, su diminuta taquilla y esas entradas sin numerar.<\/p>\n<p>\u2018El crack cero\u2019, como ocurre con buena parte de las \u00faltimas pel\u00edculas de Garci, es pura nostalgia. Una nostalgia que, en este caso, tiene todo el sentido. De ah\u00ed que verla en el Madrigal sirva para redondear la experiencia cin\u00e9fila.<\/p>\n<p>Me confieso admirador de Germ\u00e1n Areta, el improbable detective privado interpretado por Alfredo Landa en las dos primeras entregas de \u2018El crack\u2019, de 1981 y 1983. \u00bfQui\u00e9n se hubiera imaginado que Landa iba a resultar cre\u00edble como duro, seco y \u00e1spero sabueso? He visto los dos Cracks varias veces a lo largo de mi vida y siguen funcionando.<\/p>\n<p><a href=\"https:\/\/www.granadablogs.com\/pateandoelmundo\/?attachment_id=27943\" rel=\"attachment wp-att-27943\"><img loading=\"lazy\" decoding=\"async\" class=\"aligncenter size-medium wp-image-27943\" src=\"https:\/\/www.granadablogs.com\/pateandoelmundo\/wp-content\/uploads\/2019\/10\/El-crack-Garci-300x169.jpg\" alt=\"\" width=\"300\" height=\"169\" srcset=\"https:\/\/www.granadablogs.com\/pateandoelmundo\/wp-content\/uploads\/2019\/10\/El-crack-Garci-300x169.jpg 300w, https:\/\/www.granadablogs.com\/pateandoelmundo\/wp-content\/uploads\/2019\/10\/El-crack-Garci-768x432.jpg 768w, https:\/\/www.granadablogs.com\/pateandoelmundo\/wp-content\/uploads\/2019\/10\/El-crack-Garci-644x362.jpg 644w, https:\/\/www.granadablogs.com\/pateandoelmundo\/wp-content\/uploads\/2019\/10\/El-crack-Garci.jpg 1366w\" sizes=\"auto, (max-width: 300px) 100vw, 300px\" \/><\/a><\/p>\n<p>Por eso, cuando se anunci\u00f3 que Garci iba a retomar la saga en clave de precuela, di un salto de alegr\u00eda. Me gustan estos experimentos hist\u00f3rico-temporales en los que, m\u00e1s de 30 a\u00f1os despu\u00e9s, un cineasta vuelve a uno de sus personajes de cabecera y le construye una nueva historia.<\/p>\n<p>Disfruto yendo al cine para seguir el devenir de Rocky, Indiana Jones, Sarah Connor, Han Solo, Alien, Rick Deckard y la princesa Leila. Son personajes que forman parte de nuestra vida cin\u00e9fila, a menudo mucho m\u00e1s apasionante que la real. Que Germ\u00e1n Areta forme parte de esa estirpe me produce especial alegr\u00eda.<\/p>\n<p><a href=\"https:\/\/www.granadablogs.com\/pateandoelmundo\/?attachment_id=27944\" rel=\"attachment wp-att-27944\"><img loading=\"lazy\" decoding=\"async\" class=\"aligncenter size-medium wp-image-27944\" src=\"https:\/\/www.granadablogs.com\/pateandoelmundo\/wp-content\/uploads\/2019\/10\/Dekkard-time-300x150.jpg\" alt=\"\" width=\"300\" height=\"150\" srcset=\"https:\/\/www.granadablogs.com\/pateandoelmundo\/wp-content\/uploads\/2019\/10\/Dekkard-time-300x150.jpg 300w, https:\/\/www.granadablogs.com\/pateandoelmundo\/wp-content\/uploads\/2019\/10\/Dekkard-time.jpg 480w\" sizes=\"auto, (max-width: 300px) 100vw, 300px\" \/><\/a><\/p>\n<p>\u2018El crack cero\u2019 funciona magn\u00edficamente como precuela\u2026 y como historia independiente, con gui\u00f1os a cl\u00e1sicos del noir como \u2018El sue\u00f1o eterno\u2019 o \u2018Perdici\u00f3n\u2019, no en vano, est\u00e1 dedicada a James M. Cain. Incluso a \u2018Los cr\u00edmenes de la calle Morgue\u2019, cuento fundacional del g\u00e9nero negro. Un maravilloso viaje en el tiempo a un cine de otra \u00e9poca.<\/p>\n<p>Jes\u00fas Lens<\/p>\n<p><a href=\"https:\/\/twitter.com\/jesus_lens\" target=\"_blank\" rel=\"attachment noopener wp-att-27689\"><img loading=\"lazy\" decoding=\"async\" class=\"size-full wp-image-27689 alignleft\" src=\"https:\/\/www.granadablogs.com\/pateandoelmundo\/wp-content\/uploads\/2019\/09\/0Twitter.jpg\" alt=\"\" width=\"196\" height=\"47\" \/><\/a><\/p>\n","protected":false},"excerpt":{"rendered":"<p>Vean \u2018El crack cero\u2019 en el cine Madrigal. Vayan a verla al \u00fanico cine que, en Granada, sigue siendo un cine como los de antes, a la antigua usanza. Vayan a verla y disfruten de las maravillosas imperfecciones de una proyecci\u00f3n anal\u00f3gica, con sus chisporroteos de imagen y sonido. A Jos\u00e9 Luis Garci, que vuelve [&hellip;]<\/p>\n","protected":false},"author":1,"featured_media":0,"comment_status":"open","ping_status":"open","sticky":false,"template":"","format":"standard","meta":{"jetpack_post_was_ever_published":false,"_jetpack_newsletter_access":"","_jetpack_dont_email_post_to_subs":false,"_jetpack_newsletter_tier_id":0,"_jetpack_memberships_contains_paywalled_content":false,"_jetpack_memberships_contains_paid_content":false,"footnotes":""},"categories":[10,15507],"tags":[9139,18299,18297,9604,18298,18301,18300],"class_list":["post-27941","post","type-post","status-publish","format-standard","hentry","category-cine","category-viaje-en-el-tiempo","tag-cine-madrigal","tag-deckard","tag-el-crack-cero","tag-madrigal","tag-menos-mal-que-nos-queda-el-madrugar","tag-paso-del-tiempo-cine","tag-sagas"],"jetpack_featured_media_url":"","jetpack_sharing_enabled":true,"_links":{"self":[{"href":"https:\/\/www.granadablogs.com\/pateandoelmundo\/wp-json\/wp\/v2\/posts\/27941","targetHints":{"allow":["GET"]}}],"collection":[{"href":"https:\/\/www.granadablogs.com\/pateandoelmundo\/wp-json\/wp\/v2\/posts"}],"about":[{"href":"https:\/\/www.granadablogs.com\/pateandoelmundo\/wp-json\/wp\/v2\/types\/post"}],"author":[{"embeddable":true,"href":"https:\/\/www.granadablogs.com\/pateandoelmundo\/wp-json\/wp\/v2\/users\/1"}],"replies":[{"embeddable":true,"href":"https:\/\/www.granadablogs.com\/pateandoelmundo\/wp-json\/wp\/v2\/comments?post=27941"}],"version-history":[{"count":1,"href":"https:\/\/www.granadablogs.com\/pateandoelmundo\/wp-json\/wp\/v2\/posts\/27941\/revisions"}],"predecessor-version":[{"id":27945,"href":"https:\/\/www.granadablogs.com\/pateandoelmundo\/wp-json\/wp\/v2\/posts\/27941\/revisions\/27945"}],"wp:attachment":[{"href":"https:\/\/www.granadablogs.com\/pateandoelmundo\/wp-json\/wp\/v2\/media?parent=27941"}],"wp:term":[{"taxonomy":"category","embeddable":true,"href":"https:\/\/www.granadablogs.com\/pateandoelmundo\/wp-json\/wp\/v2\/categories?post=27941"},{"taxonomy":"post_tag","embeddable":true,"href":"https:\/\/www.granadablogs.com\/pateandoelmundo\/wp-json\/wp\/v2\/tags?post=27941"}],"curies":[{"name":"wp","href":"https:\/\/api.w.org\/{rel}","templated":true}]}}